{"id":8970,"date":"2025-04-30T09:34:38","date_gmt":"2025-04-30T12:34:38","guid":{"rendered":"https:\/\/www.sosunc.org.ar\/web\/?p=8970"},"modified":"2025-04-30T10:10:14","modified_gmt":"2025-04-30T13:10:14","slug":"obras-sociales-universitarias-en-emergencia","status":"publish","type":"post","link":"https:\/\/www.sosunc.org.ar\/web\/?p=8970","title":{"rendered":"Obras Sociales Universitarias en emergencia"},"content":{"rendered":"\n<h2 class=\"wp-block-heading has-text-color has-link-color wp-elements-d683a4699b23f3db6602290bcadb4409\" style=\"color:#01114c\"><strong>Obras Sociales Universitarias en emergencia<\/strong><\/h2>\n\n\n\n<p>Estimados afiliados\/as:<\/p>\n\n\n\n<p>Compartimos la declaraci\u00f3n de emergencia econ\u00f3mica y prestacional del Consejo Nacional de Obras Sociales Universitarias, del cual forma parte SOSUNC:<\/p>\n\n\n\n<blockquote class=\"wp-block-quote is-layout-flow wp-block-quote-is-layout-flow\">\n<p>\u201c<em>Las Obras Sociales Universitarias y los Institutos de Servicios Sociales Universitarios, reunidos en video asamblea extraordinaria el d\u00eda 19 de febrero de 2025, por unanimidad declaran la PR\u00d3RROGA de la EMERGENCIA ECON\u00d3MICA Y PRESTACIONAL de las mismas hasta el 31 de diciembre de 2025.<\/em><\/p>\n\n\n\n<p><em>La actual situaci\u00f3n econ\u00f3mica y financiera de la Rep\u00fablica Argentina, de alt\u00edsimo contenido cr\u00edtico, torna institucionalmente obligatorio instrumentar las herramientas necesarias y adecuadas para enfrentar la dif\u00edcil situaci\u00f3n que atraviesan las obras sociales en general y las OSU en particular.<\/em><\/p>\n\n\n\n<p><em>Las distintas OSU que conforman el COSUN ven con muchas preocupaci\u00f3n el congelamiento de paritarias que afecta directamente los ingresos genuinos en contraposici\u00f3n de un desmedido y descontrolado incremento en los valores de los prestadores y medicamentos.<\/em><\/p>\n\n\n\n<p><em>Sumado a ello, no se vislumbran pol\u00edticas p\u00fablicas claras con respecto al sistema de obras sociales, ya que desde la desregulaci\u00f3n instrumentada por Decreto 70\/23 se han introducido cambios estructurales, cuyo principal efecto es la constante y exponencial desfinanciaci\u00f3n de las obras sociales.<\/em><\/p>\n\n\n\n<p><em>En tal sentido, la situaci\u00f3n es cr\u00edtica pues&nbsp;<\/em><strong><em>est\u00e1 en riesgo cierto de que las OSU no puedan, en un futuro pr\u00f3ximo, afrontar el cumplimiento de las prestaciones a su cargo.<\/em><\/strong><em>&nbsp;La situaci\u00f3n imperante y la especial vulnerabilidad de nuestra poblaci\u00f3n beneficiaria, exigen adoptar urgentes medidas que optimicen la aplicaci\u00f3n de los escasos recursos y permitan garantizar las prestaciones b\u00e1sicas para toda la comunidad universitaria.<\/em><\/p>\n\n\n\n<p><em>En ese escenario, instamos a la comunidad Universitaria y en particular a sus autoridades a tomar conciencia del estado de situaci\u00f3n que, de continuar las pol\u00edticas implementadas en cuanto a lo que podemos definir como congelamiento de los salarios universitarios, la situaci\u00f3n continuar\u00e1 agrav\u00e1ndose.<\/em><\/p>\n\n\n\n<p><strong><em>En caso de continuar la crisis, COSUN definir\u00e1 las prestaciones esenciales que, por el lapso que dure la emergencia, brindar\u00e1n las OSU, con arreglo a sus recursos<\/em><\/strong><em>,&nbsp;<\/em><strong><em>a fin de no profundizar endeudamiento y deterioro institucional, con la finalidad de garantizar a sus beneficiarios los servicios esenciales para su vida y la atenci\u00f3n de sus enfermedades.<\/em><\/strong><\/p>\n\n\n\n<p><em>Que los principios b\u00e1sicos de solidaridad y equidad, exigen que los sacrificios impl\u00edcitos en las medidas que adoptan las OSU alcancen y sean compartidos adecuadamente por todos los sectores involucrados, adoptando las medidas que tiendan a evitar el detrimento patrimonial de los actores del Sistema de Salud.<\/em>\u201d<\/p>\n<\/blockquote>\n\n\n\n<p><\/p>\n\n\n\n<p><\/p>\n","protected":false},"excerpt":{"rendered":"<p>Obras Sociales Universitarias en emergencia Estimados afiliados\/as: Compartimos la declaraci\u00f3n de emergencia econ\u00f3mica y prestacional del Consejo Nacional de Obras Sociales Universitarias, del cual forma parte SOSUNC: \u201cLas Obras Sociales Universitarias y los Institutos de Servicios Sociales Universitarios, reunidos en video asamblea extraordinaria el d\u00eda 19 de febrero de 2025, por unanimidad declaran la PR\u00d3RROGA [&hellip;]<\/p>\n","protected":false},"author":3,"featured_media":8973,"comment_status":"closed","ping_status":"closed","sticky":false,"template":"","format":"standard","meta":{"_coblocks_attr":"","_coblocks_dimensions":"","_coblocks_responsive_height":"","_coblocks_accordion_ie_support":"","footnotes":""},"categories":[22],"tags":[347,364,365,159,366],"class_list":["post-8970","post","type-post","status-publish","format-standard","has-post-thumbnail","hentry","category-novedades-sosunc","tag-cosun","tag-declaracion","tag-economica","tag-emergencia","tag-prestacional"],"yoast_head":"<!-- This site is optimized with the Yoast SEO plugin v26.5 - https:\/\/yoast.com\/wordpress\/plugins\/seo\/ -->\n<title>Obras Sociales Universitarias en emergencia - SOSUNC<\/title>\n<meta name=\"robots\" content=\"index, follow, max-snippet:-1, max-image-preview:large, max-video-preview:-1\" \/>\n<link rel=\"canonical\" href=\"https:\/\/www.sosunc.org.ar\/web\/?p=8970\" \/>\n<meta property=\"og:locale\" content=\"es_ES\" \/>\n<meta property=\"og:type\" content=\"article\" \/>\n<meta property=\"og:title\" content=\"Obras Sociales Universitarias en emergencia - SOSUNC\" \/>\n<meta property=\"og:description\" content=\"Obras Sociales Universitarias en emergencia Estimados afiliados\/as: Compartimos la declaraci\u00f3n de emergencia econ\u00f3mica y prestacional del Consejo Nacional de Obras Sociales Universitarias, del cual forma parte SOSUNC: \u201cLas Obras Sociales Universitarias y los Institutos de Servicios Sociales Universitarios, reunidos en video asamblea extraordinaria el d\u00eda 19 de febrero de 2025, por unanimidad declaran la PR\u00d3RROGA [&hellip;]\" \/>\n<meta property=\"og:url\" content=\"https:\/\/www.sosunc.org.ar\/web\/?p=8970\" \/>\n<meta property=\"og:site_name\" content=\"SOSUNC\" \/>\n<meta property=\"article:publisher\" content=\"https:\/\/www.facebook.com\/sosunc.unco\" \/>\n<meta property=\"article:author\" content=\"https:\/\/www.facebook.com\/sosunc.unco\" \/>\n<meta property=\"article:published_time\" content=\"2025-04-30T12:34:38+00:00\" \/>\n<meta property=\"article:modified_time\" content=\"2025-04-30T13:10:14+00:00\" \/>\n<meta property=\"og:image\" content=\"http:\/\/192.9.200.18\/wordpress\/wp-content\/uploads\/2025\/04\/AFIL-Emergencia-COSUN.png\" \/>\n\t<meta property=\"og:image:width\" content=\"974\" \/>\n\t<meta property=\"og:image:height\" content=\"974\" \/>\n\t<meta property=\"og:image:type\" content=\"image\/png\" \/>\n<meta name=\"author\" content=\"Comunicaci\u00f3n SOSUNC\" \/>\n<meta name=\"twitter:card\" content=\"summary_large_image\" \/>\n<meta name=\"twitter:label1\" content=\"Escrito por\" \/>\n\t<meta name=\"twitter:data1\" content=\"Comunicaci\u00f3n SOSUNC\" \/>\n\t<meta name=\"twitter:label2\" content=\"Tiempo de lectura\" \/>\n\t<meta name=\"twitter:data2\" content=\"2 minutos\" \/>\n<script type=\"application\/ld+json\" class=\"yoast-schema-graph\">{\"@context\":\"https:\/\/schema.org\",\"@graph\":[{\"@type\":\"Article\",\"@id\":\"https:\/\/www.sosunc.org.ar\/web\/?p=8970#article\",\"isPartOf\":{\"@id\":\"https:\/\/www.sosunc.org.ar\/web\/?p=8970\"},\"author\":{\"name\":\"Comunicaci\u00f3n SOSUNC\",\"@id\":\"https:\/\/www.sosunc.org.ar\/web\/#\/schema\/person\/cb1a199a4e9d3cd4d50fe973caac0985\"},\"headline\":\"Obras Sociales Universitarias en emergencia\",\"datePublished\":\"2025-04-30T12:34:38+00:00\",\"dateModified\":\"2025-04-30T13:10:14+00:00\",\"mainEntityOfPage\":{\"@id\":\"https:\/\/www.sosunc.org.ar\/web\/?p=8970\"},\"wordCount\":440,\"publisher\":{\"@id\":\"https:\/\/www.sosunc.org.ar\/web\/#organization\"},\"image\":{\"@id\":\"https:\/\/www.sosunc.org.ar\/web\/?p=8970#primaryimage\"},\"thumbnailUrl\":\"https:\/\/192.9.200.18\/wordpress\/wp-content\/uploads\/2025\/04\/AFIL-Emergencia-COSUN.png\",\"keywords\":[\"COSUN\",\"declaraci\u00f3n\",\"econ\u00f3mica\",\"emergencia\",\"prestacional\"],\"articleSection\":[\"novedades-sosunc\"],\"inLanguage\":\"es-AR\"},{\"@type\":\"WebPage\",\"@id\":\"https:\/\/www.sosunc.org.ar\/web\/?p=8970\",\"url\":\"https:\/\/www.sosunc.org.ar\/web\/?p=8970\",\"name\":\"Obras Sociales Universitarias en emergencia - SOSUNC\",\"isPartOf\":{\"@id\":\"https:\/\/www.sosunc.org.ar\/web\/#website\"},\"primaryImageOfPage\":{\"@id\":\"https:\/\/www.sosunc.org.ar\/web\/?p=8970#primaryimage\"},\"image\":{\"@id\":\"https:\/\/www.sosunc.org.ar\/web\/?p=8970#primaryimage\"},\"thumbnailUrl\":\"https:\/\/192.9.200.18\/wordpress\/wp-content\/uploads\/2025\/04\/AFIL-Emergencia-COSUN.png\",\"datePublished\":\"2025-04-30T12:34:38+00:00\",\"dateModified\":\"2025-04-30T13:10:14+00:00\",\"breadcrumb\":{\"@id\":\"https:\/\/www.sosunc.org.ar\/web\/?p=8970#breadcrumb\"},\"inLanguage\":\"es-AR\",\"potentialAction\":[{\"@type\":\"ReadAction\",\"target\":[\"https:\/\/www.sosunc.org.ar\/web\/?p=8970\"]}]},{\"@type\":\"ImageObject\",\"inLanguage\":\"es-AR\",\"@id\":\"https:\/\/www.sosunc.org.ar\/web\/?p=8970#primaryimage\",\"url\":\"https:\/\/192.9.200.18\/wordpress\/wp-content\/uploads\/2025\/04\/AFIL-Emergencia-COSUN.png\",\"contentUrl\":\"https:\/\/192.9.200.18\/wordpress\/wp-content\/uploads\/2025\/04\/AFIL-Emergencia-COSUN.png\",\"width\":974,\"height\":974},{\"@type\":\"BreadcrumbList\",\"@id\":\"https:\/\/www.sosunc.org.ar\/web\/?p=8970#breadcrumb\",\"itemListElement\":[{\"@type\":\"ListItem\",\"position\":1,\"name\":\"Inicio\",\"item\":\"https:\/\/www.sosunc.org.ar\/web\/\"},{\"@type\":\"ListItem\",\"position\":2,\"name\":\"Obras Sociales Universitarias en emergencia\"}]},{\"@type\":\"WebSite\",\"@id\":\"https:\/\/www.sosunc.org.ar\/web\/#website\",\"url\":\"https:\/\/www.sosunc.org.ar\/web\/\",\"name\":\"SOSUNC\",\"description\":\"Servicio de Obra Social de la Universidad Nacional del Comahue\",\"publisher\":{\"@id\":\"https:\/\/www.sosunc.org.ar\/web\/#organization\"},\"potentialAction\":[{\"@type\":\"SearchAction\",\"target\":{\"@type\":\"EntryPoint\",\"urlTemplate\":\"https:\/\/www.sosunc.org.ar\/web\/?s={search_term_string}\"},\"query-input\":{\"@type\":\"PropertyValueSpecification\",\"valueRequired\":true,\"valueName\":\"search_term_string\"}}],\"inLanguage\":\"es-AR\"},{\"@type\":\"Organization\",\"@id\":\"https:\/\/www.sosunc.org.ar\/web\/#organization\",\"name\":\"Servicio de Obra Social Universidad Nacional del Comahue\",\"url\":\"https:\/\/www.sosunc.org.ar\/web\/\",\"logo\":{\"@type\":\"ImageObject\",\"inLanguage\":\"es-AR\",\"@id\":\"https:\/\/www.sosunc.org.ar\/web\/#\/schema\/logo\/image\/\",\"url\":\"https:\/\/192.9.200.18\/wordpress\/wp-content\/uploads\/2022\/06\/logososunc.png\",\"contentUrl\":\"https:\/\/192.9.200.18\/wordpress\/wp-content\/uploads\/2022\/06\/logososunc.png\",\"width\":333,\"height\":333,\"caption\":\"Servicio de Obra Social Universidad Nacional del Comahue\"},\"image\":{\"@id\":\"https:\/\/www.sosunc.org.ar\/web\/#\/schema\/logo\/image\/\"},\"sameAs\":[\"https:\/\/www.facebook.com\/sosunc.unco\"]},{\"@type\":\"Person\",\"@id\":\"https:\/\/www.sosunc.org.ar\/web\/#\/schema\/person\/cb1a199a4e9d3cd4d50fe973caac0985\",\"name\":\"Comunicaci\u00f3n SOSUNC\",\"image\":{\"@type\":\"ImageObject\",\"inLanguage\":\"es-AR\",\"@id\":\"https:\/\/www.sosunc.org.ar\/web\/#\/schema\/person\/image\/\",\"url\":\"https:\/\/secure.gravatar.com\/avatar\/4287850329e836b922e780de7b869301223afe7f2dc5f72c6b1f8d017d1b050b?s=96&d=mm&r=g\",\"contentUrl\":\"https:\/\/secure.gravatar.com\/avatar\/4287850329e836b922e780de7b869301223afe7f2dc5f72c6b1f8d017d1b050b?s=96&d=mm&r=g\",\"caption\":\"Comunicaci\u00f3n SOSUNC\"},\"sameAs\":[\"https:\/\/www.facebook.com\/sosunc.unco\",\"https:\/\/www.instagram.com\/sosunc.unco\/\"],\"url\":\"https:\/\/www.sosunc.org.ar\/web\/?author=3\"}]}<\/script>\n<!-- \/ Yoast SEO plugin. -->","yoast_head_json":{"title":"Obras Sociales Universitarias en emergencia - SOSUNC","robots":{"index":"index","follow":"follow","max-snippet":"max-snippet:-1","max-image-preview":"max-image-preview:large","max-video-preview":"max-video-preview:-1"},"canonical":"https:\/\/www.sosunc.org.ar\/web\/?p=8970","og_locale":"es_ES","og_type":"article","og_title":"Obras Sociales Universitarias en emergencia - SOSUNC","og_description":"Obras Sociales Universitarias en emergencia Estimados afiliados\/as: Compartimos la declaraci\u00f3n de emergencia econ\u00f3mica y prestacional del Consejo Nacional de Obras Sociales Universitarias, del cual forma parte SOSUNC: \u201cLas Obras Sociales Universitarias y los Institutos de Servicios Sociales Universitarios, reunidos en video asamblea extraordinaria el d\u00eda 19 de febrero de 2025, por unanimidad declaran la PR\u00d3RROGA [&hellip;]","og_url":"https:\/\/www.sosunc.org.ar\/web\/?p=8970","og_site_name":"SOSUNC","article_publisher":"https:\/\/www.facebook.com\/sosunc.unco","article_author":"https:\/\/www.facebook.com\/sosunc.unco","article_published_time":"2025-04-30T12:34:38+00:00","article_modified_time":"2025-04-30T13:10:14+00:00","og_image":[{"width":974,"height":974,"url":"http:\/\/192.9.200.18\/wordpress\/wp-content\/uploads\/2025\/04\/AFIL-Emergencia-COSUN.png","type":"image\/png"}],"author":"Comunicaci\u00f3n SOSUNC","twitter_card":"summary_large_image","twitter_misc":{"Escrito por":"Comunicaci\u00f3n SOSUNC","Tiempo de lectura":"2 minutos"},"schema":{"@context":"https:\/\/schema.org","@graph":[{"@type":"Article","@id":"https:\/\/www.sosunc.org.ar\/web\/?p=8970#article","isPartOf":{"@id":"https:\/\/www.sosunc.org.ar\/web\/?p=8970"},"author":{"name":"Comunicaci\u00f3n SOSUNC","@id":"https:\/\/www.sosunc.org.ar\/web\/#\/schema\/person\/cb1a199a4e9d3cd4d50fe973caac0985"},"headline":"Obras Sociales Universitarias en emergencia","datePublished":"2025-04-30T12:34:38+00:00","dateModified":"2025-04-30T13:10:14+00:00","mainEntityOfPage":{"@id":"https:\/\/www.sosunc.org.ar\/web\/?p=8970"},"wordCount":440,"publisher":{"@id":"https:\/\/www.sosunc.org.ar\/web\/#organization"},"image":{"@id":"https:\/\/www.sosunc.org.ar\/web\/?p=8970#primaryimage"},"thumbnailUrl":"https:\/\/192.9.200.18\/wordpress\/wp-content\/uploads\/2025\/04\/AFIL-Emergencia-COSUN.png","keywords":["COSUN","declaraci\u00f3n","econ\u00f3mica","emergencia","prestacional"],"articleSection":["novedades-sosunc"],"inLanguage":"es-AR"},{"@type":"WebPage","@id":"https:\/\/www.sosunc.org.ar\/web\/?p=8970","url":"https:\/\/www.sosunc.org.ar\/web\/?p=8970","name":"Obras Sociales Universitarias en emergencia - SOSUNC","isPartOf":{"@id":"https:\/\/www.sosunc.org.ar\/web\/#website"},"primaryImageOfPage":{"@id":"https:\/\/www.sosunc.org.ar\/web\/?p=8970#primaryimage"},"image":{"@id":"https:\/\/www.sosunc.org.ar\/web\/?p=8970#primaryimage"},"thumbnailUrl":"https:\/\/192.9.200.18\/wordpress\/wp-content\/uploads\/2025\/04\/AFIL-Emergencia-COSUN.png","datePublished":"2025-04-30T12:34:38+00:00","dateModified":"2025-04-30T13:10:14+00:00","breadcrumb":{"@id":"https:\/\/www.sosunc.org.ar\/web\/?p=8970#breadcrumb"},"inLanguage":"es-AR","potentialAction":[{"@type":"ReadAction","target":["https:\/\/www.sosunc.org.ar\/web\/?p=8970"]}]},{"@type":"ImageObject","inLanguage":"es-AR","@id":"https:\/\/www.sosunc.org.ar\/web\/?p=8970#primaryimage","url":"https:\/\/192.9.200.18\/wordpress\/wp-content\/uploads\/2025\/04\/AFIL-Emergencia-COSUN.png","contentUrl":"https:\/\/192.9.200.18\/wordpress\/wp-content\/uploads\/2025\/04\/AFIL-Emergencia-COSUN.png","width":974,"height":974},{"@type":"BreadcrumbList","@id":"https:\/\/www.sosunc.org.ar\/web\/?p=8970#breadcrumb","itemListElement":[{"@type":"ListItem","position":1,"name":"Inicio","item":"https:\/\/www.sosunc.org.ar\/web\/"},{"@type":"ListItem","position":2,"name":"Obras Sociales Universitarias en emergencia"}]},{"@type":"WebSite","@id":"https:\/\/www.sosunc.org.ar\/web\/#website","url":"https:\/\/www.sosunc.org.ar\/web\/","name":"SOSUNC","description":"Servicio de Obra Social de la Universidad Nacional del Comahue","publisher":{"@id":"https:\/\/www.sosunc.org.ar\/web\/#organization"},"potentialAction":[{"@type":"SearchAction","target":{"@type":"EntryPoint","urlTemplate":"https:\/\/www.sosunc.org.ar\/web\/?s={search_term_string}"},"query-input":{"@type":"PropertyValueSpecification","valueRequired":true,"valueName":"search_term_string"}}],"inLanguage":"es-AR"},{"@type":"Organization","@id":"https:\/\/www.sosunc.org.ar\/web\/#organization","name":"Servicio de Obra Social Universidad Nacional del Comahue","url":"https:\/\/www.sosunc.org.ar\/web\/","logo":{"@type":"ImageObject","inLanguage":"es-AR","@id":"https:\/\/www.sosunc.org.ar\/web\/#\/schema\/logo\/image\/","url":"https:\/\/192.9.200.18\/wordpress\/wp-content\/uploads\/2022\/06\/logososunc.png","contentUrl":"https:\/\/192.9.200.18\/wordpress\/wp-content\/uploads\/2022\/06\/logososunc.png","width":333,"height":333,"caption":"Servicio de Obra Social Universidad Nacional del Comahue"},"image":{"@id":"https:\/\/www.sosunc.org.ar\/web\/#\/schema\/logo\/image\/"},"sameAs":["https:\/\/www.facebook.com\/sosunc.unco"]},{"@type":"Person","@id":"https:\/\/www.sosunc.org.ar\/web\/#\/schema\/person\/cb1a199a4e9d3cd4d50fe973caac0985","name":"Comunicaci\u00f3n SOSUNC","image":{"@type":"ImageObject","inLanguage":"es-AR","@id":"https:\/\/www.sosunc.org.ar\/web\/#\/schema\/person\/image\/","url":"https:\/\/secure.gravatar.com\/avatar\/4287850329e836b922e780de7b869301223afe7f2dc5f72c6b1f8d017d1b050b?s=96&d=mm&r=g","contentUrl":"https:\/\/secure.gravatar.com\/avatar\/4287850329e836b922e780de7b869301223afe7f2dc5f72c6b1f8d017d1b050b?s=96&d=mm&r=g","caption":"Comunicaci\u00f3n SOSUNC"},"sameAs":["https:\/\/www.facebook.com\/sosunc.unco","https:\/\/www.instagram.com\/sosunc.unco\/"],"url":"https:\/\/www.sosunc.org.ar\/web\/?author=3"}]}},"_links":{"self":[{"href":"https:\/\/www.sosunc.org.ar\/web\/index.php?rest_route=\/wp\/v2\/posts\/8970","targetHints":{"allow":["GET"]}}],"collection":[{"href":"https:\/\/www.sosunc.org.ar\/web\/index.php?rest_route=\/wp\/v2\/posts"}],"about":[{"href":"https:\/\/www.sosunc.org.ar\/web\/index.php?rest_route=\/wp\/v2\/types\/post"}],"author":[{"embeddable":true,"href":"https:\/\/www.sosunc.org.ar\/web\/index.php?rest_route=\/wp\/v2\/users\/3"}],"replies":[{"embeddable":true,"href":"https:\/\/www.sosunc.org.ar\/web\/index.php?rest_route=%2Fwp%2Fv2%2Fcomments&post=8970"}],"version-history":[{"count":5,"href":"https:\/\/www.sosunc.org.ar\/web\/index.php?rest_route=\/wp\/v2\/posts\/8970\/revisions"}],"predecessor-version":[{"id":8976,"href":"https:\/\/www.sosunc.org.ar\/web\/index.php?rest_route=\/wp\/v2\/posts\/8970\/revisions\/8976"}],"wp:featuredmedia":[{"embeddable":true,"href":"https:\/\/www.sosunc.org.ar\/web\/index.php?rest_route=\/wp\/v2\/media\/8973"}],"wp:attachment":[{"href":"https:\/\/www.sosunc.org.ar\/web\/index.php?rest_route=%2Fwp%2Fv2%2Fmedia&parent=8970"}],"wp:term":[{"taxonomy":"category","embeddable":true,"href":"https:\/\/www.sosunc.org.ar\/web\/index.php?rest_route=%2Fwp%2Fv2%2Fcategories&post=8970"},{"taxonomy":"post_tag","embeddable":true,"href":"https:\/\/www.sosunc.org.ar\/web\/index.php?rest_route=%2Fwp%2Fv2%2Ftags&post=8970"}],"curies":[{"name":"wp","href":"https:\/\/api.w.org\/{rel}","templated":true}]}}