{"id":8595,"date":"2024-12-04T14:21:45","date_gmt":"2024-12-04T17:21:45","guid":{"rendered":"https:\/\/www.sosunc.org.ar\/web\/?p=8595"},"modified":"2024-12-04T14:22:02","modified_gmt":"2024-12-04T17:22:02","slug":"nueva-tarifa-para-el-salon-bufet-de-los-sauces","status":"publish","type":"post","link":"https:\/\/www.sosunc.org.ar\/web\/?p=8595","title":{"rendered":"Nueva tarifa para el sal\u00f3n bufet de Los Sauces"},"content":{"rendered":"\n<h2 class=\"wp-block-heading has-text-color has-link-color wp-elements-d9c6b5e4c01783508484497438961b0f\" style=\"color:#01114c\"><strong>Nueva tarifa para el sal\u00f3n bufet de Los Sauces<\/strong><\/h2>\n\n\n\n<p>Estimados afiliados\/as:<\/p>\n\n\n\n<p>Actualizamos la tarifa para&nbsp; alquilar del sal\u00f3n bufet en el predio \u201cLos Sauces\u201d de SOSUNC, ubicado en el barrio Valentina Sur Rural de Neuqu\u00e9n capital.&nbsp; Durante diciembre de 2024 y enero de 2025, se cobrar\u00e1n 195 mil pesos por turno.<\/p>\n\n\n\n<p>El sal\u00f3n se alquila \u00fanicamente a afiliados\/as&nbsp; de SOSUNC los d\u00edas viernes y s\u00e1bados, con turnos de 7 horas, en los siguientes horarios:<\/p>\n\n\n\n<ul class=\"wp-block-list\">\n<li>Primer turno: 9 a 16 hs.<\/li>\n\n\n\n<li>Segundo turno: 20 a 03 hs.<\/li>\n<\/ul>\n\n\n\n<p>Los Sauces es un predio recreativo arbolado con parrillas, juegos, sanitarios y estacionamiento, situado en Asunci\u00f3n 775 de la ciudad de Neuqu\u00e9n. Les mostramos c\u00f3mo llegar en el mapa:<\/p>\n\n\n<div class=\"wp-block-image\">\n<figure class=\"aligncenter size-large is-resized\"><img loading=\"lazy\" decoding=\"async\" width=\"1024\" height=\"1024\" src=\"http:\/\/192.9.200.18\/wordpress\/wp-content\/uploads\/2024\/09\/Los-Sauces-mapa-2024-1024x1024.png\" alt=\"\" class=\"wp-image-8007\" style=\"aspect-ratio:1;object-fit:cover;width:500px\" srcset=\"http:\/\/192.9.200.18\/wordpress\/wp-content\/uploads\/2024\/09\/Los-Sauces-mapa-2024-1024x1024.png 1024w, http:\/\/192.9.200.18\/wordpress\/wp-content\/uploads\/2024\/09\/Los-Sauces-mapa-2024-300x300.png 300w, http:\/\/192.9.200.18\/wordpress\/wp-content\/uploads\/2024\/09\/Los-Sauces-mapa-2024-150x150.png 150w, http:\/\/192.9.200.18\/wordpress\/wp-content\/uploads\/2024\/09\/Los-Sauces-mapa-2024-768x768.png 768w, http:\/\/192.9.200.18\/wordpress\/wp-content\/uploads\/2024\/09\/Los-Sauces-mapa-2024.png 1039w\" sizes=\"auto, (max-width: 1024px) 100vw, 1024px\" \/><\/figure>\n<\/div>\n\n\n<p><\/p>\n\n\n\n<p>El sal\u00f3n bufet\u00a0 est\u00e1 ubicado dentro del complejo y tiene capacidad para 60 personas. Est\u00e1 equipado con mesas y sillas, parrilla propia, cocina con horno industrial, heladera y freezer.<\/p>\n\n\n\n<p>Al momento de la reserva, deber\u00e1n abonar una se\u00f1a del 50 por ciento del valor total de la tarifa. Est\u00e1 permitido el alquiler de dos turnos para el mismo d\u00eda.<\/p>\n\n\n\n<p>Para reservar, tienen que contactar al \u00e1rea Turismo de SOSUNC, con un mensaje al Whatsapp 299 4099218.&nbsp; El horario de atenci\u00f3n es de lunes a viernes, de 8 a 15.<\/p>\n\n\n\n<p><\/p>\n","protected":false},"excerpt":{"rendered":"<p>Nueva tarifa para el sal\u00f3n bufet de Los Sauces Estimados afiliados\/as: Actualizamos la tarifa para&nbsp; alquilar del sal\u00f3n bufet en el predio \u201cLos Sauces\u201d de SOSUNC, ubicado en el barrio Valentina Sur Rural de Neuqu\u00e9n capital.&nbsp; Durante diciembre de 2024 y enero de 2025, se cobrar\u00e1n 195 mil pesos por turno. El sal\u00f3n se alquila [&hellip;]<\/p>\n","protected":false},"author":3,"featured_media":8596,"comment_status":"closed","ping_status":"closed","sticky":false,"template":"","format":"standard","meta":{"_coblocks_attr":"","_coblocks_dimensions":"","_coblocks_responsive_height":"","_coblocks_accordion_ie_support":"","footnotes":""},"categories":[22],"tags":[165,327,309,326],"class_list":["post-8595","post","type-post","status-publish","format-standard","has-post-thumbnail","hentry","category-novedades-sosunc","tag-los-sauces","tag-reserva","tag-salon","tag-tarifa"],"yoast_head":"<!-- This site is optimized with the Yoast SEO plugin v26.5 - https:\/\/yoast.com\/wordpress\/plugins\/seo\/ -->\n<title>Nueva tarifa para el sal\u00f3n bufet de Los Sauces - SOSUNC<\/title>\n<meta name=\"robots\" content=\"index, follow, max-snippet:-1, max-image-preview:large, max-video-preview:-1\" \/>\n<link rel=\"canonical\" href=\"https:\/\/www.sosunc.org.ar\/web\/?p=8595\" \/>\n<meta property=\"og:locale\" content=\"es_ES\" \/>\n<meta property=\"og:type\" content=\"article\" \/>\n<meta property=\"og:title\" content=\"Nueva tarifa para el sal\u00f3n bufet de Los Sauces - SOSUNC\" \/>\n<meta property=\"og:description\" content=\"Nueva tarifa para el sal\u00f3n bufet de Los Sauces Estimados afiliados\/as: Actualizamos la tarifa para&nbsp; alquilar del sal\u00f3n bufet en el predio \u201cLos Sauces\u201d de SOSUNC, ubicado en el barrio Valentina Sur Rural de Neuqu\u00e9n capital.&nbsp; Durante diciembre de 2024 y enero de 2025, se cobrar\u00e1n 195 mil pesos por turno. El sal\u00f3n se alquila [&hellip;]\" \/>\n<meta property=\"og:url\" content=\"https:\/\/www.sosunc.org.ar\/web\/?p=8595\" \/>\n<meta property=\"og:site_name\" content=\"SOSUNC\" \/>\n<meta property=\"article:publisher\" content=\"https:\/\/www.facebook.com\/sosunc.unco\" \/>\n<meta property=\"article:author\" content=\"https:\/\/www.facebook.com\/sosunc.unco\" \/>\n<meta property=\"article:published_time\" content=\"2024-12-04T17:21:45+00:00\" \/>\n<meta property=\"article:modified_time\" content=\"2024-12-04T17:22:02+00:00\" \/>\n<meta property=\"og:image\" content=\"http:\/\/192.9.200.18\/wordpress\/wp-content\/uploads\/2024\/12\/Los-Sauces-dic24-tarifa-1.png\" \/>\n\t<meta property=\"og:image:width\" content=\"1039\" \/>\n\t<meta property=\"og:image:height\" content=\"1039\" \/>\n\t<meta property=\"og:image:type\" content=\"image\/png\" \/>\n<meta name=\"author\" content=\"Comunicaci\u00f3n SOSUNC\" \/>\n<meta name=\"twitter:card\" content=\"summary_large_image\" \/>\n<meta name=\"twitter:label1\" content=\"Escrito por\" \/>\n\t<meta name=\"twitter:data1\" content=\"Comunicaci\u00f3n SOSUNC\" \/>\n\t<meta name=\"twitter:label2\" content=\"Tiempo de lectura\" \/>\n\t<meta name=\"twitter:data2\" content=\"1 minuto\" \/>\n<script type=\"application\/ld+json\" class=\"yoast-schema-graph\">{\"@context\":\"https:\/\/schema.org\",\"@graph\":[{\"@type\":\"Article\",\"@id\":\"https:\/\/www.sosunc.org.ar\/web\/?p=8595#article\",\"isPartOf\":{\"@id\":\"https:\/\/www.sosunc.org.ar\/web\/?p=8595\"},\"author\":{\"name\":\"Comunicaci\u00f3n SOSUNC\",\"@id\":\"https:\/\/www.sosunc.org.ar\/web\/#\/schema\/person\/cb1a199a4e9d3cd4d50fe973caac0985\"},\"headline\":\"Nueva tarifa para el sal\u00f3n bufet de Los Sauces\",\"datePublished\":\"2024-12-04T17:21:45+00:00\",\"dateModified\":\"2024-12-04T17:22:02+00:00\",\"mainEntityOfPage\":{\"@id\":\"https:\/\/www.sosunc.org.ar\/web\/?p=8595\"},\"wordCount\":220,\"publisher\":{\"@id\":\"https:\/\/www.sosunc.org.ar\/web\/#organization\"},\"image\":{\"@id\":\"https:\/\/www.sosunc.org.ar\/web\/?p=8595#primaryimage\"},\"thumbnailUrl\":\"https:\/\/192.9.200.18\/wordpress\/wp-content\/uploads\/2024\/12\/Los-Sauces-dic24-tarifa-1.png\",\"keywords\":[\"Los Sauces\",\"reserva\",\"sal\u00f3n\",\"tarifa\"],\"articleSection\":[\"novedades-sosunc\"],\"inLanguage\":\"es-AR\"},{\"@type\":\"WebPage\",\"@id\":\"https:\/\/www.sosunc.org.ar\/web\/?p=8595\",\"url\":\"https:\/\/www.sosunc.org.ar\/web\/?p=8595\",\"name\":\"Nueva tarifa para el sal\u00f3n bufet de Los Sauces - SOSUNC\",\"isPartOf\":{\"@id\":\"https:\/\/www.sosunc.org.ar\/web\/#website\"},\"primaryImageOfPage\":{\"@id\":\"https:\/\/www.sosunc.org.ar\/web\/?p=8595#primaryimage\"},\"image\":{\"@id\":\"https:\/\/www.sosunc.org.ar\/web\/?p=8595#primaryimage\"},\"thumbnailUrl\":\"https:\/\/192.9.200.18\/wordpress\/wp-content\/uploads\/2024\/12\/Los-Sauces-dic24-tarifa-1.png\",\"datePublished\":\"2024-12-04T17:21:45+00:00\",\"dateModified\":\"2024-12-04T17:22:02+00:00\",\"breadcrumb\":{\"@id\":\"https:\/\/www.sosunc.org.ar\/web\/?p=8595#breadcrumb\"},\"inLanguage\":\"es-AR\",\"potentialAction\":[{\"@type\":\"ReadAction\",\"target\":[\"https:\/\/www.sosunc.org.ar\/web\/?p=8595\"]}]},{\"@type\":\"ImageObject\",\"inLanguage\":\"es-AR\",\"@id\":\"https:\/\/www.sosunc.org.ar\/web\/?p=8595#primaryimage\",\"url\":\"https:\/\/192.9.200.18\/wordpress\/wp-content\/uploads\/2024\/12\/Los-Sauces-dic24-tarifa-1.png\",\"contentUrl\":\"https:\/\/192.9.200.18\/wordpress\/wp-content\/uploads\/2024\/12\/Los-Sauces-dic24-tarifa-1.png\",\"width\":1039,\"height\":1039},{\"@type\":\"BreadcrumbList\",\"@id\":\"https:\/\/www.sosunc.org.ar\/web\/?p=8595#breadcrumb\",\"itemListElement\":[{\"@type\":\"ListItem\",\"position\":1,\"name\":\"Inicio\",\"item\":\"https:\/\/www.sosunc.org.ar\/web\/\"},{\"@type\":\"ListItem\",\"position\":2,\"name\":\"Nueva tarifa para el sal\u00f3n bufet de Los Sauces\"}]},{\"@type\":\"WebSite\",\"@id\":\"https:\/\/www.sosunc.org.ar\/web\/#website\",\"url\":\"https:\/\/www.sosunc.org.ar\/web\/\",\"name\":\"SOSUNC\",\"description\":\"Servicio de Obra Social de la Universidad Nacional del Comahue\",\"publisher\":{\"@id\":\"https:\/\/www.sosunc.org.ar\/web\/#organization\"},\"potentialAction\":[{\"@type\":\"SearchAction\",\"target\":{\"@type\":\"EntryPoint\",\"urlTemplate\":\"https:\/\/www.sosunc.org.ar\/web\/?s={search_term_string}\"},\"query-input\":{\"@type\":\"PropertyValueSpecification\",\"valueRequired\":true,\"valueName\":\"search_term_string\"}}],\"inLanguage\":\"es-AR\"},{\"@type\":\"Organization\",\"@id\":\"https:\/\/www.sosunc.org.ar\/web\/#organization\",\"name\":\"Servicio de Obra Social Universidad Nacional del Comahue\",\"url\":\"https:\/\/www.sosunc.org.ar\/web\/\",\"logo\":{\"@type\":\"ImageObject\",\"inLanguage\":\"es-AR\",\"@id\":\"https:\/\/www.sosunc.org.ar\/web\/#\/schema\/logo\/image\/\",\"url\":\"https:\/\/192.9.200.18\/wordpress\/wp-content\/uploads\/2022\/06\/logososunc.png\",\"contentUrl\":\"https:\/\/192.9.200.18\/wordpress\/wp-content\/uploads\/2022\/06\/logososunc.png\",\"width\":333,\"height\":333,\"caption\":\"Servicio de Obra Social Universidad Nacional del Comahue\"},\"image\":{\"@id\":\"https:\/\/www.sosunc.org.ar\/web\/#\/schema\/logo\/image\/\"},\"sameAs\":[\"https:\/\/www.facebook.com\/sosunc.unco\"]},{\"@type\":\"Person\",\"@id\":\"https:\/\/www.sosunc.org.ar\/web\/#\/schema\/person\/cb1a199a4e9d3cd4d50fe973caac0985\",\"name\":\"Comunicaci\u00f3n SOSUNC\",\"image\":{\"@type\":\"ImageObject\",\"inLanguage\":\"es-AR\",\"@id\":\"https:\/\/www.sosunc.org.ar\/web\/#\/schema\/person\/image\/\",\"url\":\"https:\/\/secure.gravatar.com\/avatar\/4287850329e836b922e780de7b869301223afe7f2dc5f72c6b1f8d017d1b050b?s=96&d=mm&r=g\",\"contentUrl\":\"https:\/\/secure.gravatar.com\/avatar\/4287850329e836b922e780de7b869301223afe7f2dc5f72c6b1f8d017d1b050b?s=96&d=mm&r=g\",\"caption\":\"Comunicaci\u00f3n SOSUNC\"},\"sameAs\":[\"https:\/\/www.facebook.com\/sosunc.unco\",\"https:\/\/www.instagram.com\/sosunc.unco\/\"],\"url\":\"https:\/\/www.sosunc.org.ar\/web\/?author=3\"}]}<\/script>\n<!-- \/ Yoast SEO plugin. -->","yoast_head_json":{"title":"Nueva tarifa para el sal\u00f3n bufet de Los Sauces - SOSUNC","robots":{"index":"index","follow":"follow","max-snippet":"max-snippet:-1","max-image-preview":"max-image-preview:large","max-video-preview":"max-video-preview:-1"},"canonical":"https:\/\/www.sosunc.org.ar\/web\/?p=8595","og_locale":"es_ES","og_type":"article","og_title":"Nueva tarifa para el sal\u00f3n bufet de Los Sauces - SOSUNC","og_description":"Nueva tarifa para el sal\u00f3n bufet de Los Sauces Estimados afiliados\/as: Actualizamos la tarifa para&nbsp; alquilar del sal\u00f3n bufet en el predio \u201cLos Sauces\u201d de SOSUNC, ubicado en el barrio Valentina Sur Rural de Neuqu\u00e9n capital.&nbsp; Durante diciembre de 2024 y enero de 2025, se cobrar\u00e1n 195 mil pesos por turno. El sal\u00f3n se alquila [&hellip;]","og_url":"https:\/\/www.sosunc.org.ar\/web\/?p=8595","og_site_name":"SOSUNC","article_publisher":"https:\/\/www.facebook.com\/sosunc.unco","article_author":"https:\/\/www.facebook.com\/sosunc.unco","article_published_time":"2024-12-04T17:21:45+00:00","article_modified_time":"2024-12-04T17:22:02+00:00","og_image":[{"width":1039,"height":1039,"url":"http:\/\/192.9.200.18\/wordpress\/wp-content\/uploads\/2024\/12\/Los-Sauces-dic24-tarifa-1.png","type":"image\/png"}],"author":"Comunicaci\u00f3n SOSUNC","twitter_card":"summary_large_image","twitter_misc":{"Escrito por":"Comunicaci\u00f3n SOSUNC","Tiempo de lectura":"1 minuto"},"schema":{"@context":"https:\/\/schema.org","@graph":[{"@type":"Article","@id":"https:\/\/www.sosunc.org.ar\/web\/?p=8595#article","isPartOf":{"@id":"https:\/\/www.sosunc.org.ar\/web\/?p=8595"},"author":{"name":"Comunicaci\u00f3n SOSUNC","@id":"https:\/\/www.sosunc.org.ar\/web\/#\/schema\/person\/cb1a199a4e9d3cd4d50fe973caac0985"},"headline":"Nueva tarifa para el sal\u00f3n bufet de Los Sauces","datePublished":"2024-12-04T17:21:45+00:00","dateModified":"2024-12-04T17:22:02+00:00","mainEntityOfPage":{"@id":"https:\/\/www.sosunc.org.ar\/web\/?p=8595"},"wordCount":220,"publisher":{"@id":"https:\/\/www.sosunc.org.ar\/web\/#organization"},"image":{"@id":"https:\/\/www.sosunc.org.ar\/web\/?p=8595#primaryimage"},"thumbnailUrl":"https:\/\/192.9.200.18\/wordpress\/wp-content\/uploads\/2024\/12\/Los-Sauces-dic24-tarifa-1.png","keywords":["Los Sauces","reserva","sal\u00f3n","tarifa"],"articleSection":["novedades-sosunc"],"inLanguage":"es-AR"},{"@type":"WebPage","@id":"https:\/\/www.sosunc.org.ar\/web\/?p=8595","url":"https:\/\/www.sosunc.org.ar\/web\/?p=8595","name":"Nueva tarifa para el sal\u00f3n bufet de Los Sauces - SOSUNC","isPartOf":{"@id":"https:\/\/www.sosunc.org.ar\/web\/#website"},"primaryImageOfPage":{"@id":"https:\/\/www.sosunc.org.ar\/web\/?p=8595#primaryimage"},"image":{"@id":"https:\/\/www.sosunc.org.ar\/web\/?p=8595#primaryimage"},"thumbnailUrl":"https:\/\/192.9.200.18\/wordpress\/wp-content\/uploads\/2024\/12\/Los-Sauces-dic24-tarifa-1.png","datePublished":"2024-12-04T17:21:45+00:00","dateModified":"2024-12-04T17:22:02+00:00","breadcrumb":{"@id":"https:\/\/www.sosunc.org.ar\/web\/?p=8595#breadcrumb"},"inLanguage":"es-AR","potentialAction":[{"@type":"ReadAction","target":["https:\/\/www.sosunc.org.ar\/web\/?p=8595"]}]},{"@type":"ImageObject","inLanguage":"es-AR","@id":"https:\/\/www.sosunc.org.ar\/web\/?p=8595#primaryimage","url":"https:\/\/192.9.200.18\/wordpress\/wp-content\/uploads\/2024\/12\/Los-Sauces-dic24-tarifa-1.png","contentUrl":"https:\/\/192.9.200.18\/wordpress\/wp-content\/uploads\/2024\/12\/Los-Sauces-dic24-tarifa-1.png","width":1039,"height":1039},{"@type":"BreadcrumbList","@id":"https:\/\/www.sosunc.org.ar\/web\/?p=8595#breadcrumb","itemListElement":[{"@type":"ListItem","position":1,"name":"Inicio","item":"https:\/\/www.sosunc.org.ar\/web\/"},{"@type":"ListItem","position":2,"name":"Nueva tarifa para el sal\u00f3n bufet de Los Sauces"}]},{"@type":"WebSite","@id":"https:\/\/www.sosunc.org.ar\/web\/#website","url":"https:\/\/www.sosunc.org.ar\/web\/","name":"SOSUNC","description":"Servicio de Obra Social de la Universidad Nacional del Comahue","publisher":{"@id":"https:\/\/www.sosunc.org.ar\/web\/#organization"},"potentialAction":[{"@type":"SearchAction","target":{"@type":"EntryPoint","urlTemplate":"https:\/\/www.sosunc.org.ar\/web\/?s={search_term_string}"},"query-input":{"@type":"PropertyValueSpecification","valueRequired":true,"valueName":"search_term_string"}}],"inLanguage":"es-AR"},{"@type":"Organization","@id":"https:\/\/www.sosunc.org.ar\/web\/#organization","name":"Servicio de Obra Social Universidad Nacional del Comahue","url":"https:\/\/www.sosunc.org.ar\/web\/","logo":{"@type":"ImageObject","inLanguage":"es-AR","@id":"https:\/\/www.sosunc.org.ar\/web\/#\/schema\/logo\/image\/","url":"https:\/\/192.9.200.18\/wordpress\/wp-content\/uploads\/2022\/06\/logososunc.png","contentUrl":"https:\/\/192.9.200.18\/wordpress\/wp-content\/uploads\/2022\/06\/logososunc.png","width":333,"height":333,"caption":"Servicio de Obra Social Universidad Nacional del Comahue"},"image":{"@id":"https:\/\/www.sosunc.org.ar\/web\/#\/schema\/logo\/image\/"},"sameAs":["https:\/\/www.facebook.com\/sosunc.unco"]},{"@type":"Person","@id":"https:\/\/www.sosunc.org.ar\/web\/#\/schema\/person\/cb1a199a4e9d3cd4d50fe973caac0985","name":"Comunicaci\u00f3n SOSUNC","image":{"@type":"ImageObject","inLanguage":"es-AR","@id":"https:\/\/www.sosunc.org.ar\/web\/#\/schema\/person\/image\/","url":"https:\/\/secure.gravatar.com\/avatar\/4287850329e836b922e780de7b869301223afe7f2dc5f72c6b1f8d017d1b050b?s=96&d=mm&r=g","contentUrl":"https:\/\/secure.gravatar.com\/avatar\/4287850329e836b922e780de7b869301223afe7f2dc5f72c6b1f8d017d1b050b?s=96&d=mm&r=g","caption":"Comunicaci\u00f3n SOSUNC"},"sameAs":["https:\/\/www.facebook.com\/sosunc.unco","https:\/\/www.instagram.com\/sosunc.unco\/"],"url":"https:\/\/www.sosunc.org.ar\/web\/?author=3"}]}},"_links":{"self":[{"href":"https:\/\/www.sosunc.org.ar\/web\/index.php?rest_route=\/wp\/v2\/posts\/8595","targetHints":{"allow":["GET"]}}],"collection":[{"href":"https:\/\/www.sosunc.org.ar\/web\/index.php?rest_route=\/wp\/v2\/posts"}],"about":[{"href":"https:\/\/www.sosunc.org.ar\/web\/index.php?rest_route=\/wp\/v2\/types\/post"}],"author":[{"embeddable":true,"href":"https:\/\/www.sosunc.org.ar\/web\/index.php?rest_route=\/wp\/v2\/users\/3"}],"replies":[{"embeddable":true,"href":"https:\/\/www.sosunc.org.ar\/web\/index.php?rest_route=%2Fwp%2Fv2%2Fcomments&post=8595"}],"version-history":[{"count":1,"href":"https:\/\/www.sosunc.org.ar\/web\/index.php?rest_route=\/wp\/v2\/posts\/8595\/revisions"}],"predecessor-version":[{"id":8597,"href":"https:\/\/www.sosunc.org.ar\/web\/index.php?rest_route=\/wp\/v2\/posts\/8595\/revisions\/8597"}],"wp:featuredmedia":[{"embeddable":true,"href":"https:\/\/www.sosunc.org.ar\/web\/index.php?rest_route=\/wp\/v2\/media\/8596"}],"wp:attachment":[{"href":"https:\/\/www.sosunc.org.ar\/web\/index.php?rest_route=%2Fwp%2Fv2%2Fmedia&parent=8595"}],"wp:term":[{"taxonomy":"category","embeddable":true,"href":"https:\/\/www.sosunc.org.ar\/web\/index.php?rest_route=%2Fwp%2Fv2%2Fcategories&post=8595"},{"taxonomy":"post_tag","embeddable":true,"href":"https:\/\/www.sosunc.org.ar\/web\/index.php?rest_route=%2Fwp%2Fv2%2Ftags&post=8595"}],"curies":[{"name":"wp","href":"https:\/\/api.w.org\/{rel}","templated":true}]}}