{"id":8590,"date":"2024-12-04T12:32:05","date_gmt":"2024-12-04T15:32:05","guid":{"rendered":"https:\/\/www.sosunc.org.ar\/web\/?p=8590"},"modified":"2024-12-06T11:45:39","modified_gmt":"2024-12-06T14:45:39","slug":"apertura-del-camping-sosunc-en-las-grutas","status":"publish","type":"post","link":"https:\/\/www.sosunc.org.ar\/web\/?p=8590","title":{"rendered":"Apertura del Camping SOSUNC en Las Grutas\u00a0"},"content":{"rendered":"\n<h2 class=\"wp-block-heading has-text-color has-link-color wp-elements-e0a017b914a89865252599d077517a1b\" style=\"color:#01114c\"><strong>Apertura del Camping SOSUNC en Las Grutas&nbsp;<\/strong><\/h2>\n\n\n\n<p>El 5 de diciembre, abrimos el Camping SOSUNC en Las Grutas para la temporada de verano 2024-2025. Los invitamos a disfrutar de unas vacaciones familiares en un entorno natural con parcelas arboladas, mucha sombra y una ubicaci\u00f3n privilegiada a pocos pasos de la playa.<\/p>\n\n\n\n<p>El Camping SOSUNC est\u00e1 ubicado en avenida Curr\u00fa Leuv\u00fa 1170 de Las Grutas, a dos cuadras de la bajada La Rinconada. Nos encuentran en el mapa ac\u00e1:&nbsp;<a href=\"https:\/\/www.google.com\/maps\/place\/Camping+SOSUNC\/@-40.79921,-65.0677564,17z\/data=!4m6!3m5!1s0x95fa3311270924ad:0xcb3facd87c93a9bc!8m2!3d-40.7980548!4d-65.0652093!16s%2Fg%2F11cjj0l2pl?entry=tts\" target=\"_blank\" rel=\"noreferrer noopener\">VER MAPA<\/a><\/p>\n\n\n\n<p>El predio cuenta con&nbsp; servicio de Wi Fi,&nbsp; sal\u00f3n con bufet, parrillas, tomacorrientes y duchas con agua caliente. Tienen m\u00e1s informaci\u00f3n sobre los servicios y fotos en este enlace de nuestra p\u00e1gina web:&nbsp;<a href=\"https:\/\/www.sosunc.org.ar\/web\/?page_id=521\"><\/a><a href=\"https:\/\/www.sosunc.org.ar\/web\/?page_id=521\" target=\"_blank\" rel=\"noreferrer noopener\">VER ENLACE<\/a><\/p>\n\n\n\n<p>En la gr\u00e1fica al pie de este aviso, se detallan las tarifas vigentes para quienes nos visiten en diciembre y enero. No trabajamos con reservas, pero sugerimos contactar a la administraci\u00f3n del Camping para consultar por disponibilidad a trav\u00e9s del tel\u00e9fono 299 472-6296, en horario de 8 a 12 y de 16 a 20. Otra opci\u00f3n es que env\u00eden su mensaje a la casilla de mail minqn49@yahoo.com.ar<\/p>\n\n\n\n<p>Disfruten sus vacaciones junto al mar con SOSUNC. Los esperamos.<\/p>\n\n\n<div class=\"wp-block-image has-lightbox\">\n<figure class=\"aligncenter size-large is-resized\"><a href=\"https:\/\/192.9.200.18\/wordpress\/wp-content\/uploads\/2024\/12\/Camping-dic24-tarifas-2.png\" target=\"_blank\" rel=\"noreferrer noopener\"><img loading=\"lazy\" decoding=\"async\" width=\"1024\" height=\"1024\" src=\"https:\/\/192.9.200.18\/wordpress\/wp-content\/uploads\/2024\/12\/Camping-dic24-tarifas-2-1024x1024.png\" alt=\"\" class=\"wp-image-8613\" style=\"width:500px\" srcset=\"http:\/\/192.9.200.18\/wordpress\/wp-content\/uploads\/2024\/12\/Camping-dic24-tarifas-2-1024x1024.png 1024w, http:\/\/192.9.200.18\/wordpress\/wp-content\/uploads\/2024\/12\/Camping-dic24-tarifas-2-300x300.png 300w, http:\/\/192.9.200.18\/wordpress\/wp-content\/uploads\/2024\/12\/Camping-dic24-tarifas-2-150x150.png 150w, http:\/\/192.9.200.18\/wordpress\/wp-content\/uploads\/2024\/12\/Camping-dic24-tarifas-2-768x768.png 768w, http:\/\/192.9.200.18\/wordpress\/wp-content\/uploads\/2024\/12\/Camping-dic24-tarifas-2.png 1055w\" sizes=\"auto, (max-width: 1024px) 100vw, 1024px\" \/><\/a><\/figure>\n<\/div>\n\n\n<p><\/p>\n","protected":false},"excerpt":{"rendered":"<p>Apertura del Camping SOSUNC en Las Grutas&nbsp; El 5 de diciembre, abrimos el Camping SOSUNC en Las Grutas para la temporada de verano 2024-2025. Los invitamos a disfrutar de unas vacaciones familiares en un entorno natural con parcelas arboladas, mucha sombra y una ubicaci\u00f3n privilegiada a pocos pasos de la playa. El Camping SOSUNC est\u00e1 [&hellip;]<\/p>\n","protected":false},"author":3,"featured_media":8611,"comment_status":"closed","ping_status":"closed","sticky":false,"template":"","format":"standard","meta":{"_coblocks_attr":"","_coblocks_dimensions":"","_coblocks_responsive_height":"","_coblocks_accordion_ie_support":"","footnotes":""},"categories":[22],"tags":[328,140,141,326,187],"class_list":["post-8590","post","type-post","status-publish","format-standard","has-post-thumbnail","hentry","category-novedades-sosunc","tag-apertura","tag-camping-2","tag-las-grutas","tag-tarifa","tag-temporada"],"yoast_head":"<!-- This site is optimized with the Yoast SEO plugin v26.5 - https:\/\/yoast.com\/wordpress\/plugins\/seo\/ -->\n<title>Apertura del Camping SOSUNC en Las Grutas\u00a0 - SOSUNC<\/title>\n<meta name=\"robots\" content=\"index, follow, max-snippet:-1, max-image-preview:large, max-video-preview:-1\" \/>\n<link rel=\"canonical\" href=\"https:\/\/www.sosunc.org.ar\/web\/?p=8590\" \/>\n<meta property=\"og:locale\" content=\"es_ES\" \/>\n<meta property=\"og:type\" content=\"article\" \/>\n<meta property=\"og:title\" content=\"Apertura del Camping SOSUNC en Las Grutas\u00a0 - SOSUNC\" \/>\n<meta property=\"og:description\" content=\"Apertura del Camping SOSUNC en Las Grutas&nbsp; El 5 de diciembre, abrimos el Camping SOSUNC en Las Grutas para la temporada de verano 2024-2025. Los invitamos a disfrutar de unas vacaciones familiares en un entorno natural con parcelas arboladas, mucha sombra y una ubicaci\u00f3n privilegiada a pocos pasos de la playa. El Camping SOSUNC est\u00e1 [&hellip;]\" \/>\n<meta property=\"og:url\" content=\"https:\/\/www.sosunc.org.ar\/web\/?p=8590\" \/>\n<meta property=\"og:site_name\" content=\"SOSUNC\" \/>\n<meta property=\"article:publisher\" content=\"https:\/\/www.facebook.com\/sosunc.unco\" \/>\n<meta property=\"article:author\" content=\"https:\/\/www.facebook.com\/sosunc.unco\" \/>\n<meta property=\"article:published_time\" content=\"2024-12-04T15:32:05+00:00\" \/>\n<meta property=\"article:modified_time\" content=\"2024-12-06T14:45:39+00:00\" \/>\n<meta property=\"og:image\" content=\"http:\/\/192.9.200.18\/wordpress\/wp-content\/uploads\/2024\/12\/Camping-dic24-apertura.png\" \/>\n\t<meta property=\"og:image:width\" content=\"1055\" \/>\n\t<meta property=\"og:image:height\" content=\"1055\" \/>\n\t<meta property=\"og:image:type\" content=\"image\/png\" \/>\n<meta name=\"author\" content=\"Comunicaci\u00f3n SOSUNC\" \/>\n<meta name=\"twitter:card\" content=\"summary_large_image\" \/>\n<meta name=\"twitter:label1\" content=\"Escrito por\" \/>\n\t<meta name=\"twitter:data1\" content=\"Comunicaci\u00f3n SOSUNC\" \/>\n\t<meta name=\"twitter:label2\" content=\"Tiempo de lectura\" \/>\n\t<meta name=\"twitter:data2\" content=\"1 minuto\" \/>\n<script type=\"application\/ld+json\" class=\"yoast-schema-graph\">{\"@context\":\"https:\/\/schema.org\",\"@graph\":[{\"@type\":\"Article\",\"@id\":\"https:\/\/www.sosunc.org.ar\/web\/?p=8590#article\",\"isPartOf\":{\"@id\":\"https:\/\/www.sosunc.org.ar\/web\/?p=8590\"},\"author\":{\"name\":\"Comunicaci\u00f3n SOSUNC\",\"@id\":\"https:\/\/www.sosunc.org.ar\/web\/#\/schema\/person\/cb1a199a4e9d3cd4d50fe973caac0985\"},\"headline\":\"Apertura del Camping SOSUNC en Las Grutas\u00a0\",\"datePublished\":\"2024-12-04T15:32:05+00:00\",\"dateModified\":\"2024-12-06T14:45:39+00:00\",\"mainEntityOfPage\":{\"@id\":\"https:\/\/www.sosunc.org.ar\/web\/?p=8590\"},\"wordCount\":211,\"publisher\":{\"@id\":\"https:\/\/www.sosunc.org.ar\/web\/#organization\"},\"image\":{\"@id\":\"https:\/\/www.sosunc.org.ar\/web\/?p=8590#primaryimage\"},\"thumbnailUrl\":\"https:\/\/192.9.200.18\/wordpress\/wp-content\/uploads\/2024\/12\/Camping-dic24-apertura.png\",\"keywords\":[\"apertura\",\"Camping\",\"Las Grutas\",\"tarifa\",\"temporada\"],\"articleSection\":[\"novedades-sosunc\"],\"inLanguage\":\"es-AR\"},{\"@type\":\"WebPage\",\"@id\":\"https:\/\/www.sosunc.org.ar\/web\/?p=8590\",\"url\":\"https:\/\/www.sosunc.org.ar\/web\/?p=8590\",\"name\":\"Apertura del Camping SOSUNC en Las Grutas\u00a0 - SOSUNC\",\"isPartOf\":{\"@id\":\"https:\/\/www.sosunc.org.ar\/web\/#website\"},\"primaryImageOfPage\":{\"@id\":\"https:\/\/www.sosunc.org.ar\/web\/?p=8590#primaryimage\"},\"image\":{\"@id\":\"https:\/\/www.sosunc.org.ar\/web\/?p=8590#primaryimage\"},\"thumbnailUrl\":\"https:\/\/192.9.200.18\/wordpress\/wp-content\/uploads\/2024\/12\/Camping-dic24-apertura.png\",\"datePublished\":\"2024-12-04T15:32:05+00:00\",\"dateModified\":\"2024-12-06T14:45:39+00:00\",\"breadcrumb\":{\"@id\":\"https:\/\/www.sosunc.org.ar\/web\/?p=8590#breadcrumb\"},\"inLanguage\":\"es-AR\",\"potentialAction\":[{\"@type\":\"ReadAction\",\"target\":[\"https:\/\/www.sosunc.org.ar\/web\/?p=8590\"]}]},{\"@type\":\"ImageObject\",\"inLanguage\":\"es-AR\",\"@id\":\"https:\/\/www.sosunc.org.ar\/web\/?p=8590#primaryimage\",\"url\":\"https:\/\/192.9.200.18\/wordpress\/wp-content\/uploads\/2024\/12\/Camping-dic24-apertura.png\",\"contentUrl\":\"https:\/\/192.9.200.18\/wordpress\/wp-content\/uploads\/2024\/12\/Camping-dic24-apertura.png\",\"width\":1055,\"height\":1055},{\"@type\":\"BreadcrumbList\",\"@id\":\"https:\/\/www.sosunc.org.ar\/web\/?p=8590#breadcrumb\",\"itemListElement\":[{\"@type\":\"ListItem\",\"position\":1,\"name\":\"Inicio\",\"item\":\"https:\/\/www.sosunc.org.ar\/web\/\"},{\"@type\":\"ListItem\",\"position\":2,\"name\":\"Apertura del Camping SOSUNC en Las Grutas\u00a0\"}]},{\"@type\":\"WebSite\",\"@id\":\"https:\/\/www.sosunc.org.ar\/web\/#website\",\"url\":\"https:\/\/www.sosunc.org.ar\/web\/\",\"name\":\"SOSUNC\",\"description\":\"Servicio de Obra Social de la Universidad Nacional del Comahue\",\"publisher\":{\"@id\":\"https:\/\/www.sosunc.org.ar\/web\/#organization\"},\"potentialAction\":[{\"@type\":\"SearchAction\",\"target\":{\"@type\":\"EntryPoint\",\"urlTemplate\":\"https:\/\/www.sosunc.org.ar\/web\/?s={search_term_string}\"},\"query-input\":{\"@type\":\"PropertyValueSpecification\",\"valueRequired\":true,\"valueName\":\"search_term_string\"}}],\"inLanguage\":\"es-AR\"},{\"@type\":\"Organization\",\"@id\":\"https:\/\/www.sosunc.org.ar\/web\/#organization\",\"name\":\"Servicio de Obra Social Universidad Nacional del Comahue\",\"url\":\"https:\/\/www.sosunc.org.ar\/web\/\",\"logo\":{\"@type\":\"ImageObject\",\"inLanguage\":\"es-AR\",\"@id\":\"https:\/\/www.sosunc.org.ar\/web\/#\/schema\/logo\/image\/\",\"url\":\"https:\/\/192.9.200.18\/wordpress\/wp-content\/uploads\/2022\/06\/logososunc.png\",\"contentUrl\":\"https:\/\/192.9.200.18\/wordpress\/wp-content\/uploads\/2022\/06\/logososunc.png\",\"width\":333,\"height\":333,\"caption\":\"Servicio de Obra Social Universidad Nacional del Comahue\"},\"image\":{\"@id\":\"https:\/\/www.sosunc.org.ar\/web\/#\/schema\/logo\/image\/\"},\"sameAs\":[\"https:\/\/www.facebook.com\/sosunc.unco\"]},{\"@type\":\"Person\",\"@id\":\"https:\/\/www.sosunc.org.ar\/web\/#\/schema\/person\/cb1a199a4e9d3cd4d50fe973caac0985\",\"name\":\"Comunicaci\u00f3n SOSUNC\",\"image\":{\"@type\":\"ImageObject\",\"inLanguage\":\"es-AR\",\"@id\":\"https:\/\/www.sosunc.org.ar\/web\/#\/schema\/person\/image\/\",\"url\":\"https:\/\/secure.gravatar.com\/avatar\/4287850329e836b922e780de7b869301223afe7f2dc5f72c6b1f8d017d1b050b?s=96&d=mm&r=g\",\"contentUrl\":\"https:\/\/secure.gravatar.com\/avatar\/4287850329e836b922e780de7b869301223afe7f2dc5f72c6b1f8d017d1b050b?s=96&d=mm&r=g\",\"caption\":\"Comunicaci\u00f3n SOSUNC\"},\"sameAs\":[\"https:\/\/www.facebook.com\/sosunc.unco\",\"https:\/\/www.instagram.com\/sosunc.unco\/\"],\"url\":\"https:\/\/www.sosunc.org.ar\/web\/?author=3\"}]}<\/script>\n<!-- \/ Yoast SEO plugin. -->","yoast_head_json":{"title":"Apertura del Camping SOSUNC en Las Grutas\u00a0 - SOSUNC","robots":{"index":"index","follow":"follow","max-snippet":"max-snippet:-1","max-image-preview":"max-image-preview:large","max-video-preview":"max-video-preview:-1"},"canonical":"https:\/\/www.sosunc.org.ar\/web\/?p=8590","og_locale":"es_ES","og_type":"article","og_title":"Apertura del Camping SOSUNC en Las Grutas\u00a0 - SOSUNC","og_description":"Apertura del Camping SOSUNC en Las Grutas&nbsp; El 5 de diciembre, abrimos el Camping SOSUNC en Las Grutas para la temporada de verano 2024-2025. Los invitamos a disfrutar de unas vacaciones familiares en un entorno natural con parcelas arboladas, mucha sombra y una ubicaci\u00f3n privilegiada a pocos pasos de la playa. El Camping SOSUNC est\u00e1 [&hellip;]","og_url":"https:\/\/www.sosunc.org.ar\/web\/?p=8590","og_site_name":"SOSUNC","article_publisher":"https:\/\/www.facebook.com\/sosunc.unco","article_author":"https:\/\/www.facebook.com\/sosunc.unco","article_published_time":"2024-12-04T15:32:05+00:00","article_modified_time":"2024-12-06T14:45:39+00:00","og_image":[{"width":1055,"height":1055,"url":"http:\/\/192.9.200.18\/wordpress\/wp-content\/uploads\/2024\/12\/Camping-dic24-apertura.png","type":"image\/png"}],"author":"Comunicaci\u00f3n SOSUNC","twitter_card":"summary_large_image","twitter_misc":{"Escrito por":"Comunicaci\u00f3n SOSUNC","Tiempo de lectura":"1 minuto"},"schema":{"@context":"https:\/\/schema.org","@graph":[{"@type":"Article","@id":"https:\/\/www.sosunc.org.ar\/web\/?p=8590#article","isPartOf":{"@id":"https:\/\/www.sosunc.org.ar\/web\/?p=8590"},"author":{"name":"Comunicaci\u00f3n SOSUNC","@id":"https:\/\/www.sosunc.org.ar\/web\/#\/schema\/person\/cb1a199a4e9d3cd4d50fe973caac0985"},"headline":"Apertura del Camping SOSUNC en Las Grutas\u00a0","datePublished":"2024-12-04T15:32:05+00:00","dateModified":"2024-12-06T14:45:39+00:00","mainEntityOfPage":{"@id":"https:\/\/www.sosunc.org.ar\/web\/?p=8590"},"wordCount":211,"publisher":{"@id":"https:\/\/www.sosunc.org.ar\/web\/#organization"},"image":{"@id":"https:\/\/www.sosunc.org.ar\/web\/?p=8590#primaryimage"},"thumbnailUrl":"https:\/\/192.9.200.18\/wordpress\/wp-content\/uploads\/2024\/12\/Camping-dic24-apertura.png","keywords":["apertura","Camping","Las Grutas","tarifa","temporada"],"articleSection":["novedades-sosunc"],"inLanguage":"es-AR"},{"@type":"WebPage","@id":"https:\/\/www.sosunc.org.ar\/web\/?p=8590","url":"https:\/\/www.sosunc.org.ar\/web\/?p=8590","name":"Apertura del Camping SOSUNC en Las Grutas\u00a0 - SOSUNC","isPartOf":{"@id":"https:\/\/www.sosunc.org.ar\/web\/#website"},"primaryImageOfPage":{"@id":"https:\/\/www.sosunc.org.ar\/web\/?p=8590#primaryimage"},"image":{"@id":"https:\/\/www.sosunc.org.ar\/web\/?p=8590#primaryimage"},"thumbnailUrl":"https:\/\/192.9.200.18\/wordpress\/wp-content\/uploads\/2024\/12\/Camping-dic24-apertura.png","datePublished":"2024-12-04T15:32:05+00:00","dateModified":"2024-12-06T14:45:39+00:00","breadcrumb":{"@id":"https:\/\/www.sosunc.org.ar\/web\/?p=8590#breadcrumb"},"inLanguage":"es-AR","potentialAction":[{"@type":"ReadAction","target":["https:\/\/www.sosunc.org.ar\/web\/?p=8590"]}]},{"@type":"ImageObject","inLanguage":"es-AR","@id":"https:\/\/www.sosunc.org.ar\/web\/?p=8590#primaryimage","url":"https:\/\/192.9.200.18\/wordpress\/wp-content\/uploads\/2024\/12\/Camping-dic24-apertura.png","contentUrl":"https:\/\/192.9.200.18\/wordpress\/wp-content\/uploads\/2024\/12\/Camping-dic24-apertura.png","width":1055,"height":1055},{"@type":"BreadcrumbList","@id":"https:\/\/www.sosunc.org.ar\/web\/?p=8590#breadcrumb","itemListElement":[{"@type":"ListItem","position":1,"name":"Inicio","item":"https:\/\/www.sosunc.org.ar\/web\/"},{"@type":"ListItem","position":2,"name":"Apertura del Camping SOSUNC en Las Grutas\u00a0"}]},{"@type":"WebSite","@id":"https:\/\/www.sosunc.org.ar\/web\/#website","url":"https:\/\/www.sosunc.org.ar\/web\/","name":"SOSUNC","description":"Servicio de Obra Social de la Universidad Nacional del Comahue","publisher":{"@id":"https:\/\/www.sosunc.org.ar\/web\/#organization"},"potentialAction":[{"@type":"SearchAction","target":{"@type":"EntryPoint","urlTemplate":"https:\/\/www.sosunc.org.ar\/web\/?s={search_term_string}"},"query-input":{"@type":"PropertyValueSpecification","valueRequired":true,"valueName":"search_term_string"}}],"inLanguage":"es-AR"},{"@type":"Organization","@id":"https:\/\/www.sosunc.org.ar\/web\/#organization","name":"Servicio de Obra Social Universidad Nacional del Comahue","url":"https:\/\/www.sosunc.org.ar\/web\/","logo":{"@type":"ImageObject","inLanguage":"es-AR","@id":"https:\/\/www.sosunc.org.ar\/web\/#\/schema\/logo\/image\/","url":"https:\/\/192.9.200.18\/wordpress\/wp-content\/uploads\/2022\/06\/logososunc.png","contentUrl":"https:\/\/192.9.200.18\/wordpress\/wp-content\/uploads\/2022\/06\/logososunc.png","width":333,"height":333,"caption":"Servicio de Obra Social Universidad Nacional del Comahue"},"image":{"@id":"https:\/\/www.sosunc.org.ar\/web\/#\/schema\/logo\/image\/"},"sameAs":["https:\/\/www.facebook.com\/sosunc.unco"]},{"@type":"Person","@id":"https:\/\/www.sosunc.org.ar\/web\/#\/schema\/person\/cb1a199a4e9d3cd4d50fe973caac0985","name":"Comunicaci\u00f3n SOSUNC","image":{"@type":"ImageObject","inLanguage":"es-AR","@id":"https:\/\/www.sosunc.org.ar\/web\/#\/schema\/person\/image\/","url":"https:\/\/secure.gravatar.com\/avatar\/4287850329e836b922e780de7b869301223afe7f2dc5f72c6b1f8d017d1b050b?s=96&d=mm&r=g","contentUrl":"https:\/\/secure.gravatar.com\/avatar\/4287850329e836b922e780de7b869301223afe7f2dc5f72c6b1f8d017d1b050b?s=96&d=mm&r=g","caption":"Comunicaci\u00f3n SOSUNC"},"sameAs":["https:\/\/www.facebook.com\/sosunc.unco","https:\/\/www.instagram.com\/sosunc.unco\/"],"url":"https:\/\/www.sosunc.org.ar\/web\/?author=3"}]}},"_links":{"self":[{"href":"https:\/\/www.sosunc.org.ar\/web\/index.php?rest_route=\/wp\/v2\/posts\/8590","targetHints":{"allow":["GET"]}}],"collection":[{"href":"https:\/\/www.sosunc.org.ar\/web\/index.php?rest_route=\/wp\/v2\/posts"}],"about":[{"href":"https:\/\/www.sosunc.org.ar\/web\/index.php?rest_route=\/wp\/v2\/types\/post"}],"author":[{"embeddable":true,"href":"https:\/\/www.sosunc.org.ar\/web\/index.php?rest_route=\/wp\/v2\/users\/3"}],"replies":[{"embeddable":true,"href":"https:\/\/www.sosunc.org.ar\/web\/index.php?rest_route=%2Fwp%2Fv2%2Fcomments&post=8590"}],"version-history":[{"count":3,"href":"https:\/\/www.sosunc.org.ar\/web\/index.php?rest_route=\/wp\/v2\/posts\/8590\/revisions"}],"predecessor-version":[{"id":8614,"href":"https:\/\/www.sosunc.org.ar\/web\/index.php?rest_route=\/wp\/v2\/posts\/8590\/revisions\/8614"}],"wp:featuredmedia":[{"embeddable":true,"href":"https:\/\/www.sosunc.org.ar\/web\/index.php?rest_route=\/wp\/v2\/media\/8611"}],"wp:attachment":[{"href":"https:\/\/www.sosunc.org.ar\/web\/index.php?rest_route=%2Fwp%2Fv2%2Fmedia&parent=8590"}],"wp:term":[{"taxonomy":"category","embeddable":true,"href":"https:\/\/www.sosunc.org.ar\/web\/index.php?rest_route=%2Fwp%2Fv2%2Fcategories&post=8590"},{"taxonomy":"post_tag","embeddable":true,"href":"https:\/\/www.sosunc.org.ar\/web\/index.php?rest_route=%2Fwp%2Fv2%2Ftags&post=8590"}],"curies":[{"name":"wp","href":"https:\/\/api.w.org\/{rel}","templated":true}]}}