{"id":8572,"date":"2024-11-29T09:36:01","date_gmt":"2024-11-29T12:36:01","guid":{"rendered":"https:\/\/www.sosunc.org.ar\/web\/?p=8572"},"modified":"2024-11-29T09:36:01","modified_gmt":"2024-11-29T12:36:01","slug":"se-modifica-la-cobertura-del-programa-sumar-salud","status":"publish","type":"post","link":"https:\/\/www.sosunc.org.ar\/web\/?p=8572","title":{"rendered":"Se modifica la cobertura del programa Sumar Salud"},"content":{"rendered":"\n<h2 class=\"wp-block-heading\"><strong>Se modifica la cobertura del programa Sumar Salud<\/strong><\/h2>\n\n\n\n<p>Estimados\/as:<\/p>\n\n\n\n<p>En el \u00faltimo a\u00f1o, se han producido grandes cambios en la pol\u00edtica de medicamentos de PAMI. Esto se evidencia en la reducci\u00f3n en los porcentajes de las coberturas y un importante aumento de los precios de los medicamentos incluidos en el vadem\u00e9cum de PAMI.<\/p>\n\n\n\n<p>Estos cambios nos han obligado a reprogramar la cobertura del Programa Sumar Salud. Es por ello que, a partir del 1 de diciembre de 2024, se modifica la cobertura otorgada por SOSUNC para el programa Sumar Salud, destinado a afiliados\/as adherentes que cuentan con PAMI como obra social obligatoria.<\/p>\n\n\n\n<p>En respuesta a la nueva situaci\u00f3n de la obra social nacional, SOSUNC instrument\u00f3 una nueva modalidad de cobertura tendiente a acompa\u00f1ar a nuestros afiliados\/as adherentes para reducir el costo de los medicamentos y, por otro lado, evitar el desfinanciamiento de nuestra obra social universitaria.<\/p>\n\n\n\n<p>La nueva modalidad consiste en que SOSUNC cubre el 40% sobre el coseguro abonado&nbsp; en la Farmacia, independientemente del porcentaje de cobertura otorgado por PAMI. En consecuencia, si bien no se asegura una cobertura del 100% en medicaci\u00f3n como ocurr\u00eda hasta noviembre, los adherentes que consuman medicamentos por el programa Sumar Salud seguir\u00e1n teniendo mayor porcentaje de cobertura que el resto de los afiliados a SOSUNC que cuentan con una sola obra social.<\/p>\n\n\n\n<p>Tambi\u00e9n mantenemos el beneficio del programa Sumar Salud de solicitar las recetas de medicamentos a trav\u00e9s de una \u00fanica l\u00ednea de Whatsapp para simplificar los tr\u00e1mites de cobertura.<\/p>\n\n\n\n<p><br>Por m\u00e1s informaci\u00f3n sobre este programa, est\u00e1 disponible el siguiente enlace:&nbsp;<a href=\"https:\/\/www.sosunc.org.ar\/web\/?page_id=8563\" target=\"_blank\" rel=\"noreferrer noopener\">https:\/\/www.sosunc.org.ar\/web\/?page_id=8563<\/a><\/p>\n","protected":false},"excerpt":{"rendered":"<p>Se modifica la cobertura del programa Sumar Salud Estimados\/as: En el \u00faltimo a\u00f1o, se han producido grandes cambios en la pol\u00edtica de medicamentos de PAMI. Esto se evidencia en la reducci\u00f3n en los porcentajes de las coberturas y un importante aumento de los precios de los medicamentos incluidos en el vadem\u00e9cum de PAMI. Estos cambios [&hellip;]<\/p>\n","protected":false},"author":3,"featured_media":8573,"comment_status":"closed","ping_status":"closed","sticky":false,"template":"","format":"standard","meta":{"_coblocks_attr":"","_coblocks_dimensions":"","_coblocks_responsive_height":"","_coblocks_accordion_ie_support":"","footnotes":""},"categories":[22],"tags":[156,208,207],"class_list":["post-8572","post","type-post","status-publish","format-standard","has-post-thumbnail","hentry","category-novedades-sosunc","tag-cobertura","tag-pami","tag-sumar-salud"],"yoast_head":"<!-- This site is optimized with the Yoast SEO plugin v26.5 - https:\/\/yoast.com\/wordpress\/plugins\/seo\/ -->\n<title>Se modifica la cobertura del programa Sumar Salud - SOSUNC<\/title>\n<meta name=\"robots\" content=\"index, follow, max-snippet:-1, max-image-preview:large, max-video-preview:-1\" \/>\n<link rel=\"canonical\" href=\"https:\/\/www.sosunc.org.ar\/web\/?p=8572\" \/>\n<meta property=\"og:locale\" content=\"es_ES\" \/>\n<meta property=\"og:type\" content=\"article\" \/>\n<meta property=\"og:title\" content=\"Se modifica la cobertura del programa Sumar Salud - SOSUNC\" \/>\n<meta property=\"og:description\" content=\"Se modifica la cobertura del programa Sumar Salud Estimados\/as: En el \u00faltimo a\u00f1o, se han producido grandes cambios en la pol\u00edtica de medicamentos de PAMI. Esto se evidencia en la reducci\u00f3n en los porcentajes de las coberturas y un importante aumento de los precios de los medicamentos incluidos en el vadem\u00e9cum de PAMI. Estos cambios [&hellip;]\" \/>\n<meta property=\"og:url\" content=\"https:\/\/www.sosunc.org.ar\/web\/?p=8572\" \/>\n<meta property=\"og:site_name\" content=\"SOSUNC\" \/>\n<meta property=\"article:publisher\" content=\"https:\/\/www.facebook.com\/sosunc.unco\" \/>\n<meta property=\"article:author\" content=\"https:\/\/www.facebook.com\/sosunc.unco\" \/>\n<meta property=\"article:published_time\" content=\"2024-11-29T12:36:01+00:00\" \/>\n<meta property=\"og:image\" content=\"http:\/\/192.9.200.18\/wordpress\/wp-content\/uploads\/2024\/11\/Cambio-Sumar-Salud-no24.png\" \/>\n\t<meta property=\"og:image:width\" content=\"1039\" \/>\n\t<meta property=\"og:image:height\" content=\"1039\" \/>\n\t<meta property=\"og:image:type\" content=\"image\/png\" \/>\n<meta name=\"author\" content=\"Comunicaci\u00f3n SOSUNC\" \/>\n<meta name=\"twitter:card\" content=\"summary_large_image\" \/>\n<meta name=\"twitter:label1\" content=\"Escrito por\" \/>\n\t<meta name=\"twitter:data1\" content=\"Comunicaci\u00f3n SOSUNC\" \/>\n\t<meta name=\"twitter:label2\" content=\"Tiempo de lectura\" \/>\n\t<meta name=\"twitter:data2\" content=\"1 minuto\" \/>\n<script type=\"application\/ld+json\" class=\"yoast-schema-graph\">{\"@context\":\"https:\/\/schema.org\",\"@graph\":[{\"@type\":\"Article\",\"@id\":\"https:\/\/www.sosunc.org.ar\/web\/?p=8572#article\",\"isPartOf\":{\"@id\":\"https:\/\/www.sosunc.org.ar\/web\/?p=8572\"},\"author\":{\"name\":\"Comunicaci\u00f3n SOSUNC\",\"@id\":\"https:\/\/www.sosunc.org.ar\/web\/#\/schema\/person\/cb1a199a4e9d3cd4d50fe973caac0985\"},\"headline\":\"Se modifica la cobertura del programa Sumar Salud\",\"datePublished\":\"2024-11-29T12:36:01+00:00\",\"mainEntityOfPage\":{\"@id\":\"https:\/\/www.sosunc.org.ar\/web\/?p=8572\"},\"wordCount\":290,\"publisher\":{\"@id\":\"https:\/\/www.sosunc.org.ar\/web\/#organization\"},\"image\":{\"@id\":\"https:\/\/www.sosunc.org.ar\/web\/?p=8572#primaryimage\"},\"thumbnailUrl\":\"https:\/\/192.9.200.18\/wordpress\/wp-content\/uploads\/2024\/11\/Cambio-Sumar-Salud-no24.png\",\"keywords\":[\"cobertura\",\"PAMI\",\"Sumar Salud\"],\"articleSection\":[\"novedades-sosunc\"],\"inLanguage\":\"es-AR\"},{\"@type\":\"WebPage\",\"@id\":\"https:\/\/www.sosunc.org.ar\/web\/?p=8572\",\"url\":\"https:\/\/www.sosunc.org.ar\/web\/?p=8572\",\"name\":\"Se modifica la cobertura del programa Sumar Salud - SOSUNC\",\"isPartOf\":{\"@id\":\"https:\/\/www.sosunc.org.ar\/web\/#website\"},\"primaryImageOfPage\":{\"@id\":\"https:\/\/www.sosunc.org.ar\/web\/?p=8572#primaryimage\"},\"image\":{\"@id\":\"https:\/\/www.sosunc.org.ar\/web\/?p=8572#primaryimage\"},\"thumbnailUrl\":\"https:\/\/192.9.200.18\/wordpress\/wp-content\/uploads\/2024\/11\/Cambio-Sumar-Salud-no24.png\",\"datePublished\":\"2024-11-29T12:36:01+00:00\",\"breadcrumb\":{\"@id\":\"https:\/\/www.sosunc.org.ar\/web\/?p=8572#breadcrumb\"},\"inLanguage\":\"es-AR\",\"potentialAction\":[{\"@type\":\"ReadAction\",\"target\":[\"https:\/\/www.sosunc.org.ar\/web\/?p=8572\"]}]},{\"@type\":\"ImageObject\",\"inLanguage\":\"es-AR\",\"@id\":\"https:\/\/www.sosunc.org.ar\/web\/?p=8572#primaryimage\",\"url\":\"https:\/\/192.9.200.18\/wordpress\/wp-content\/uploads\/2024\/11\/Cambio-Sumar-Salud-no24.png\",\"contentUrl\":\"https:\/\/192.9.200.18\/wordpress\/wp-content\/uploads\/2024\/11\/Cambio-Sumar-Salud-no24.png\",\"width\":1039,\"height\":1039},{\"@type\":\"BreadcrumbList\",\"@id\":\"https:\/\/www.sosunc.org.ar\/web\/?p=8572#breadcrumb\",\"itemListElement\":[{\"@type\":\"ListItem\",\"position\":1,\"name\":\"Inicio\",\"item\":\"https:\/\/www.sosunc.org.ar\/web\/\"},{\"@type\":\"ListItem\",\"position\":2,\"name\":\"Se modifica la cobertura del programa Sumar Salud\"}]},{\"@type\":\"WebSite\",\"@id\":\"https:\/\/www.sosunc.org.ar\/web\/#website\",\"url\":\"https:\/\/www.sosunc.org.ar\/web\/\",\"name\":\"SOSUNC\",\"description\":\"Servicio de Obra Social de la Universidad Nacional del Comahue\",\"publisher\":{\"@id\":\"https:\/\/www.sosunc.org.ar\/web\/#organization\"},\"potentialAction\":[{\"@type\":\"SearchAction\",\"target\":{\"@type\":\"EntryPoint\",\"urlTemplate\":\"https:\/\/www.sosunc.org.ar\/web\/?s={search_term_string}\"},\"query-input\":{\"@type\":\"PropertyValueSpecification\",\"valueRequired\":true,\"valueName\":\"search_term_string\"}}],\"inLanguage\":\"es-AR\"},{\"@type\":\"Organization\",\"@id\":\"https:\/\/www.sosunc.org.ar\/web\/#organization\",\"name\":\"Servicio de Obra Social Universidad Nacional del Comahue\",\"url\":\"https:\/\/www.sosunc.org.ar\/web\/\",\"logo\":{\"@type\":\"ImageObject\",\"inLanguage\":\"es-AR\",\"@id\":\"https:\/\/www.sosunc.org.ar\/web\/#\/schema\/logo\/image\/\",\"url\":\"https:\/\/192.9.200.18\/wordpress\/wp-content\/uploads\/2022\/06\/logososunc.png\",\"contentUrl\":\"https:\/\/192.9.200.18\/wordpress\/wp-content\/uploads\/2022\/06\/logososunc.png\",\"width\":333,\"height\":333,\"caption\":\"Servicio de Obra Social Universidad Nacional del Comahue\"},\"image\":{\"@id\":\"https:\/\/www.sosunc.org.ar\/web\/#\/schema\/logo\/image\/\"},\"sameAs\":[\"https:\/\/www.facebook.com\/sosunc.unco\"]},{\"@type\":\"Person\",\"@id\":\"https:\/\/www.sosunc.org.ar\/web\/#\/schema\/person\/cb1a199a4e9d3cd4d50fe973caac0985\",\"name\":\"Comunicaci\u00f3n SOSUNC\",\"image\":{\"@type\":\"ImageObject\",\"inLanguage\":\"es-AR\",\"@id\":\"https:\/\/www.sosunc.org.ar\/web\/#\/schema\/person\/image\/\",\"url\":\"https:\/\/secure.gravatar.com\/avatar\/4287850329e836b922e780de7b869301223afe7f2dc5f72c6b1f8d017d1b050b?s=96&d=mm&r=g\",\"contentUrl\":\"https:\/\/secure.gravatar.com\/avatar\/4287850329e836b922e780de7b869301223afe7f2dc5f72c6b1f8d017d1b050b?s=96&d=mm&r=g\",\"caption\":\"Comunicaci\u00f3n SOSUNC\"},\"sameAs\":[\"https:\/\/www.facebook.com\/sosunc.unco\",\"https:\/\/www.instagram.com\/sosunc.unco\/\"],\"url\":\"https:\/\/www.sosunc.org.ar\/web\/?author=3\"}]}<\/script>\n<!-- \/ Yoast SEO plugin. -->","yoast_head_json":{"title":"Se modifica la cobertura del programa Sumar Salud - SOSUNC","robots":{"index":"index","follow":"follow","max-snippet":"max-snippet:-1","max-image-preview":"max-image-preview:large","max-video-preview":"max-video-preview:-1"},"canonical":"https:\/\/www.sosunc.org.ar\/web\/?p=8572","og_locale":"es_ES","og_type":"article","og_title":"Se modifica la cobertura del programa Sumar Salud - SOSUNC","og_description":"Se modifica la cobertura del programa Sumar Salud Estimados\/as: En el \u00faltimo a\u00f1o, se han producido grandes cambios en la pol\u00edtica de medicamentos de PAMI. Esto se evidencia en la reducci\u00f3n en los porcentajes de las coberturas y un importante aumento de los precios de los medicamentos incluidos en el vadem\u00e9cum de PAMI. Estos cambios [&hellip;]","og_url":"https:\/\/www.sosunc.org.ar\/web\/?p=8572","og_site_name":"SOSUNC","article_publisher":"https:\/\/www.facebook.com\/sosunc.unco","article_author":"https:\/\/www.facebook.com\/sosunc.unco","article_published_time":"2024-11-29T12:36:01+00:00","og_image":[{"width":1039,"height":1039,"url":"http:\/\/192.9.200.18\/wordpress\/wp-content\/uploads\/2024\/11\/Cambio-Sumar-Salud-no24.png","type":"image\/png"}],"author":"Comunicaci\u00f3n SOSUNC","twitter_card":"summary_large_image","twitter_misc":{"Escrito por":"Comunicaci\u00f3n SOSUNC","Tiempo de lectura":"1 minuto"},"schema":{"@context":"https:\/\/schema.org","@graph":[{"@type":"Article","@id":"https:\/\/www.sosunc.org.ar\/web\/?p=8572#article","isPartOf":{"@id":"https:\/\/www.sosunc.org.ar\/web\/?p=8572"},"author":{"name":"Comunicaci\u00f3n SOSUNC","@id":"https:\/\/www.sosunc.org.ar\/web\/#\/schema\/person\/cb1a199a4e9d3cd4d50fe973caac0985"},"headline":"Se modifica la cobertura del programa Sumar Salud","datePublished":"2024-11-29T12:36:01+00:00","mainEntityOfPage":{"@id":"https:\/\/www.sosunc.org.ar\/web\/?p=8572"},"wordCount":290,"publisher":{"@id":"https:\/\/www.sosunc.org.ar\/web\/#organization"},"image":{"@id":"https:\/\/www.sosunc.org.ar\/web\/?p=8572#primaryimage"},"thumbnailUrl":"https:\/\/192.9.200.18\/wordpress\/wp-content\/uploads\/2024\/11\/Cambio-Sumar-Salud-no24.png","keywords":["cobertura","PAMI","Sumar Salud"],"articleSection":["novedades-sosunc"],"inLanguage":"es-AR"},{"@type":"WebPage","@id":"https:\/\/www.sosunc.org.ar\/web\/?p=8572","url":"https:\/\/www.sosunc.org.ar\/web\/?p=8572","name":"Se modifica la cobertura del programa Sumar Salud - SOSUNC","isPartOf":{"@id":"https:\/\/www.sosunc.org.ar\/web\/#website"},"primaryImageOfPage":{"@id":"https:\/\/www.sosunc.org.ar\/web\/?p=8572#primaryimage"},"image":{"@id":"https:\/\/www.sosunc.org.ar\/web\/?p=8572#primaryimage"},"thumbnailUrl":"https:\/\/192.9.200.18\/wordpress\/wp-content\/uploads\/2024\/11\/Cambio-Sumar-Salud-no24.png","datePublished":"2024-11-29T12:36:01+00:00","breadcrumb":{"@id":"https:\/\/www.sosunc.org.ar\/web\/?p=8572#breadcrumb"},"inLanguage":"es-AR","potentialAction":[{"@type":"ReadAction","target":["https:\/\/www.sosunc.org.ar\/web\/?p=8572"]}]},{"@type":"ImageObject","inLanguage":"es-AR","@id":"https:\/\/www.sosunc.org.ar\/web\/?p=8572#primaryimage","url":"https:\/\/192.9.200.18\/wordpress\/wp-content\/uploads\/2024\/11\/Cambio-Sumar-Salud-no24.png","contentUrl":"https:\/\/192.9.200.18\/wordpress\/wp-content\/uploads\/2024\/11\/Cambio-Sumar-Salud-no24.png","width":1039,"height":1039},{"@type":"BreadcrumbList","@id":"https:\/\/www.sosunc.org.ar\/web\/?p=8572#breadcrumb","itemListElement":[{"@type":"ListItem","position":1,"name":"Inicio","item":"https:\/\/www.sosunc.org.ar\/web\/"},{"@type":"ListItem","position":2,"name":"Se modifica la cobertura del programa Sumar Salud"}]},{"@type":"WebSite","@id":"https:\/\/www.sosunc.org.ar\/web\/#website","url":"https:\/\/www.sosunc.org.ar\/web\/","name":"SOSUNC","description":"Servicio de Obra Social de la Universidad Nacional del Comahue","publisher":{"@id":"https:\/\/www.sosunc.org.ar\/web\/#organization"},"potentialAction":[{"@type":"SearchAction","target":{"@type":"EntryPoint","urlTemplate":"https:\/\/www.sosunc.org.ar\/web\/?s={search_term_string}"},"query-input":{"@type":"PropertyValueSpecification","valueRequired":true,"valueName":"search_term_string"}}],"inLanguage":"es-AR"},{"@type":"Organization","@id":"https:\/\/www.sosunc.org.ar\/web\/#organization","name":"Servicio de Obra Social Universidad Nacional del Comahue","url":"https:\/\/www.sosunc.org.ar\/web\/","logo":{"@type":"ImageObject","inLanguage":"es-AR","@id":"https:\/\/www.sosunc.org.ar\/web\/#\/schema\/logo\/image\/","url":"https:\/\/192.9.200.18\/wordpress\/wp-content\/uploads\/2022\/06\/logososunc.png","contentUrl":"https:\/\/192.9.200.18\/wordpress\/wp-content\/uploads\/2022\/06\/logososunc.png","width":333,"height":333,"caption":"Servicio de Obra Social Universidad Nacional del Comahue"},"image":{"@id":"https:\/\/www.sosunc.org.ar\/web\/#\/schema\/logo\/image\/"},"sameAs":["https:\/\/www.facebook.com\/sosunc.unco"]},{"@type":"Person","@id":"https:\/\/www.sosunc.org.ar\/web\/#\/schema\/person\/cb1a199a4e9d3cd4d50fe973caac0985","name":"Comunicaci\u00f3n SOSUNC","image":{"@type":"ImageObject","inLanguage":"es-AR","@id":"https:\/\/www.sosunc.org.ar\/web\/#\/schema\/person\/image\/","url":"https:\/\/secure.gravatar.com\/avatar\/4287850329e836b922e780de7b869301223afe7f2dc5f72c6b1f8d017d1b050b?s=96&d=mm&r=g","contentUrl":"https:\/\/secure.gravatar.com\/avatar\/4287850329e836b922e780de7b869301223afe7f2dc5f72c6b1f8d017d1b050b?s=96&d=mm&r=g","caption":"Comunicaci\u00f3n SOSUNC"},"sameAs":["https:\/\/www.facebook.com\/sosunc.unco","https:\/\/www.instagram.com\/sosunc.unco\/"],"url":"https:\/\/www.sosunc.org.ar\/web\/?author=3"}]}},"_links":{"self":[{"href":"https:\/\/www.sosunc.org.ar\/web\/index.php?rest_route=\/wp\/v2\/posts\/8572","targetHints":{"allow":["GET"]}}],"collection":[{"href":"https:\/\/www.sosunc.org.ar\/web\/index.php?rest_route=\/wp\/v2\/posts"}],"about":[{"href":"https:\/\/www.sosunc.org.ar\/web\/index.php?rest_route=\/wp\/v2\/types\/post"}],"author":[{"embeddable":true,"href":"https:\/\/www.sosunc.org.ar\/web\/index.php?rest_route=\/wp\/v2\/users\/3"}],"replies":[{"embeddable":true,"href":"https:\/\/www.sosunc.org.ar\/web\/index.php?rest_route=%2Fwp%2Fv2%2Fcomments&post=8572"}],"version-history":[{"count":1,"href":"https:\/\/www.sosunc.org.ar\/web\/index.php?rest_route=\/wp\/v2\/posts\/8572\/revisions"}],"predecessor-version":[{"id":8574,"href":"https:\/\/www.sosunc.org.ar\/web\/index.php?rest_route=\/wp\/v2\/posts\/8572\/revisions\/8574"}],"wp:featuredmedia":[{"embeddable":true,"href":"https:\/\/www.sosunc.org.ar\/web\/index.php?rest_route=\/wp\/v2\/media\/8573"}],"wp:attachment":[{"href":"https:\/\/www.sosunc.org.ar\/web\/index.php?rest_route=%2Fwp%2Fv2%2Fmedia&parent=8572"}],"wp:term":[{"taxonomy":"category","embeddable":true,"href":"https:\/\/www.sosunc.org.ar\/web\/index.php?rest_route=%2Fwp%2Fv2%2Fcategories&post=8572"},{"taxonomy":"post_tag","embeddable":true,"href":"https:\/\/www.sosunc.org.ar\/web\/index.php?rest_route=%2Fwp%2Fv2%2Ftags&post=8572"}],"curies":[{"name":"wp","href":"https:\/\/api.w.org\/{rel}","templated":true}]}}