{"id":7970,"date":"2024-09-17T14:09:41","date_gmt":"2024-09-17T17:09:41","guid":{"rendered":"https:\/\/www.sosunc.org.ar\/web\/?p=7970"},"modified":"2024-09-17T14:11:25","modified_gmt":"2024-09-17T17:11:25","slug":"eleccion-2024-padron-oficial-y-avales","status":"publish","type":"post","link":"https:\/\/www.sosunc.org.ar\/web\/?p=7970","title":{"rendered":"Elecci\u00f3n 2024: padr\u00f3n oficial y avales"},"content":{"rendered":"\n<h2 class=\"wp-block-heading has-text-color has-link-color wp-elements-f422e22247e356175bc99c6be5b34b13\" style=\"color:#01114c\"><strong>Elecci\u00f3n 2024: padr\u00f3n oficial y avales<\/strong><\/h2>\n\n\n\n<p>Estimados afiliados y afiliadas:<\/p>\n\n\n\n<p>Compartimos el padr\u00f3n oficial para las elecciones de renovaci\u00f3n del Consejo Directivo de SOSUNC, convocadas para el martes 5 de noviembre de 2024:\u00a0 <a href=\"https:\/\/www.sosunc.org.ar\/web\/wp-content\/uploads\/2024\/09\/Padron-Electoral-2024-DEFINITIVO-17-09-2024.pdf\" target=\"_blank\" rel=\"noreferrer noopener\">VER PADR\u00d3N DEFINITIVO<\/a><\/p>\n\n\n\n<p>El lunes 16 de septiembre, concluy\u00f3 el per\u00edodo para correcciones e impugnaciones en el padr\u00f3n y el lunes 30 de septiembre es la fecha prevista en el cronograma para la presentaci\u00f3n de las listas. Compartimos la planilla modelo para reunir los avales ac\u00e1: <a href=\"https:\/\/www.sosunc.org.ar\/web\/wp-content\/uploads\/2024\/09\/Planilla-de-Avales.pdf\" target=\"_blank\" rel=\"noreferrer noopener\">VER PLANILLA DE AVALES<\/a><\/p>\n\n\n\n<p>Cada lista debe reunir el aval de al menos el 2 por ciento de los integrantes del padr\u00f3n definitivo. Para las listas de los claustros docente y nodocente, son tres candidatos titulares y tres suplentes. Para la lista de adherentes (jubilados\/as), es un titular y un suplente.&nbsp;<\/p>\n\n\n\n<p>Pueden consultar la normativa completa y toda la informaci\u00f3n disponible sobre esta convocatoria ac\u00e1: <a href=\"https:\/\/www.sosunc.org.ar\/web\/?p=7787\" target=\"_blank\" rel=\"noreferrer noopener\">ELECCIONES 2024<\/a><\/p>\n\n\n\n<p><em>SOSUNC, una obra social gestionada por sus afiliados\/as.<\/em><\/p>\n\n\n\n<p><\/p>\n\n\n\n<p><\/p>\n\n\n\n<p><\/p>\n","protected":false},"excerpt":{"rendered":"<p>Elecci\u00f3n 2024: padr\u00f3n oficial y avales Estimados afiliados y afiliadas: Compartimos el padr\u00f3n oficial para las elecciones de renovaci\u00f3n del Consejo Directivo de SOSUNC, convocadas para el martes 5 de noviembre de 2024:\u00a0 VER PADR\u00d3N DEFINITIVO El lunes 16 de septiembre, concluy\u00f3 el per\u00edodo para correcciones e impugnaciones en el padr\u00f3n y el lunes 30 [&hellip;]<\/p>\n","protected":false},"author":3,"featured_media":7967,"comment_status":"closed","ping_status":"closed","sticky":false,"template":"","format":"standard","meta":{"_coblocks_attr":"","_coblocks_dimensions":"","_coblocks_responsive_height":"","_coblocks_accordion_ie_support":"","footnotes":""},"categories":[22],"tags":[295,305,223,296,299,51],"class_list":["post-7970","post","type-post","status-publish","format-standard","has-post-thumbnail","hentry","category-novedades-sosunc","tag-295","tag-avales","tag-consejo-directivo","tag-elecciones","tag-padron","tag-sosunc"],"yoast_head":"<!-- This site is optimized with the Yoast SEO plugin v26.5 - https:\/\/yoast.com\/wordpress\/plugins\/seo\/ -->\n<title>Elecci\u00f3n 2024: padr\u00f3n oficial y avales - SOSUNC<\/title>\n<meta name=\"robots\" content=\"index, follow, max-snippet:-1, max-image-preview:large, max-video-preview:-1\" \/>\n<link rel=\"canonical\" href=\"https:\/\/www.sosunc.org.ar\/web\/?p=7970\" \/>\n<meta property=\"og:locale\" content=\"es_ES\" \/>\n<meta property=\"og:type\" content=\"article\" \/>\n<meta property=\"og:title\" content=\"Elecci\u00f3n 2024: padr\u00f3n oficial y avales - SOSUNC\" \/>\n<meta property=\"og:description\" content=\"Elecci\u00f3n 2024: padr\u00f3n oficial y avales Estimados afiliados y afiliadas: Compartimos el padr\u00f3n oficial para las elecciones de renovaci\u00f3n del Consejo Directivo de SOSUNC, convocadas para el martes 5 de noviembre de 2024:\u00a0 VER PADR\u00d3N DEFINITIVO El lunes 16 de septiembre, concluy\u00f3 el per\u00edodo para correcciones e impugnaciones en el padr\u00f3n y el lunes 30 [&hellip;]\" \/>\n<meta property=\"og:url\" content=\"https:\/\/www.sosunc.org.ar\/web\/?p=7970\" \/>\n<meta property=\"og:site_name\" content=\"SOSUNC\" \/>\n<meta property=\"article:publisher\" content=\"https:\/\/www.facebook.com\/sosunc.unco\" \/>\n<meta property=\"article:author\" content=\"https:\/\/www.facebook.com\/sosunc.unco\" \/>\n<meta property=\"article:published_time\" content=\"2024-09-17T17:09:41+00:00\" \/>\n<meta property=\"article:modified_time\" content=\"2024-09-17T17:11:25+00:00\" \/>\n<meta property=\"og:image\" content=\"http:\/\/192.9.200.18\/wordpress\/wp-content\/uploads\/2024\/09\/Padron-oficial-y-avales.png\" \/>\n\t<meta property=\"og:image:width\" content=\"974\" \/>\n\t<meta property=\"og:image:height\" content=\"974\" \/>\n\t<meta property=\"og:image:type\" content=\"image\/png\" \/>\n<meta name=\"author\" content=\"Comunicaci\u00f3n SOSUNC\" \/>\n<meta name=\"twitter:card\" content=\"summary_large_image\" \/>\n<meta name=\"twitter:label1\" content=\"Escrito por\" \/>\n\t<meta name=\"twitter:data1\" content=\"Comunicaci\u00f3n SOSUNC\" \/>\n\t<meta name=\"twitter:label2\" content=\"Tiempo de lectura\" \/>\n\t<meta name=\"twitter:data2\" content=\"1 minuto\" \/>\n<script type=\"application\/ld+json\" class=\"yoast-schema-graph\">{\"@context\":\"https:\/\/schema.org\",\"@graph\":[{\"@type\":\"Article\",\"@id\":\"https:\/\/www.sosunc.org.ar\/web\/?p=7970#article\",\"isPartOf\":{\"@id\":\"https:\/\/www.sosunc.org.ar\/web\/?p=7970\"},\"author\":{\"name\":\"Comunicaci\u00f3n SOSUNC\",\"@id\":\"https:\/\/www.sosunc.org.ar\/web\/#\/schema\/person\/cb1a199a4e9d3cd4d50fe973caac0985\"},\"headline\":\"Elecci\u00f3n 2024: padr\u00f3n oficial y avales\",\"datePublished\":\"2024-09-17T17:09:41+00:00\",\"dateModified\":\"2024-09-17T17:11:25+00:00\",\"mainEntityOfPage\":{\"@id\":\"https:\/\/www.sosunc.org.ar\/web\/?p=7970\"},\"wordCount\":167,\"publisher\":{\"@id\":\"https:\/\/www.sosunc.org.ar\/web\/#organization\"},\"image\":{\"@id\":\"https:\/\/www.sosunc.org.ar\/web\/?p=7970#primaryimage\"},\"thumbnailUrl\":\"https:\/\/192.9.200.18\/wordpress\/wp-content\/uploads\/2024\/09\/Padron-oficial-y-avales.png\",\"keywords\":[\"2024\",\"avales\",\"Consejo Directivo\",\"Elecciones\",\"padr\u00f3n\",\"SOSUNC\"],\"articleSection\":[\"novedades-sosunc\"],\"inLanguage\":\"es-AR\"},{\"@type\":\"WebPage\",\"@id\":\"https:\/\/www.sosunc.org.ar\/web\/?p=7970\",\"url\":\"https:\/\/www.sosunc.org.ar\/web\/?p=7970\",\"name\":\"Elecci\u00f3n 2024: padr\u00f3n oficial y avales - SOSUNC\",\"isPartOf\":{\"@id\":\"https:\/\/www.sosunc.org.ar\/web\/#website\"},\"primaryImageOfPage\":{\"@id\":\"https:\/\/www.sosunc.org.ar\/web\/?p=7970#primaryimage\"},\"image\":{\"@id\":\"https:\/\/www.sosunc.org.ar\/web\/?p=7970#primaryimage\"},\"thumbnailUrl\":\"https:\/\/192.9.200.18\/wordpress\/wp-content\/uploads\/2024\/09\/Padron-oficial-y-avales.png\",\"datePublished\":\"2024-09-17T17:09:41+00:00\",\"dateModified\":\"2024-09-17T17:11:25+00:00\",\"breadcrumb\":{\"@id\":\"https:\/\/www.sosunc.org.ar\/web\/?p=7970#breadcrumb\"},\"inLanguage\":\"es-AR\",\"potentialAction\":[{\"@type\":\"ReadAction\",\"target\":[\"https:\/\/www.sosunc.org.ar\/web\/?p=7970\"]}]},{\"@type\":\"ImageObject\",\"inLanguage\":\"es-AR\",\"@id\":\"https:\/\/www.sosunc.org.ar\/web\/?p=7970#primaryimage\",\"url\":\"https:\/\/192.9.200.18\/wordpress\/wp-content\/uploads\/2024\/09\/Padron-oficial-y-avales.png\",\"contentUrl\":\"https:\/\/192.9.200.18\/wordpress\/wp-content\/uploads\/2024\/09\/Padron-oficial-y-avales.png\",\"width\":974,\"height\":974},{\"@type\":\"BreadcrumbList\",\"@id\":\"https:\/\/www.sosunc.org.ar\/web\/?p=7970#breadcrumb\",\"itemListElement\":[{\"@type\":\"ListItem\",\"position\":1,\"name\":\"Inicio\",\"item\":\"https:\/\/www.sosunc.org.ar\/web\/\"},{\"@type\":\"ListItem\",\"position\":2,\"name\":\"Elecci\u00f3n 2024: padr\u00f3n oficial y avales\"}]},{\"@type\":\"WebSite\",\"@id\":\"https:\/\/www.sosunc.org.ar\/web\/#website\",\"url\":\"https:\/\/www.sosunc.org.ar\/web\/\",\"name\":\"SOSUNC\",\"description\":\"Servicio de Obra Social de la Universidad Nacional del Comahue\",\"publisher\":{\"@id\":\"https:\/\/www.sosunc.org.ar\/web\/#organization\"},\"potentialAction\":[{\"@type\":\"SearchAction\",\"target\":{\"@type\":\"EntryPoint\",\"urlTemplate\":\"https:\/\/www.sosunc.org.ar\/web\/?s={search_term_string}\"},\"query-input\":{\"@type\":\"PropertyValueSpecification\",\"valueRequired\":true,\"valueName\":\"search_term_string\"}}],\"inLanguage\":\"es-AR\"},{\"@type\":\"Organization\",\"@id\":\"https:\/\/www.sosunc.org.ar\/web\/#organization\",\"name\":\"Servicio de Obra Social Universidad Nacional del Comahue\",\"url\":\"https:\/\/www.sosunc.org.ar\/web\/\",\"logo\":{\"@type\":\"ImageObject\",\"inLanguage\":\"es-AR\",\"@id\":\"https:\/\/www.sosunc.org.ar\/web\/#\/schema\/logo\/image\/\",\"url\":\"https:\/\/192.9.200.18\/wordpress\/wp-content\/uploads\/2022\/06\/logososunc.png\",\"contentUrl\":\"https:\/\/192.9.200.18\/wordpress\/wp-content\/uploads\/2022\/06\/logososunc.png\",\"width\":333,\"height\":333,\"caption\":\"Servicio de Obra Social Universidad Nacional del Comahue\"},\"image\":{\"@id\":\"https:\/\/www.sosunc.org.ar\/web\/#\/schema\/logo\/image\/\"},\"sameAs\":[\"https:\/\/www.facebook.com\/sosunc.unco\"]},{\"@type\":\"Person\",\"@id\":\"https:\/\/www.sosunc.org.ar\/web\/#\/schema\/person\/cb1a199a4e9d3cd4d50fe973caac0985\",\"name\":\"Comunicaci\u00f3n SOSUNC\",\"image\":{\"@type\":\"ImageObject\",\"inLanguage\":\"es-AR\",\"@id\":\"https:\/\/www.sosunc.org.ar\/web\/#\/schema\/person\/image\/\",\"url\":\"https:\/\/secure.gravatar.com\/avatar\/4287850329e836b922e780de7b869301223afe7f2dc5f72c6b1f8d017d1b050b?s=96&d=mm&r=g\",\"contentUrl\":\"https:\/\/secure.gravatar.com\/avatar\/4287850329e836b922e780de7b869301223afe7f2dc5f72c6b1f8d017d1b050b?s=96&d=mm&r=g\",\"caption\":\"Comunicaci\u00f3n SOSUNC\"},\"sameAs\":[\"https:\/\/www.facebook.com\/sosunc.unco\",\"https:\/\/www.instagram.com\/sosunc.unco\/\"],\"url\":\"https:\/\/www.sosunc.org.ar\/web\/?author=3\"}]}<\/script>\n<!-- \/ Yoast SEO plugin. -->","yoast_head_json":{"title":"Elecci\u00f3n 2024: padr\u00f3n oficial y avales - SOSUNC","robots":{"index":"index","follow":"follow","max-snippet":"max-snippet:-1","max-image-preview":"max-image-preview:large","max-video-preview":"max-video-preview:-1"},"canonical":"https:\/\/www.sosunc.org.ar\/web\/?p=7970","og_locale":"es_ES","og_type":"article","og_title":"Elecci\u00f3n 2024: padr\u00f3n oficial y avales - SOSUNC","og_description":"Elecci\u00f3n 2024: padr\u00f3n oficial y avales Estimados afiliados y afiliadas: Compartimos el padr\u00f3n oficial para las elecciones de renovaci\u00f3n del Consejo Directivo de SOSUNC, convocadas para el martes 5 de noviembre de 2024:\u00a0 VER PADR\u00d3N DEFINITIVO El lunes 16 de septiembre, concluy\u00f3 el per\u00edodo para correcciones e impugnaciones en el padr\u00f3n y el lunes 30 [&hellip;]","og_url":"https:\/\/www.sosunc.org.ar\/web\/?p=7970","og_site_name":"SOSUNC","article_publisher":"https:\/\/www.facebook.com\/sosunc.unco","article_author":"https:\/\/www.facebook.com\/sosunc.unco","article_published_time":"2024-09-17T17:09:41+00:00","article_modified_time":"2024-09-17T17:11:25+00:00","og_image":[{"width":974,"height":974,"url":"http:\/\/192.9.200.18\/wordpress\/wp-content\/uploads\/2024\/09\/Padron-oficial-y-avales.png","type":"image\/png"}],"author":"Comunicaci\u00f3n SOSUNC","twitter_card":"summary_large_image","twitter_misc":{"Escrito por":"Comunicaci\u00f3n SOSUNC","Tiempo de lectura":"1 minuto"},"schema":{"@context":"https:\/\/schema.org","@graph":[{"@type":"Article","@id":"https:\/\/www.sosunc.org.ar\/web\/?p=7970#article","isPartOf":{"@id":"https:\/\/www.sosunc.org.ar\/web\/?p=7970"},"author":{"name":"Comunicaci\u00f3n SOSUNC","@id":"https:\/\/www.sosunc.org.ar\/web\/#\/schema\/person\/cb1a199a4e9d3cd4d50fe973caac0985"},"headline":"Elecci\u00f3n 2024: padr\u00f3n oficial y avales","datePublished":"2024-09-17T17:09:41+00:00","dateModified":"2024-09-17T17:11:25+00:00","mainEntityOfPage":{"@id":"https:\/\/www.sosunc.org.ar\/web\/?p=7970"},"wordCount":167,"publisher":{"@id":"https:\/\/www.sosunc.org.ar\/web\/#organization"},"image":{"@id":"https:\/\/www.sosunc.org.ar\/web\/?p=7970#primaryimage"},"thumbnailUrl":"https:\/\/192.9.200.18\/wordpress\/wp-content\/uploads\/2024\/09\/Padron-oficial-y-avales.png","keywords":["2024","avales","Consejo Directivo","Elecciones","padr\u00f3n","SOSUNC"],"articleSection":["novedades-sosunc"],"inLanguage":"es-AR"},{"@type":"WebPage","@id":"https:\/\/www.sosunc.org.ar\/web\/?p=7970","url":"https:\/\/www.sosunc.org.ar\/web\/?p=7970","name":"Elecci\u00f3n 2024: padr\u00f3n oficial y avales - SOSUNC","isPartOf":{"@id":"https:\/\/www.sosunc.org.ar\/web\/#website"},"primaryImageOfPage":{"@id":"https:\/\/www.sosunc.org.ar\/web\/?p=7970#primaryimage"},"image":{"@id":"https:\/\/www.sosunc.org.ar\/web\/?p=7970#primaryimage"},"thumbnailUrl":"https:\/\/192.9.200.18\/wordpress\/wp-content\/uploads\/2024\/09\/Padron-oficial-y-avales.png","datePublished":"2024-09-17T17:09:41+00:00","dateModified":"2024-09-17T17:11:25+00:00","breadcrumb":{"@id":"https:\/\/www.sosunc.org.ar\/web\/?p=7970#breadcrumb"},"inLanguage":"es-AR","potentialAction":[{"@type":"ReadAction","target":["https:\/\/www.sosunc.org.ar\/web\/?p=7970"]}]},{"@type":"ImageObject","inLanguage":"es-AR","@id":"https:\/\/www.sosunc.org.ar\/web\/?p=7970#primaryimage","url":"https:\/\/192.9.200.18\/wordpress\/wp-content\/uploads\/2024\/09\/Padron-oficial-y-avales.png","contentUrl":"https:\/\/192.9.200.18\/wordpress\/wp-content\/uploads\/2024\/09\/Padron-oficial-y-avales.png","width":974,"height":974},{"@type":"BreadcrumbList","@id":"https:\/\/www.sosunc.org.ar\/web\/?p=7970#breadcrumb","itemListElement":[{"@type":"ListItem","position":1,"name":"Inicio","item":"https:\/\/www.sosunc.org.ar\/web\/"},{"@type":"ListItem","position":2,"name":"Elecci\u00f3n 2024: padr\u00f3n oficial y avales"}]},{"@type":"WebSite","@id":"https:\/\/www.sosunc.org.ar\/web\/#website","url":"https:\/\/www.sosunc.org.ar\/web\/","name":"SOSUNC","description":"Servicio de Obra Social de la Universidad Nacional del Comahue","publisher":{"@id":"https:\/\/www.sosunc.org.ar\/web\/#organization"},"potentialAction":[{"@type":"SearchAction","target":{"@type":"EntryPoint","urlTemplate":"https:\/\/www.sosunc.org.ar\/web\/?s={search_term_string}"},"query-input":{"@type":"PropertyValueSpecification","valueRequired":true,"valueName":"search_term_string"}}],"inLanguage":"es-AR"},{"@type":"Organization","@id":"https:\/\/www.sosunc.org.ar\/web\/#organization","name":"Servicio de Obra Social Universidad Nacional del Comahue","url":"https:\/\/www.sosunc.org.ar\/web\/","logo":{"@type":"ImageObject","inLanguage":"es-AR","@id":"https:\/\/www.sosunc.org.ar\/web\/#\/schema\/logo\/image\/","url":"https:\/\/192.9.200.18\/wordpress\/wp-content\/uploads\/2022\/06\/logososunc.png","contentUrl":"https:\/\/192.9.200.18\/wordpress\/wp-content\/uploads\/2022\/06\/logososunc.png","width":333,"height":333,"caption":"Servicio de Obra Social Universidad Nacional del Comahue"},"image":{"@id":"https:\/\/www.sosunc.org.ar\/web\/#\/schema\/logo\/image\/"},"sameAs":["https:\/\/www.facebook.com\/sosunc.unco"]},{"@type":"Person","@id":"https:\/\/www.sosunc.org.ar\/web\/#\/schema\/person\/cb1a199a4e9d3cd4d50fe973caac0985","name":"Comunicaci\u00f3n SOSUNC","image":{"@type":"ImageObject","inLanguage":"es-AR","@id":"https:\/\/www.sosunc.org.ar\/web\/#\/schema\/person\/image\/","url":"https:\/\/secure.gravatar.com\/avatar\/4287850329e836b922e780de7b869301223afe7f2dc5f72c6b1f8d017d1b050b?s=96&d=mm&r=g","contentUrl":"https:\/\/secure.gravatar.com\/avatar\/4287850329e836b922e780de7b869301223afe7f2dc5f72c6b1f8d017d1b050b?s=96&d=mm&r=g","caption":"Comunicaci\u00f3n SOSUNC"},"sameAs":["https:\/\/www.facebook.com\/sosunc.unco","https:\/\/www.instagram.com\/sosunc.unco\/"],"url":"https:\/\/www.sosunc.org.ar\/web\/?author=3"}]}},"_links":{"self":[{"href":"https:\/\/www.sosunc.org.ar\/web\/index.php?rest_route=\/wp\/v2\/posts\/7970","targetHints":{"allow":["GET"]}}],"collection":[{"href":"https:\/\/www.sosunc.org.ar\/web\/index.php?rest_route=\/wp\/v2\/posts"}],"about":[{"href":"https:\/\/www.sosunc.org.ar\/web\/index.php?rest_route=\/wp\/v2\/types\/post"}],"author":[{"embeddable":true,"href":"https:\/\/www.sosunc.org.ar\/web\/index.php?rest_route=\/wp\/v2\/users\/3"}],"replies":[{"embeddable":true,"href":"https:\/\/www.sosunc.org.ar\/web\/index.php?rest_route=%2Fwp%2Fv2%2Fcomments&post=7970"}],"version-history":[{"count":3,"href":"https:\/\/www.sosunc.org.ar\/web\/index.php?rest_route=\/wp\/v2\/posts\/7970\/revisions"}],"predecessor-version":[{"id":7973,"href":"https:\/\/www.sosunc.org.ar\/web\/index.php?rest_route=\/wp\/v2\/posts\/7970\/revisions\/7973"}],"wp:featuredmedia":[{"embeddable":true,"href":"https:\/\/www.sosunc.org.ar\/web\/index.php?rest_route=\/wp\/v2\/media\/7967"}],"wp:attachment":[{"href":"https:\/\/www.sosunc.org.ar\/web\/index.php?rest_route=%2Fwp%2Fv2%2Fmedia&parent=7970"}],"wp:term":[{"taxonomy":"category","embeddable":true,"href":"https:\/\/www.sosunc.org.ar\/web\/index.php?rest_route=%2Fwp%2Fv2%2Fcategories&post=7970"},{"taxonomy":"post_tag","embeddable":true,"href":"https:\/\/www.sosunc.org.ar\/web\/index.php?rest_route=%2Fwp%2Fv2%2Ftags&post=7970"}],"curies":[{"name":"wp","href":"https:\/\/api.w.org\/{rel}","templated":true}]}}