{"id":6214,"date":"2023-07-25T10:36:16","date_gmt":"2023-07-25T13:36:16","guid":{"rendered":"https:\/\/www.sosunc.org.ar\/web\/?p=6214"},"modified":"2023-07-25T10:36:32","modified_gmt":"2023-07-25T13:36:32","slug":"la-salud-de-las-neuronas","status":"publish","type":"post","link":"https:\/\/www.sosunc.org.ar\/web\/?p=6214","title":{"rendered":"La salud de las neuronas"},"content":{"rendered":"\n<h2 class=\"has-text-color wp-block-heading\" style=\"color:#01114c\">La salud de las neuronas<\/h2>\n\n\n\n<p>El 22 de julio es el D\u00eda Mundial del Cerebro, una fecha establecida por la Federaci\u00f3n Mundial de Neurolog\u00eda para concientizar sobre la salud cerebral. Desde SOSUNC, dedicamos este mes a explicar las medidas de prevenci\u00f3n, factores de riesgo y s\u00edntomas de los accidentes cerebrovasculares (ACV) y las enfermedades neurodegenerativas m\u00e1s frecuentes.<\/p>\n\n\n\n<p><\/p>\n\n\n\n<h4 class=\"has-text-color wp-block-heading\" style=\"color:#01114c\">Alzheimer, Parkinson y otros trastornos prevalentes<\/h4>\n\n\n\n<p>Entre los trastornos cerebrales m\u00e1s frecuentes, est\u00e1n las enfermedades neurodegenerativas, es decir, las que provocan que las neuronas progresivamente dejen de funcionar. La de mayor prevalencia es el Alzheimer, pero tambi\u00e9n tienen una alta tasa el Parkinson, la Esclerosis Lateral Amiotr\u00f3fica, la enfermedad de Huntington y la Demencia Frontotemporal.<\/p>\n\n\n\n<p>Estos trastornos no tienen cura, pero s\u00ed se pueden atenuar sus efectos con un tratamiento m\u00e9dico. El pron\u00f3stico es m\u00e1s favorable cuando se logra una detecci\u00f3n temprana. Por eso, hay que estar atentos si notamos algunos de los siguientes s\u00edntomas:<\/p>\n\n\n\n<ul class=\"wp-block-list\"><li>P\u00e9rdida de la memoria, desorientaci\u00f3n al caminar o conducir, olvidar hechos recientes o extraviar objetos con frecuencia.<\/li><li>Apat\u00eda, aislamiento en reuniones familiares, dificultad para mantener conversaciones.<\/li><li>Ansiedad, enojo ante las dificultades de memoria u orientaci\u00f3n.<\/li><li>Cambios del estado de \u00e1nimo sin causa aparente, cambios en la personalidad, p\u00e9rdida de las inhibiciones sociales.<\/li><li>Lentitud en los movimientos, temblor o rigidez, errores al calcular los movimientos o las distancias.<\/li><li>Cuid\u00e1 la salud cerebral en todas las etapas de tu vida.<\/li><\/ul>\n\n\n\n<p><em>SOSUNC, una obra social gestionada por sus afiliados\/as.<\/em><\/p>\n","protected":false},"excerpt":{"rendered":"<p>La salud de las neuronas El 22 de julio es el D\u00eda Mundial del Cerebro, una fecha establecida por la Federaci\u00f3n Mundial de Neurolog\u00eda para concientizar sobre la salud cerebral. Desde SOSUNC, dedicamos este mes a explicar las medidas de prevenci\u00f3n, factores de riesgo y s\u00edntomas de los accidentes cerebrovasculares (ACV) y las enfermedades neurodegenerativas [&hellip;]<\/p>\n","protected":false},"author":3,"featured_media":6215,"comment_status":"closed","ping_status":"closed","sticky":false,"template":"","format":"standard","meta":{"_coblocks_attr":"","_coblocks_dimensions":"","_coblocks_responsive_height":"","_coblocks_accordion_ie_support":"","footnotes":""},"categories":[22],"tags":[],"class_list":["post-6214","post","type-post","status-publish","format-standard","has-post-thumbnail","hentry","category-novedades-sosunc"],"yoast_head":"<!-- This site is optimized with the Yoast SEO plugin v26.5 - https:\/\/yoast.com\/wordpress\/plugins\/seo\/ -->\n<title>La salud de las neuronas - SOSUNC<\/title>\n<meta name=\"robots\" content=\"index, follow, max-snippet:-1, max-image-preview:large, max-video-preview:-1\" \/>\n<link rel=\"canonical\" href=\"https:\/\/www.sosunc.org.ar\/web\/?p=6214\" \/>\n<meta property=\"og:locale\" content=\"es_ES\" \/>\n<meta property=\"og:type\" content=\"article\" \/>\n<meta property=\"og:title\" content=\"La salud de las neuronas - SOSUNC\" \/>\n<meta property=\"og:description\" content=\"La salud de las neuronas El 22 de julio es el D\u00eda Mundial del Cerebro, una fecha establecida por la Federaci\u00f3n Mundial de Neurolog\u00eda para concientizar sobre la salud cerebral. Desde SOSUNC, dedicamos este mes a explicar las medidas de prevenci\u00f3n, factores de riesgo y s\u00edntomas de los accidentes cerebrovasculares (ACV) y las enfermedades neurodegenerativas [&hellip;]\" \/>\n<meta property=\"og:url\" content=\"https:\/\/www.sosunc.org.ar\/web\/?p=6214\" \/>\n<meta property=\"og:site_name\" content=\"SOSUNC\" \/>\n<meta property=\"article:publisher\" content=\"https:\/\/www.facebook.com\/sosunc.unco\" \/>\n<meta property=\"article:author\" content=\"https:\/\/www.facebook.com\/sosunc.unco\" \/>\n<meta property=\"article:published_time\" content=\"2023-07-25T13:36:16+00:00\" \/>\n<meta property=\"article:modified_time\" content=\"2023-07-25T13:36:32+00:00\" \/>\n<meta property=\"og:image\" content=\"http:\/\/192.9.200.18\/wordpress\/wp-content\/uploads\/2023\/07\/Julio-salud-cerebral-3.png\" \/>\n\t<meta property=\"og:image:width\" content=\"1406\" \/>\n\t<meta property=\"og:image:height\" content=\"1406\" \/>\n\t<meta property=\"og:image:type\" content=\"image\/png\" \/>\n<meta name=\"author\" content=\"Comunicaci\u00f3n SOSUNC\" \/>\n<meta name=\"twitter:card\" content=\"summary_large_image\" \/>\n<meta name=\"twitter:label1\" content=\"Escrito por\" \/>\n\t<meta name=\"twitter:data1\" content=\"Comunicaci\u00f3n SOSUNC\" \/>\n\t<meta name=\"twitter:label2\" content=\"Tiempo de lectura\" \/>\n\t<meta name=\"twitter:data2\" content=\"1 minuto\" \/>\n<script type=\"application\/ld+json\" class=\"yoast-schema-graph\">{\"@context\":\"https:\/\/schema.org\",\"@graph\":[{\"@type\":\"Article\",\"@id\":\"https:\/\/www.sosunc.org.ar\/web\/?p=6214#article\",\"isPartOf\":{\"@id\":\"https:\/\/www.sosunc.org.ar\/web\/?p=6214\"},\"author\":{\"name\":\"Comunicaci\u00f3n SOSUNC\",\"@id\":\"https:\/\/www.sosunc.org.ar\/web\/#\/schema\/person\/cb1a199a4e9d3cd4d50fe973caac0985\"},\"headline\":\"La salud de las neuronas\",\"datePublished\":\"2023-07-25T13:36:16+00:00\",\"dateModified\":\"2023-07-25T13:36:32+00:00\",\"mainEntityOfPage\":{\"@id\":\"https:\/\/www.sosunc.org.ar\/web\/?p=6214\"},\"wordCount\":263,\"publisher\":{\"@id\":\"https:\/\/www.sosunc.org.ar\/web\/#organization\"},\"image\":{\"@id\":\"https:\/\/www.sosunc.org.ar\/web\/?p=6214#primaryimage\"},\"thumbnailUrl\":\"https:\/\/192.9.200.18\/wordpress\/wp-content\/uploads\/2023\/07\/Julio-salud-cerebral-3.png\",\"articleSection\":[\"novedades-sosunc\"],\"inLanguage\":\"es-AR\"},{\"@type\":\"WebPage\",\"@id\":\"https:\/\/www.sosunc.org.ar\/web\/?p=6214\",\"url\":\"https:\/\/www.sosunc.org.ar\/web\/?p=6214\",\"name\":\"La salud de las neuronas - SOSUNC\",\"isPartOf\":{\"@id\":\"https:\/\/www.sosunc.org.ar\/web\/#website\"},\"primaryImageOfPage\":{\"@id\":\"https:\/\/www.sosunc.org.ar\/web\/?p=6214#primaryimage\"},\"image\":{\"@id\":\"https:\/\/www.sosunc.org.ar\/web\/?p=6214#primaryimage\"},\"thumbnailUrl\":\"https:\/\/192.9.200.18\/wordpress\/wp-content\/uploads\/2023\/07\/Julio-salud-cerebral-3.png\",\"datePublished\":\"2023-07-25T13:36:16+00:00\",\"dateModified\":\"2023-07-25T13:36:32+00:00\",\"breadcrumb\":{\"@id\":\"https:\/\/www.sosunc.org.ar\/web\/?p=6214#breadcrumb\"},\"inLanguage\":\"es-AR\",\"potentialAction\":[{\"@type\":\"ReadAction\",\"target\":[\"https:\/\/www.sosunc.org.ar\/web\/?p=6214\"]}]},{\"@type\":\"ImageObject\",\"inLanguage\":\"es-AR\",\"@id\":\"https:\/\/www.sosunc.org.ar\/web\/?p=6214#primaryimage\",\"url\":\"https:\/\/192.9.200.18\/wordpress\/wp-content\/uploads\/2023\/07\/Julio-salud-cerebral-3.png\",\"contentUrl\":\"https:\/\/192.9.200.18\/wordpress\/wp-content\/uploads\/2023\/07\/Julio-salud-cerebral-3.png\",\"width\":1406,\"height\":1406},{\"@type\":\"BreadcrumbList\",\"@id\":\"https:\/\/www.sosunc.org.ar\/web\/?p=6214#breadcrumb\",\"itemListElement\":[{\"@type\":\"ListItem\",\"position\":1,\"name\":\"Inicio\",\"item\":\"https:\/\/www.sosunc.org.ar\/web\/\"},{\"@type\":\"ListItem\",\"position\":2,\"name\":\"La salud de las neuronas\"}]},{\"@type\":\"WebSite\",\"@id\":\"https:\/\/www.sosunc.org.ar\/web\/#website\",\"url\":\"https:\/\/www.sosunc.org.ar\/web\/\",\"name\":\"SOSUNC\",\"description\":\"Servicio de Obra Social de la Universidad Nacional del Comahue\",\"publisher\":{\"@id\":\"https:\/\/www.sosunc.org.ar\/web\/#organization\"},\"potentialAction\":[{\"@type\":\"SearchAction\",\"target\":{\"@type\":\"EntryPoint\",\"urlTemplate\":\"https:\/\/www.sosunc.org.ar\/web\/?s={search_term_string}\"},\"query-input\":{\"@type\":\"PropertyValueSpecification\",\"valueRequired\":true,\"valueName\":\"search_term_string\"}}],\"inLanguage\":\"es-AR\"},{\"@type\":\"Organization\",\"@id\":\"https:\/\/www.sosunc.org.ar\/web\/#organization\",\"name\":\"Servicio de Obra Social Universidad Nacional del Comahue\",\"url\":\"https:\/\/www.sosunc.org.ar\/web\/\",\"logo\":{\"@type\":\"ImageObject\",\"inLanguage\":\"es-AR\",\"@id\":\"https:\/\/www.sosunc.org.ar\/web\/#\/schema\/logo\/image\/\",\"url\":\"https:\/\/192.9.200.18\/wordpress\/wp-content\/uploads\/2022\/06\/logososunc.png\",\"contentUrl\":\"https:\/\/192.9.200.18\/wordpress\/wp-content\/uploads\/2022\/06\/logososunc.png\",\"width\":333,\"height\":333,\"caption\":\"Servicio de Obra Social Universidad Nacional del Comahue\"},\"image\":{\"@id\":\"https:\/\/www.sosunc.org.ar\/web\/#\/schema\/logo\/image\/\"},\"sameAs\":[\"https:\/\/www.facebook.com\/sosunc.unco\"]},{\"@type\":\"Person\",\"@id\":\"https:\/\/www.sosunc.org.ar\/web\/#\/schema\/person\/cb1a199a4e9d3cd4d50fe973caac0985\",\"name\":\"Comunicaci\u00f3n SOSUNC\",\"image\":{\"@type\":\"ImageObject\",\"inLanguage\":\"es-AR\",\"@id\":\"https:\/\/www.sosunc.org.ar\/web\/#\/schema\/person\/image\/\",\"url\":\"https:\/\/secure.gravatar.com\/avatar\/4287850329e836b922e780de7b869301223afe7f2dc5f72c6b1f8d017d1b050b?s=96&d=mm&r=g\",\"contentUrl\":\"https:\/\/secure.gravatar.com\/avatar\/4287850329e836b922e780de7b869301223afe7f2dc5f72c6b1f8d017d1b050b?s=96&d=mm&r=g\",\"caption\":\"Comunicaci\u00f3n SOSUNC\"},\"sameAs\":[\"https:\/\/www.facebook.com\/sosunc.unco\",\"https:\/\/www.instagram.com\/sosunc.unco\/\"],\"url\":\"https:\/\/www.sosunc.org.ar\/web\/?author=3\"}]}<\/script>\n<!-- \/ Yoast SEO plugin. -->","yoast_head_json":{"title":"La salud de las neuronas - SOSUNC","robots":{"index":"index","follow":"follow","max-snippet":"max-snippet:-1","max-image-preview":"max-image-preview:large","max-video-preview":"max-video-preview:-1"},"canonical":"https:\/\/www.sosunc.org.ar\/web\/?p=6214","og_locale":"es_ES","og_type":"article","og_title":"La salud de las neuronas - SOSUNC","og_description":"La salud de las neuronas El 22 de julio es el D\u00eda Mundial del Cerebro, una fecha establecida por la Federaci\u00f3n Mundial de Neurolog\u00eda para concientizar sobre la salud cerebral. Desde SOSUNC, dedicamos este mes a explicar las medidas de prevenci\u00f3n, factores de riesgo y s\u00edntomas de los accidentes cerebrovasculares (ACV) y las enfermedades neurodegenerativas [&hellip;]","og_url":"https:\/\/www.sosunc.org.ar\/web\/?p=6214","og_site_name":"SOSUNC","article_publisher":"https:\/\/www.facebook.com\/sosunc.unco","article_author":"https:\/\/www.facebook.com\/sosunc.unco","article_published_time":"2023-07-25T13:36:16+00:00","article_modified_time":"2023-07-25T13:36:32+00:00","og_image":[{"width":1406,"height":1406,"url":"http:\/\/192.9.200.18\/wordpress\/wp-content\/uploads\/2023\/07\/Julio-salud-cerebral-3.png","type":"image\/png"}],"author":"Comunicaci\u00f3n SOSUNC","twitter_card":"summary_large_image","twitter_misc":{"Escrito por":"Comunicaci\u00f3n SOSUNC","Tiempo de lectura":"1 minuto"},"schema":{"@context":"https:\/\/schema.org","@graph":[{"@type":"Article","@id":"https:\/\/www.sosunc.org.ar\/web\/?p=6214#article","isPartOf":{"@id":"https:\/\/www.sosunc.org.ar\/web\/?p=6214"},"author":{"name":"Comunicaci\u00f3n SOSUNC","@id":"https:\/\/www.sosunc.org.ar\/web\/#\/schema\/person\/cb1a199a4e9d3cd4d50fe973caac0985"},"headline":"La salud de las neuronas","datePublished":"2023-07-25T13:36:16+00:00","dateModified":"2023-07-25T13:36:32+00:00","mainEntityOfPage":{"@id":"https:\/\/www.sosunc.org.ar\/web\/?p=6214"},"wordCount":263,"publisher":{"@id":"https:\/\/www.sosunc.org.ar\/web\/#organization"},"image":{"@id":"https:\/\/www.sosunc.org.ar\/web\/?p=6214#primaryimage"},"thumbnailUrl":"https:\/\/192.9.200.18\/wordpress\/wp-content\/uploads\/2023\/07\/Julio-salud-cerebral-3.png","articleSection":["novedades-sosunc"],"inLanguage":"es-AR"},{"@type":"WebPage","@id":"https:\/\/www.sosunc.org.ar\/web\/?p=6214","url":"https:\/\/www.sosunc.org.ar\/web\/?p=6214","name":"La salud de las neuronas - SOSUNC","isPartOf":{"@id":"https:\/\/www.sosunc.org.ar\/web\/#website"},"primaryImageOfPage":{"@id":"https:\/\/www.sosunc.org.ar\/web\/?p=6214#primaryimage"},"image":{"@id":"https:\/\/www.sosunc.org.ar\/web\/?p=6214#primaryimage"},"thumbnailUrl":"https:\/\/192.9.200.18\/wordpress\/wp-content\/uploads\/2023\/07\/Julio-salud-cerebral-3.png","datePublished":"2023-07-25T13:36:16+00:00","dateModified":"2023-07-25T13:36:32+00:00","breadcrumb":{"@id":"https:\/\/www.sosunc.org.ar\/web\/?p=6214#breadcrumb"},"inLanguage":"es-AR","potentialAction":[{"@type":"ReadAction","target":["https:\/\/www.sosunc.org.ar\/web\/?p=6214"]}]},{"@type":"ImageObject","inLanguage":"es-AR","@id":"https:\/\/www.sosunc.org.ar\/web\/?p=6214#primaryimage","url":"https:\/\/192.9.200.18\/wordpress\/wp-content\/uploads\/2023\/07\/Julio-salud-cerebral-3.png","contentUrl":"https:\/\/192.9.200.18\/wordpress\/wp-content\/uploads\/2023\/07\/Julio-salud-cerebral-3.png","width":1406,"height":1406},{"@type":"BreadcrumbList","@id":"https:\/\/www.sosunc.org.ar\/web\/?p=6214#breadcrumb","itemListElement":[{"@type":"ListItem","position":1,"name":"Inicio","item":"https:\/\/www.sosunc.org.ar\/web\/"},{"@type":"ListItem","position":2,"name":"La salud de las neuronas"}]},{"@type":"WebSite","@id":"https:\/\/www.sosunc.org.ar\/web\/#website","url":"https:\/\/www.sosunc.org.ar\/web\/","name":"SOSUNC","description":"Servicio de Obra Social de la Universidad Nacional del Comahue","publisher":{"@id":"https:\/\/www.sosunc.org.ar\/web\/#organization"},"potentialAction":[{"@type":"SearchAction","target":{"@type":"EntryPoint","urlTemplate":"https:\/\/www.sosunc.org.ar\/web\/?s={search_term_string}"},"query-input":{"@type":"PropertyValueSpecification","valueRequired":true,"valueName":"search_term_string"}}],"inLanguage":"es-AR"},{"@type":"Organization","@id":"https:\/\/www.sosunc.org.ar\/web\/#organization","name":"Servicio de Obra Social Universidad Nacional del Comahue","url":"https:\/\/www.sosunc.org.ar\/web\/","logo":{"@type":"ImageObject","inLanguage":"es-AR","@id":"https:\/\/www.sosunc.org.ar\/web\/#\/schema\/logo\/image\/","url":"https:\/\/192.9.200.18\/wordpress\/wp-content\/uploads\/2022\/06\/logososunc.png","contentUrl":"https:\/\/192.9.200.18\/wordpress\/wp-content\/uploads\/2022\/06\/logososunc.png","width":333,"height":333,"caption":"Servicio de Obra Social Universidad Nacional del Comahue"},"image":{"@id":"https:\/\/www.sosunc.org.ar\/web\/#\/schema\/logo\/image\/"},"sameAs":["https:\/\/www.facebook.com\/sosunc.unco"]},{"@type":"Person","@id":"https:\/\/www.sosunc.org.ar\/web\/#\/schema\/person\/cb1a199a4e9d3cd4d50fe973caac0985","name":"Comunicaci\u00f3n SOSUNC","image":{"@type":"ImageObject","inLanguage":"es-AR","@id":"https:\/\/www.sosunc.org.ar\/web\/#\/schema\/person\/image\/","url":"https:\/\/secure.gravatar.com\/avatar\/4287850329e836b922e780de7b869301223afe7f2dc5f72c6b1f8d017d1b050b?s=96&d=mm&r=g","contentUrl":"https:\/\/secure.gravatar.com\/avatar\/4287850329e836b922e780de7b869301223afe7f2dc5f72c6b1f8d017d1b050b?s=96&d=mm&r=g","caption":"Comunicaci\u00f3n SOSUNC"},"sameAs":["https:\/\/www.facebook.com\/sosunc.unco","https:\/\/www.instagram.com\/sosunc.unco\/"],"url":"https:\/\/www.sosunc.org.ar\/web\/?author=3"}]}},"_links":{"self":[{"href":"https:\/\/www.sosunc.org.ar\/web\/index.php?rest_route=\/wp\/v2\/posts\/6214","targetHints":{"allow":["GET"]}}],"collection":[{"href":"https:\/\/www.sosunc.org.ar\/web\/index.php?rest_route=\/wp\/v2\/posts"}],"about":[{"href":"https:\/\/www.sosunc.org.ar\/web\/index.php?rest_route=\/wp\/v2\/types\/post"}],"author":[{"embeddable":true,"href":"https:\/\/www.sosunc.org.ar\/web\/index.php?rest_route=\/wp\/v2\/users\/3"}],"replies":[{"embeddable":true,"href":"https:\/\/www.sosunc.org.ar\/web\/index.php?rest_route=%2Fwp%2Fv2%2Fcomments&post=6214"}],"version-history":[{"count":2,"href":"https:\/\/www.sosunc.org.ar\/web\/index.php?rest_route=\/wp\/v2\/posts\/6214\/revisions"}],"predecessor-version":[{"id":6217,"href":"https:\/\/www.sosunc.org.ar\/web\/index.php?rest_route=\/wp\/v2\/posts\/6214\/revisions\/6217"}],"wp:featuredmedia":[{"embeddable":true,"href":"https:\/\/www.sosunc.org.ar\/web\/index.php?rest_route=\/wp\/v2\/media\/6215"}],"wp:attachment":[{"href":"https:\/\/www.sosunc.org.ar\/web\/index.php?rest_route=%2Fwp%2Fv2%2Fmedia&parent=6214"}],"wp:term":[{"taxonomy":"category","embeddable":true,"href":"https:\/\/www.sosunc.org.ar\/web\/index.php?rest_route=%2Fwp%2Fv2%2Fcategories&post=6214"},{"taxonomy":"post_tag","embeddable":true,"href":"https:\/\/www.sosunc.org.ar\/web\/index.php?rest_route=%2Fwp%2Fv2%2Ftags&post=6214"}],"curies":[{"name":"wp","href":"https:\/\/api.w.org\/{rel}","templated":true}]}}