{"id":6058,"date":"2023-06-01T09:31:37","date_gmt":"2023-06-01T12:31:37","guid":{"rendered":"https:\/\/www.sosunc.org.ar\/web\/?p=6058"},"modified":"2023-06-05T08:18:06","modified_gmt":"2023-06-05T11:18:06","slug":"asamblea-se-aprobaron-los-balances-2019-y-2020","status":"publish","type":"post","link":"https:\/\/www.sosunc.org.ar\/web\/?p=6058","title":{"rendered":"Asamblea: se aprobaron los balances 2019 y 2020"},"content":{"rendered":"\n<h2 class=\"has-text-color wp-block-heading\" style=\"color:#01114c\">Asamblea: se aprobaron los balances 2019 y 2020<\/h2>\n\n\n\n<p>Estimados afiliados y afiliadas:<\/p>\n\n\n\n<p>El martes 30 de mayo de 2023 se realiz\u00f3 la Asamblea General Ordinaria de SOSUNC que aprob\u00f3 los documentos de Balance de 2019 y 2020. Tambi\u00e9n se vot\u00f3 el rechazo de la Memoria correspondiente a ambos per\u00edodos.<\/p>\n\n\n\n<p>La Asamblea se desarroll\u00f3 en el Aula Magna de la Universidad Nacional del Comahue, encabezada por el presidente de SOSUNC, Francisco Galeano; el vicepresidente, Rub\u00e9n Vivanco; y la secretaria del Consejo, Silvia Ferreyra.&nbsp;<\/p>\n\n\n\n<p>Tras aguardar el lapso reglamentario, a las 10 de la ma\u00f1ana se inici\u00f3 el debate con los asamble\u00edstas presentes, que se extendi\u00f3 por m\u00e1s de cuatro horas.&nbsp;<\/p>\n\n\n<div class=\"wp-block-image\">\n<figure class=\"aligncenter size-large is-resized\"><img loading=\"lazy\" decoding=\"async\" src=\"https:\/\/192.9.200.18\/wordpress\/wp-content\/uploads\/2023\/06\/IMG_2278-1024x683.jpg\" alt=\"\" class=\"wp-image-6060\" width=\"512\" height=\"341\" srcset=\"http:\/\/192.9.200.18\/wordpress\/wp-content\/uploads\/2023\/06\/IMG_2278-1024x683.jpg 1024w, http:\/\/192.9.200.18\/wordpress\/wp-content\/uploads\/2023\/06\/IMG_2278-300x200.jpg 300w, http:\/\/192.9.200.18\/wordpress\/wp-content\/uploads\/2023\/06\/IMG_2278-768x512.jpg 768w, http:\/\/192.9.200.18\/wordpress\/wp-content\/uploads\/2023\/06\/IMG_2278-1536x1024.jpg 1536w, http:\/\/192.9.200.18\/wordpress\/wp-content\/uploads\/2023\/06\/IMG_2278-2048x1365.jpg 2048w\" sizes=\"auto, (max-width: 512px) 100vw, 512px\" \/><\/figure>\n<\/div>\n\n\n<p class=\"has-white-color has-text-color\">.<\/p>\n\n\n\n<h4 class=\"has-text-color wp-block-heading\" style=\"color:#01114c\"><strong>Votaci\u00f3n<\/strong><\/h4>\n\n\n\n<p><\/p>\n\n\n\n<p>La Asamblea comenz\u00f3 con una exposici\u00f3n sobre las finanzas y administraci\u00f3n de la obra social durante los a\u00f1os 2019 y 2020. A continuaci\u00f3n, tras un breve debate, los asamble\u00edstas resolvieron que los documentos relativos a la Memoria se votaran por separado de los correspondientes al Balance.<\/p>\n\n\n\n<p>Al tratar la Memoria de 2019 y 2020, fue mayoritario el voto negativo, lo que implica que esos documentos se rechazaron. En este punto, hubo varias abstenciones con el fundamento de que no se contaba con suficiente informaci\u00f3n sobre lo actuado durante el per\u00edodo.<\/p>\n\n\n\n<p>Al considerar el Balance de 2019 y 2020, en cambio, la mayor\u00eda vot\u00f3 la aprobaci\u00f3n. En este punto tambi\u00e9n hubo abstenciones.<\/p>\n\n\n\n<p>Luego, se present\u00f3 la moci\u00f3n de fijar un plazo para la Asamblea General Ordinaria que tratar\u00e1 la Memoria y Balance de 2021. Por acuerdo un\u00e1nime, la convocatoria qued\u00f3 establecida para el mes de septiembre de este a\u00f1o.<\/p>\n\n\n<div class=\"wp-block-image\">\n<figure class=\"aligncenter size-large is-resized\"><img loading=\"lazy\" decoding=\"async\" src=\"https:\/\/192.9.200.18\/wordpress\/wp-content\/uploads\/2023\/06\/IMG_2296-1024x683.jpg\" alt=\"\" class=\"wp-image-6061\" width=\"512\" height=\"341\" srcset=\"http:\/\/192.9.200.18\/wordpress\/wp-content\/uploads\/2023\/06\/IMG_2296-1024x683.jpg 1024w, http:\/\/192.9.200.18\/wordpress\/wp-content\/uploads\/2023\/06\/IMG_2296-300x200.jpg 300w, http:\/\/192.9.200.18\/wordpress\/wp-content\/uploads\/2023\/06\/IMG_2296-768x512.jpg 768w, http:\/\/192.9.200.18\/wordpress\/wp-content\/uploads\/2023\/06\/IMG_2296-1536x1024.jpg 1536w, http:\/\/192.9.200.18\/wordpress\/wp-content\/uploads\/2023\/06\/IMG_2296-2048x1365.jpg 2048w\" sizes=\"auto, (max-width: 512px) 100vw, 512px\" \/><\/figure>\n<\/div>\n\n\n<p class=\"has-white-color has-text-color\">.<\/p>\n\n\n\n<h4 class=\"has-text-color wp-block-heading\" style=\"color:#01114c\"><strong>Informe de Presidencia<\/strong><\/h4>\n\n\n\n<p><\/p>\n\n\n\n<p>Al concluir las votaciones, el presidente Francisco Galeano expuso la situaci\u00f3n econ\u00f3mica actual de SOSUNC, en el contexto de lo que ocurre con todas las obras sociales universitarias del pa\u00eds.&nbsp;<\/p>\n\n\n\n<p>Galeano enfatiz\u00f3 el impacto que tiene la inflaci\u00f3n en medicamentos e insumos m\u00e9dicos sobre las erogaciones de SOSUNC. Subray\u00f3 que, en los \u00faltimos a\u00f1os, los costos asistenciales de la obra social aumentaron a un ritmo mucho m\u00e1s acelerado que los ingresos, por el desfase entre los precios y los salarios de quienes trabajan en la Universidad.<\/p>\n\n\n\n<p>El presidente detall\u00f3 algunas de las medidas en marcha para mejorar la relaci\u00f3n entre ingresos y egresos, a la vez que abog\u00f3 por un trabajo en conjunto con afiliados y afiliadas para trabajar \u201cde manera solidaria\u201d en los casos en los que una persona tiene otra obra social obligatoria, de modo que las coberturas sean compartidas.<\/p>\n\n\n<div class=\"wp-block-image\">\n<figure class=\"aligncenter size-large is-resized\"><img loading=\"lazy\" decoding=\"async\" src=\"https:\/\/192.9.200.18\/wordpress\/wp-content\/uploads\/2023\/06\/IMG_2299-1024x683.jpg\" alt=\"\" class=\"wp-image-6062\" width=\"512\" height=\"341\" srcset=\"http:\/\/192.9.200.18\/wordpress\/wp-content\/uploads\/2023\/06\/IMG_2299-1024x683.jpg 1024w, http:\/\/192.9.200.18\/wordpress\/wp-content\/uploads\/2023\/06\/IMG_2299-300x200.jpg 300w, http:\/\/192.9.200.18\/wordpress\/wp-content\/uploads\/2023\/06\/IMG_2299-768x512.jpg 768w, http:\/\/192.9.200.18\/wordpress\/wp-content\/uploads\/2023\/06\/IMG_2299-1536x1024.jpg 1536w, http:\/\/192.9.200.18\/wordpress\/wp-content\/uploads\/2023\/06\/IMG_2299-2048x1365.jpg 2048w\" sizes=\"auto, (max-width: 512px) 100vw, 512px\" \/><\/figure>\n<\/div>\n\n\n<p class=\"has-white-color has-text-color\">.<\/p>\n\n\n\n<h4 class=\"has-text-color wp-block-heading\" style=\"color:#01114c\"><strong>Video de la Asamblea<\/strong><\/h4>\n\n\n\n<p><\/p>\n\n\n\n<p>La filmaci\u00f3n completa de la Asamblea General Ordinaria del 30 de mayo est\u00e1 disponible en el canal p\u00fablico de Youtube de SOSUNC. Pueden ver el video en el siguiente enlace: <a href=\"https:\/\/www.youtube.com\/watch?v=8eO3WfnVlf4\">Asamblea General Ordinaria Mayo 2023<\/a><\/p>\n\n\n\n<p>Tambi\u00e9n est\u00e1n publicados los documentos de Memoria y Balance de ambos a\u00f1os, 2019 y 2020, en la secci\u00f3n <a href=\"https:\/\/www.sosunc.org.ar\/web\/?page_id=6003\">Consejo Directivo<\/a> de nuestra p\u00e1gina web.<\/p>\n\n\n\n<p class=\"has-white-color has-text-color\">.<\/p>\n\n\n\n<p><em>SOSUNC, una obra social gestionada por sus afiliados\/as.<\/em><\/p>\n","protected":false},"excerpt":{"rendered":"<p>Asamblea: se aprobaron los balances 2019 y 2020 Estimados afiliados y afiliadas: El martes 30 de mayo de 2023 se realiz\u00f3 la Asamblea General Ordinaria de SOSUNC que aprob\u00f3 los documentos de Balance de 2019 y 2020. Tambi\u00e9n se vot\u00f3 el rechazo de la Memoria correspondiente a ambos per\u00edodos. La Asamblea se desarroll\u00f3 en el [&hellip;]<\/p>\n","protected":false},"author":3,"featured_media":6059,"comment_status":"closed","ping_status":"closed","sticky":false,"template":"","format":"standard","meta":{"_coblocks_attr":"","_coblocks_dimensions":"","_coblocks_responsive_height":"","_coblocks_accordion_ie_support":"","footnotes":""},"categories":[22],"tags":[],"class_list":["post-6058","post","type-post","status-publish","format-standard","has-post-thumbnail","hentry","category-novedades-sosunc"],"yoast_head":"<!-- This site is optimized with the Yoast SEO plugin v26.5 - https:\/\/yoast.com\/wordpress\/plugins\/seo\/ -->\n<title>Asamblea: se aprobaron los balances 2019 y 2020 - SOSUNC<\/title>\n<meta name=\"robots\" content=\"index, follow, max-snippet:-1, max-image-preview:large, max-video-preview:-1\" \/>\n<link rel=\"canonical\" href=\"https:\/\/www.sosunc.org.ar\/web\/?p=6058\" \/>\n<meta property=\"og:locale\" content=\"es_ES\" \/>\n<meta property=\"og:type\" content=\"article\" \/>\n<meta property=\"og:title\" content=\"Asamblea: se aprobaron los balances 2019 y 2020 - SOSUNC\" \/>\n<meta property=\"og:description\" content=\"Asamblea: se aprobaron los balances 2019 y 2020 Estimados afiliados y afiliadas: El martes 30 de mayo de 2023 se realiz\u00f3 la Asamblea General Ordinaria de SOSUNC que aprob\u00f3 los documentos de Balance de 2019 y 2020. Tambi\u00e9n se vot\u00f3 el rechazo de la Memoria correspondiente a ambos per\u00edodos. La Asamblea se desarroll\u00f3 en el [&hellip;]\" \/>\n<meta property=\"og:url\" content=\"https:\/\/www.sosunc.org.ar\/web\/?p=6058\" \/>\n<meta property=\"og:site_name\" content=\"SOSUNC\" \/>\n<meta property=\"article:publisher\" content=\"https:\/\/www.facebook.com\/sosunc.unco\" \/>\n<meta property=\"article:author\" content=\"https:\/\/www.facebook.com\/sosunc.unco\" \/>\n<meta property=\"article:published_time\" content=\"2023-06-01T12:31:37+00:00\" \/>\n<meta property=\"article:modified_time\" content=\"2023-06-05T11:18:06+00:00\" \/>\n<meta property=\"og:image\" content=\"http:\/\/192.9.200.18\/wordpress\/wp-content\/uploads\/2023\/06\/Votacion-Asamblea.png\" \/>\n\t<meta property=\"og:image:width\" content=\"974\" \/>\n\t<meta property=\"og:image:height\" content=\"974\" \/>\n\t<meta property=\"og:image:type\" content=\"image\/png\" \/>\n<meta name=\"author\" content=\"Comunicaci\u00f3n SOSUNC\" \/>\n<meta name=\"twitter:card\" content=\"summary_large_image\" \/>\n<meta name=\"twitter:label1\" content=\"Escrito por\" \/>\n\t<meta name=\"twitter:data1\" content=\"Comunicaci\u00f3n SOSUNC\" \/>\n\t<meta name=\"twitter:label2\" content=\"Tiempo de lectura\" \/>\n\t<meta name=\"twitter:data2\" content=\"2 minutos\" \/>\n<script type=\"application\/ld+json\" class=\"yoast-schema-graph\">{\"@context\":\"https:\/\/schema.org\",\"@graph\":[{\"@type\":\"Article\",\"@id\":\"https:\/\/www.sosunc.org.ar\/web\/?p=6058#article\",\"isPartOf\":{\"@id\":\"https:\/\/www.sosunc.org.ar\/web\/?p=6058\"},\"author\":{\"name\":\"Comunicaci\u00f3n SOSUNC\",\"@id\":\"https:\/\/www.sosunc.org.ar\/web\/#\/schema\/person\/cb1a199a4e9d3cd4d50fe973caac0985\"},\"headline\":\"Asamblea: se aprobaron los balances 2019 y 2020\",\"datePublished\":\"2023-06-01T12:31:37+00:00\",\"dateModified\":\"2023-06-05T11:18:06+00:00\",\"mainEntityOfPage\":{\"@id\":\"https:\/\/www.sosunc.org.ar\/web\/?p=6058\"},\"wordCount\":501,\"publisher\":{\"@id\":\"https:\/\/www.sosunc.org.ar\/web\/#organization\"},\"image\":{\"@id\":\"https:\/\/www.sosunc.org.ar\/web\/?p=6058#primaryimage\"},\"thumbnailUrl\":\"https:\/\/192.9.200.18\/wordpress\/wp-content\/uploads\/2023\/06\/Votacion-Asamblea.png\",\"articleSection\":[\"novedades-sosunc\"],\"inLanguage\":\"es-AR\"},{\"@type\":\"WebPage\",\"@id\":\"https:\/\/www.sosunc.org.ar\/web\/?p=6058\",\"url\":\"https:\/\/www.sosunc.org.ar\/web\/?p=6058\",\"name\":\"Asamblea: se aprobaron los balances 2019 y 2020 - SOSUNC\",\"isPartOf\":{\"@id\":\"https:\/\/www.sosunc.org.ar\/web\/#website\"},\"primaryImageOfPage\":{\"@id\":\"https:\/\/www.sosunc.org.ar\/web\/?p=6058#primaryimage\"},\"image\":{\"@id\":\"https:\/\/www.sosunc.org.ar\/web\/?p=6058#primaryimage\"},\"thumbnailUrl\":\"https:\/\/192.9.200.18\/wordpress\/wp-content\/uploads\/2023\/06\/Votacion-Asamblea.png\",\"datePublished\":\"2023-06-01T12:31:37+00:00\",\"dateModified\":\"2023-06-05T11:18:06+00:00\",\"breadcrumb\":{\"@id\":\"https:\/\/www.sosunc.org.ar\/web\/?p=6058#breadcrumb\"},\"inLanguage\":\"es-AR\",\"potentialAction\":[{\"@type\":\"ReadAction\",\"target\":[\"https:\/\/www.sosunc.org.ar\/web\/?p=6058\"]}]},{\"@type\":\"ImageObject\",\"inLanguage\":\"es-AR\",\"@id\":\"https:\/\/www.sosunc.org.ar\/web\/?p=6058#primaryimage\",\"url\":\"https:\/\/192.9.200.18\/wordpress\/wp-content\/uploads\/2023\/06\/Votacion-Asamblea.png\",\"contentUrl\":\"https:\/\/192.9.200.18\/wordpress\/wp-content\/uploads\/2023\/06\/Votacion-Asamblea.png\",\"width\":974,\"height\":974},{\"@type\":\"BreadcrumbList\",\"@id\":\"https:\/\/www.sosunc.org.ar\/web\/?p=6058#breadcrumb\",\"itemListElement\":[{\"@type\":\"ListItem\",\"position\":1,\"name\":\"Inicio\",\"item\":\"https:\/\/www.sosunc.org.ar\/web\/\"},{\"@type\":\"ListItem\",\"position\":2,\"name\":\"Asamblea: se aprobaron los balances 2019 y 2020\"}]},{\"@type\":\"WebSite\",\"@id\":\"https:\/\/www.sosunc.org.ar\/web\/#website\",\"url\":\"https:\/\/www.sosunc.org.ar\/web\/\",\"name\":\"SOSUNC\",\"description\":\"Servicio de Obra Social de la Universidad Nacional del Comahue\",\"publisher\":{\"@id\":\"https:\/\/www.sosunc.org.ar\/web\/#organization\"},\"potentialAction\":[{\"@type\":\"SearchAction\",\"target\":{\"@type\":\"EntryPoint\",\"urlTemplate\":\"https:\/\/www.sosunc.org.ar\/web\/?s={search_term_string}\"},\"query-input\":{\"@type\":\"PropertyValueSpecification\",\"valueRequired\":true,\"valueName\":\"search_term_string\"}}],\"inLanguage\":\"es-AR\"},{\"@type\":\"Organization\",\"@id\":\"https:\/\/www.sosunc.org.ar\/web\/#organization\",\"name\":\"Servicio de Obra Social Universidad Nacional del Comahue\",\"url\":\"https:\/\/www.sosunc.org.ar\/web\/\",\"logo\":{\"@type\":\"ImageObject\",\"inLanguage\":\"es-AR\",\"@id\":\"https:\/\/www.sosunc.org.ar\/web\/#\/schema\/logo\/image\/\",\"url\":\"https:\/\/192.9.200.18\/wordpress\/wp-content\/uploads\/2022\/06\/logososunc.png\",\"contentUrl\":\"https:\/\/192.9.200.18\/wordpress\/wp-content\/uploads\/2022\/06\/logososunc.png\",\"width\":333,\"height\":333,\"caption\":\"Servicio de Obra Social Universidad Nacional del Comahue\"},\"image\":{\"@id\":\"https:\/\/www.sosunc.org.ar\/web\/#\/schema\/logo\/image\/\"},\"sameAs\":[\"https:\/\/www.facebook.com\/sosunc.unco\"]},{\"@type\":\"Person\",\"@id\":\"https:\/\/www.sosunc.org.ar\/web\/#\/schema\/person\/cb1a199a4e9d3cd4d50fe973caac0985\",\"name\":\"Comunicaci\u00f3n SOSUNC\",\"image\":{\"@type\":\"ImageObject\",\"inLanguage\":\"es-AR\",\"@id\":\"https:\/\/www.sosunc.org.ar\/web\/#\/schema\/person\/image\/\",\"url\":\"https:\/\/secure.gravatar.com\/avatar\/4287850329e836b922e780de7b869301223afe7f2dc5f72c6b1f8d017d1b050b?s=96&d=mm&r=g\",\"contentUrl\":\"https:\/\/secure.gravatar.com\/avatar\/4287850329e836b922e780de7b869301223afe7f2dc5f72c6b1f8d017d1b050b?s=96&d=mm&r=g\",\"caption\":\"Comunicaci\u00f3n SOSUNC\"},\"sameAs\":[\"https:\/\/www.facebook.com\/sosunc.unco\",\"https:\/\/www.instagram.com\/sosunc.unco\/\"],\"url\":\"https:\/\/www.sosunc.org.ar\/web\/?author=3\"}]}<\/script>\n<!-- \/ Yoast SEO plugin. -->","yoast_head_json":{"title":"Asamblea: se aprobaron los balances 2019 y 2020 - SOSUNC","robots":{"index":"index","follow":"follow","max-snippet":"max-snippet:-1","max-image-preview":"max-image-preview:large","max-video-preview":"max-video-preview:-1"},"canonical":"https:\/\/www.sosunc.org.ar\/web\/?p=6058","og_locale":"es_ES","og_type":"article","og_title":"Asamblea: se aprobaron los balances 2019 y 2020 - SOSUNC","og_description":"Asamblea: se aprobaron los balances 2019 y 2020 Estimados afiliados y afiliadas: El martes 30 de mayo de 2023 se realiz\u00f3 la Asamblea General Ordinaria de SOSUNC que aprob\u00f3 los documentos de Balance de 2019 y 2020. Tambi\u00e9n se vot\u00f3 el rechazo de la Memoria correspondiente a ambos per\u00edodos. La Asamblea se desarroll\u00f3 en el [&hellip;]","og_url":"https:\/\/www.sosunc.org.ar\/web\/?p=6058","og_site_name":"SOSUNC","article_publisher":"https:\/\/www.facebook.com\/sosunc.unco","article_author":"https:\/\/www.facebook.com\/sosunc.unco","article_published_time":"2023-06-01T12:31:37+00:00","article_modified_time":"2023-06-05T11:18:06+00:00","og_image":[{"width":974,"height":974,"url":"http:\/\/192.9.200.18\/wordpress\/wp-content\/uploads\/2023\/06\/Votacion-Asamblea.png","type":"image\/png"}],"author":"Comunicaci\u00f3n SOSUNC","twitter_card":"summary_large_image","twitter_misc":{"Escrito por":"Comunicaci\u00f3n SOSUNC","Tiempo de lectura":"2 minutos"},"schema":{"@context":"https:\/\/schema.org","@graph":[{"@type":"Article","@id":"https:\/\/www.sosunc.org.ar\/web\/?p=6058#article","isPartOf":{"@id":"https:\/\/www.sosunc.org.ar\/web\/?p=6058"},"author":{"name":"Comunicaci\u00f3n SOSUNC","@id":"https:\/\/www.sosunc.org.ar\/web\/#\/schema\/person\/cb1a199a4e9d3cd4d50fe973caac0985"},"headline":"Asamblea: se aprobaron los balances 2019 y 2020","datePublished":"2023-06-01T12:31:37+00:00","dateModified":"2023-06-05T11:18:06+00:00","mainEntityOfPage":{"@id":"https:\/\/www.sosunc.org.ar\/web\/?p=6058"},"wordCount":501,"publisher":{"@id":"https:\/\/www.sosunc.org.ar\/web\/#organization"},"image":{"@id":"https:\/\/www.sosunc.org.ar\/web\/?p=6058#primaryimage"},"thumbnailUrl":"https:\/\/192.9.200.18\/wordpress\/wp-content\/uploads\/2023\/06\/Votacion-Asamblea.png","articleSection":["novedades-sosunc"],"inLanguage":"es-AR"},{"@type":"WebPage","@id":"https:\/\/www.sosunc.org.ar\/web\/?p=6058","url":"https:\/\/www.sosunc.org.ar\/web\/?p=6058","name":"Asamblea: se aprobaron los balances 2019 y 2020 - SOSUNC","isPartOf":{"@id":"https:\/\/www.sosunc.org.ar\/web\/#website"},"primaryImageOfPage":{"@id":"https:\/\/www.sosunc.org.ar\/web\/?p=6058#primaryimage"},"image":{"@id":"https:\/\/www.sosunc.org.ar\/web\/?p=6058#primaryimage"},"thumbnailUrl":"https:\/\/192.9.200.18\/wordpress\/wp-content\/uploads\/2023\/06\/Votacion-Asamblea.png","datePublished":"2023-06-01T12:31:37+00:00","dateModified":"2023-06-05T11:18:06+00:00","breadcrumb":{"@id":"https:\/\/www.sosunc.org.ar\/web\/?p=6058#breadcrumb"},"inLanguage":"es-AR","potentialAction":[{"@type":"ReadAction","target":["https:\/\/www.sosunc.org.ar\/web\/?p=6058"]}]},{"@type":"ImageObject","inLanguage":"es-AR","@id":"https:\/\/www.sosunc.org.ar\/web\/?p=6058#primaryimage","url":"https:\/\/192.9.200.18\/wordpress\/wp-content\/uploads\/2023\/06\/Votacion-Asamblea.png","contentUrl":"https:\/\/192.9.200.18\/wordpress\/wp-content\/uploads\/2023\/06\/Votacion-Asamblea.png","width":974,"height":974},{"@type":"BreadcrumbList","@id":"https:\/\/www.sosunc.org.ar\/web\/?p=6058#breadcrumb","itemListElement":[{"@type":"ListItem","position":1,"name":"Inicio","item":"https:\/\/www.sosunc.org.ar\/web\/"},{"@type":"ListItem","position":2,"name":"Asamblea: se aprobaron los balances 2019 y 2020"}]},{"@type":"WebSite","@id":"https:\/\/www.sosunc.org.ar\/web\/#website","url":"https:\/\/www.sosunc.org.ar\/web\/","name":"SOSUNC","description":"Servicio de Obra Social de la Universidad Nacional del Comahue","publisher":{"@id":"https:\/\/www.sosunc.org.ar\/web\/#organization"},"potentialAction":[{"@type":"SearchAction","target":{"@type":"EntryPoint","urlTemplate":"https:\/\/www.sosunc.org.ar\/web\/?s={search_term_string}"},"query-input":{"@type":"PropertyValueSpecification","valueRequired":true,"valueName":"search_term_string"}}],"inLanguage":"es-AR"},{"@type":"Organization","@id":"https:\/\/www.sosunc.org.ar\/web\/#organization","name":"Servicio de Obra Social Universidad Nacional del Comahue","url":"https:\/\/www.sosunc.org.ar\/web\/","logo":{"@type":"ImageObject","inLanguage":"es-AR","@id":"https:\/\/www.sosunc.org.ar\/web\/#\/schema\/logo\/image\/","url":"https:\/\/192.9.200.18\/wordpress\/wp-content\/uploads\/2022\/06\/logososunc.png","contentUrl":"https:\/\/192.9.200.18\/wordpress\/wp-content\/uploads\/2022\/06\/logososunc.png","width":333,"height":333,"caption":"Servicio de Obra Social Universidad Nacional del Comahue"},"image":{"@id":"https:\/\/www.sosunc.org.ar\/web\/#\/schema\/logo\/image\/"},"sameAs":["https:\/\/www.facebook.com\/sosunc.unco"]},{"@type":"Person","@id":"https:\/\/www.sosunc.org.ar\/web\/#\/schema\/person\/cb1a199a4e9d3cd4d50fe973caac0985","name":"Comunicaci\u00f3n SOSUNC","image":{"@type":"ImageObject","inLanguage":"es-AR","@id":"https:\/\/www.sosunc.org.ar\/web\/#\/schema\/person\/image\/","url":"https:\/\/secure.gravatar.com\/avatar\/4287850329e836b922e780de7b869301223afe7f2dc5f72c6b1f8d017d1b050b?s=96&d=mm&r=g","contentUrl":"https:\/\/secure.gravatar.com\/avatar\/4287850329e836b922e780de7b869301223afe7f2dc5f72c6b1f8d017d1b050b?s=96&d=mm&r=g","caption":"Comunicaci\u00f3n SOSUNC"},"sameAs":["https:\/\/www.facebook.com\/sosunc.unco","https:\/\/www.instagram.com\/sosunc.unco\/"],"url":"https:\/\/www.sosunc.org.ar\/web\/?author=3"}]}},"_links":{"self":[{"href":"https:\/\/www.sosunc.org.ar\/web\/index.php?rest_route=\/wp\/v2\/posts\/6058","targetHints":{"allow":["GET"]}}],"collection":[{"href":"https:\/\/www.sosunc.org.ar\/web\/index.php?rest_route=\/wp\/v2\/posts"}],"about":[{"href":"https:\/\/www.sosunc.org.ar\/web\/index.php?rest_route=\/wp\/v2\/types\/post"}],"author":[{"embeddable":true,"href":"https:\/\/www.sosunc.org.ar\/web\/index.php?rest_route=\/wp\/v2\/users\/3"}],"replies":[{"embeddable":true,"href":"https:\/\/www.sosunc.org.ar\/web\/index.php?rest_route=%2Fwp%2Fv2%2Fcomments&post=6058"}],"version-history":[{"count":5,"href":"https:\/\/www.sosunc.org.ar\/web\/index.php?rest_route=\/wp\/v2\/posts\/6058\/revisions"}],"predecessor-version":[{"id":6085,"href":"https:\/\/www.sosunc.org.ar\/web\/index.php?rest_route=\/wp\/v2\/posts\/6058\/revisions\/6085"}],"wp:featuredmedia":[{"embeddable":true,"href":"https:\/\/www.sosunc.org.ar\/web\/index.php?rest_route=\/wp\/v2\/media\/6059"}],"wp:attachment":[{"href":"https:\/\/www.sosunc.org.ar\/web\/index.php?rest_route=%2Fwp%2Fv2%2Fmedia&parent=6058"}],"wp:term":[{"taxonomy":"category","embeddable":true,"href":"https:\/\/www.sosunc.org.ar\/web\/index.php?rest_route=%2Fwp%2Fv2%2Fcategories&post=6058"},{"taxonomy":"post_tag","embeddable":true,"href":"https:\/\/www.sosunc.org.ar\/web\/index.php?rest_route=%2Fwp%2Fv2%2Ftags&post=6058"}],"curies":[{"name":"wp","href":"https:\/\/api.w.org\/{rel}","templated":true}]}}