{"id":5400,"date":"2023-02-01T08:34:28","date_gmt":"2023-02-01T11:34:28","guid":{"rendered":"https:\/\/www.sosunc.org.ar\/web\/?p=5400"},"modified":"2023-02-01T08:34:48","modified_gmt":"2023-02-01T11:34:48","slug":"dia-mundial-del-cancer-la-respuesta-es-informarse","status":"publish","type":"post","link":"https:\/\/www.sosunc.org.ar\/web\/?p=5400","title":{"rendered":"D\u00eda Mundial del C\u00e1ncer: La respuesta es informarse"},"content":{"rendered":"\n<h2 class=\"has-text-color wp-block-heading\" style=\"color:#012868\">D\u00eda Mundial del C\u00e1ncer: La respuesta es informarse<\/h2>\n\n\n\n<p>El 4 de febrero se conmemora el D\u00eda Mundial del C\u00e1ncer como refuerzo de la lucha colectiva para prevenir y curar esta enfermedad. Hoy, m\u00e1s de la mitad de las personas diagnosticadas se recupera. La evoluci\u00f3n favorable s\u00f3lo es posible con una detecci\u00f3n temprana. Por eso, desde SOSUNC, dedicaremos este mes a informar sobre los tipos de c\u00e1ncer m\u00e1s frecuentes y c\u00f3mo cuidarse para llegar al tratamiento a tiempo.<\/p>\n\n\n\n<p>Se llama c\u00e1ncer a un amplio grupo de enfermedades que comienzan en las c\u00e9lulas. El proceso natural de crecimiento y divisi\u00f3n celular se descontrola y se forma una masa de tejido denominada \u201ctumor\u201d.<\/p>\n\n\n\n<p>Hay tumores benignos que no son cancerosos porque sus c\u00e9lulas no se diseminan a otras partes del cuerpo, y en general se pueden extirpar y no reaparecen. En cambio, los tumores malignos son cancerosos, las c\u00e9lulas pueden invadir otros tejidos o diseminarse a nuevos \u00f3rganos.<\/p>\n\n\n\n<p><\/p>\n\n\n\n<h4 class=\"has-text-color wp-block-heading\" style=\"color:#002450\"><strong>Tipos m\u00e1s frecuentes<\/strong><\/h4>\n\n\n\n<p><\/p>\n\n\n\n<p>Algunos tipos de c\u00e1ncer son m\u00e1s frecuentes que otros. En Argentina, por cada 100 casos diagnosticados, 16 corresponden a c\u00e1ncer de mama, 12 a c\u00e1ncer colorrectal y 9 a c\u00e1ncer de pulm\u00f3n. Tambi\u00e9n es muy alta la incidencia del c\u00e1ncer de piel, aunque la mayor\u00eda de sus variantes son curables y no se toman en cuenta para el registro estad\u00edstico.<\/p>\n\n\n\n<p>El c\u00e1ncer es multicausal, pero se pueden identificar factores de riesgo que predisponen a tener esta enfermedad en l\u00edneas generales como la obesidad, el consumo de tabaco y alcohol, la exposici\u00f3n a radiaci\u00f3n ultravioleta (UV) y las infecciones.<\/p>\n\n\n\n<p>Para saber m\u00e1s sobre prevenci\u00f3n y cuidados, el Instituto Nacional del C\u00e1ncer cuenta con una l\u00ednea telef\u00f3nica gratuita que atiende todo el a\u00f1o:<a href=\"https:\/\/www.argentina.gob.ar\/salud\/cancer\"> 0800-333-3586<\/a><\/p>\n\n\n\n<p>No tengas miedo, informate.<\/p>\n\n\n\n<p><em>SOSUNC, una obra social gestionada por sus afiliados\/as.<\/em><\/p>\n","protected":false},"excerpt":{"rendered":"<p>D\u00eda Mundial del C\u00e1ncer: La respuesta es informarse El 4 de febrero se conmemora el D\u00eda Mundial del C\u00e1ncer como refuerzo de la lucha colectiva para prevenir y curar esta enfermedad. Hoy, m\u00e1s de la mitad de las personas diagnosticadas se recupera. La evoluci\u00f3n favorable s\u00f3lo es posible con una detecci\u00f3n temprana. Por eso, desde [&hellip;]<\/p>\n","protected":false},"author":3,"featured_media":5401,"comment_status":"closed","ping_status":"closed","sticky":false,"template":"","format":"standard","meta":{"_coblocks_attr":"","_coblocks_dimensions":"","_coblocks_responsive_height":"","_coblocks_accordion_ie_support":"","footnotes":""},"categories":[22],"tags":[],"class_list":["post-5400","post","type-post","status-publish","format-standard","has-post-thumbnail","hentry","category-novedades-sosunc"],"yoast_head":"<!-- This site is optimized with the Yoast SEO plugin v26.5 - https:\/\/yoast.com\/wordpress\/plugins\/seo\/ -->\n<title>D\u00eda Mundial del C\u00e1ncer: La respuesta es informarse - SOSUNC<\/title>\n<meta name=\"robots\" content=\"index, follow, max-snippet:-1, max-image-preview:large, max-video-preview:-1\" \/>\n<link rel=\"canonical\" href=\"https:\/\/www.sosunc.org.ar\/web\/?p=5400\" \/>\n<meta property=\"og:locale\" content=\"es_ES\" \/>\n<meta property=\"og:type\" content=\"article\" \/>\n<meta property=\"og:title\" content=\"D\u00eda Mundial del C\u00e1ncer: La respuesta es informarse - SOSUNC\" \/>\n<meta property=\"og:description\" content=\"D\u00eda Mundial del C\u00e1ncer: La respuesta es informarse El 4 de febrero se conmemora el D\u00eda Mundial del C\u00e1ncer como refuerzo de la lucha colectiva para prevenir y curar esta enfermedad. Hoy, m\u00e1s de la mitad de las personas diagnosticadas se recupera. La evoluci\u00f3n favorable s\u00f3lo es posible con una detecci\u00f3n temprana. Por eso, desde [&hellip;]\" \/>\n<meta property=\"og:url\" content=\"https:\/\/www.sosunc.org.ar\/web\/?p=5400\" \/>\n<meta property=\"og:site_name\" content=\"SOSUNC\" \/>\n<meta property=\"article:publisher\" content=\"https:\/\/www.facebook.com\/sosunc.unco\" \/>\n<meta property=\"article:author\" content=\"https:\/\/www.facebook.com\/sosunc.unco\" \/>\n<meta property=\"article:published_time\" content=\"2023-02-01T11:34:28+00:00\" \/>\n<meta property=\"article:modified_time\" content=\"2023-02-01T11:34:48+00:00\" \/>\n<meta property=\"og:image\" content=\"http:\/\/192.9.200.18\/wordpress\/wp-content\/uploads\/2023\/02\/Febrero-cancer-1.png\" \/>\n\t<meta property=\"og:image:width\" content=\"974\" \/>\n\t<meta property=\"og:image:height\" content=\"974\" \/>\n\t<meta property=\"og:image:type\" content=\"image\/png\" \/>\n<meta name=\"author\" content=\"Comunicaci\u00f3n SOSUNC\" \/>\n<meta name=\"twitter:card\" content=\"summary_large_image\" \/>\n<meta name=\"twitter:label1\" content=\"Escrito por\" \/>\n\t<meta name=\"twitter:data1\" content=\"Comunicaci\u00f3n SOSUNC\" \/>\n\t<meta name=\"twitter:label2\" content=\"Tiempo de lectura\" \/>\n\t<meta name=\"twitter:data2\" content=\"2 minutos\" \/>\n<script type=\"application\/ld+json\" class=\"yoast-schema-graph\">{\"@context\":\"https:\/\/schema.org\",\"@graph\":[{\"@type\":\"Article\",\"@id\":\"https:\/\/www.sosunc.org.ar\/web\/?p=5400#article\",\"isPartOf\":{\"@id\":\"https:\/\/www.sosunc.org.ar\/web\/?p=5400\"},\"author\":{\"name\":\"Comunicaci\u00f3n SOSUNC\",\"@id\":\"https:\/\/www.sosunc.org.ar\/web\/#\/schema\/person\/cb1a199a4e9d3cd4d50fe973caac0985\"},\"headline\":\"D\u00eda Mundial del C\u00e1ncer: La respuesta es informarse\",\"datePublished\":\"2023-02-01T11:34:28+00:00\",\"dateModified\":\"2023-02-01T11:34:48+00:00\",\"mainEntityOfPage\":{\"@id\":\"https:\/\/www.sosunc.org.ar\/web\/?p=5400\"},\"wordCount\":336,\"publisher\":{\"@id\":\"https:\/\/www.sosunc.org.ar\/web\/#organization\"},\"image\":{\"@id\":\"https:\/\/www.sosunc.org.ar\/web\/?p=5400#primaryimage\"},\"thumbnailUrl\":\"https:\/\/192.9.200.18\/wordpress\/wp-content\/uploads\/2023\/02\/Febrero-cancer-1.png\",\"articleSection\":[\"novedades-sosunc\"],\"inLanguage\":\"es-AR\"},{\"@type\":\"WebPage\",\"@id\":\"https:\/\/www.sosunc.org.ar\/web\/?p=5400\",\"url\":\"https:\/\/www.sosunc.org.ar\/web\/?p=5400\",\"name\":\"D\u00eda Mundial del C\u00e1ncer: La respuesta es informarse - SOSUNC\",\"isPartOf\":{\"@id\":\"https:\/\/www.sosunc.org.ar\/web\/#website\"},\"primaryImageOfPage\":{\"@id\":\"https:\/\/www.sosunc.org.ar\/web\/?p=5400#primaryimage\"},\"image\":{\"@id\":\"https:\/\/www.sosunc.org.ar\/web\/?p=5400#primaryimage\"},\"thumbnailUrl\":\"https:\/\/192.9.200.18\/wordpress\/wp-content\/uploads\/2023\/02\/Febrero-cancer-1.png\",\"datePublished\":\"2023-02-01T11:34:28+00:00\",\"dateModified\":\"2023-02-01T11:34:48+00:00\",\"breadcrumb\":{\"@id\":\"https:\/\/www.sosunc.org.ar\/web\/?p=5400#breadcrumb\"},\"inLanguage\":\"es-AR\",\"potentialAction\":[{\"@type\":\"ReadAction\",\"target\":[\"https:\/\/www.sosunc.org.ar\/web\/?p=5400\"]}]},{\"@type\":\"ImageObject\",\"inLanguage\":\"es-AR\",\"@id\":\"https:\/\/www.sosunc.org.ar\/web\/?p=5400#primaryimage\",\"url\":\"https:\/\/192.9.200.18\/wordpress\/wp-content\/uploads\/2023\/02\/Febrero-cancer-1.png\",\"contentUrl\":\"https:\/\/192.9.200.18\/wordpress\/wp-content\/uploads\/2023\/02\/Febrero-cancer-1.png\",\"width\":974,\"height\":974},{\"@type\":\"BreadcrumbList\",\"@id\":\"https:\/\/www.sosunc.org.ar\/web\/?p=5400#breadcrumb\",\"itemListElement\":[{\"@type\":\"ListItem\",\"position\":1,\"name\":\"Inicio\",\"item\":\"https:\/\/www.sosunc.org.ar\/web\/\"},{\"@type\":\"ListItem\",\"position\":2,\"name\":\"D\u00eda Mundial del C\u00e1ncer: La respuesta es informarse\"}]},{\"@type\":\"WebSite\",\"@id\":\"https:\/\/www.sosunc.org.ar\/web\/#website\",\"url\":\"https:\/\/www.sosunc.org.ar\/web\/\",\"name\":\"SOSUNC\",\"description\":\"Servicio de Obra Social de la Universidad Nacional del Comahue\",\"publisher\":{\"@id\":\"https:\/\/www.sosunc.org.ar\/web\/#organization\"},\"potentialAction\":[{\"@type\":\"SearchAction\",\"target\":{\"@type\":\"EntryPoint\",\"urlTemplate\":\"https:\/\/www.sosunc.org.ar\/web\/?s={search_term_string}\"},\"query-input\":{\"@type\":\"PropertyValueSpecification\",\"valueRequired\":true,\"valueName\":\"search_term_string\"}}],\"inLanguage\":\"es-AR\"},{\"@type\":\"Organization\",\"@id\":\"https:\/\/www.sosunc.org.ar\/web\/#organization\",\"name\":\"Servicio de Obra Social Universidad Nacional del Comahue\",\"url\":\"https:\/\/www.sosunc.org.ar\/web\/\",\"logo\":{\"@type\":\"ImageObject\",\"inLanguage\":\"es-AR\",\"@id\":\"https:\/\/www.sosunc.org.ar\/web\/#\/schema\/logo\/image\/\",\"url\":\"https:\/\/192.9.200.18\/wordpress\/wp-content\/uploads\/2022\/06\/logososunc.png\",\"contentUrl\":\"https:\/\/192.9.200.18\/wordpress\/wp-content\/uploads\/2022\/06\/logososunc.png\",\"width\":333,\"height\":333,\"caption\":\"Servicio de Obra Social Universidad Nacional del Comahue\"},\"image\":{\"@id\":\"https:\/\/www.sosunc.org.ar\/web\/#\/schema\/logo\/image\/\"},\"sameAs\":[\"https:\/\/www.facebook.com\/sosunc.unco\"]},{\"@type\":\"Person\",\"@id\":\"https:\/\/www.sosunc.org.ar\/web\/#\/schema\/person\/cb1a199a4e9d3cd4d50fe973caac0985\",\"name\":\"Comunicaci\u00f3n SOSUNC\",\"image\":{\"@type\":\"ImageObject\",\"inLanguage\":\"es-AR\",\"@id\":\"https:\/\/www.sosunc.org.ar\/web\/#\/schema\/person\/image\/\",\"url\":\"https:\/\/secure.gravatar.com\/avatar\/4287850329e836b922e780de7b869301223afe7f2dc5f72c6b1f8d017d1b050b?s=96&d=mm&r=g\",\"contentUrl\":\"https:\/\/secure.gravatar.com\/avatar\/4287850329e836b922e780de7b869301223afe7f2dc5f72c6b1f8d017d1b050b?s=96&d=mm&r=g\",\"caption\":\"Comunicaci\u00f3n SOSUNC\"},\"sameAs\":[\"https:\/\/www.facebook.com\/sosunc.unco\",\"https:\/\/www.instagram.com\/sosunc.unco\/\"],\"url\":\"https:\/\/www.sosunc.org.ar\/web\/?author=3\"}]}<\/script>\n<!-- \/ Yoast SEO plugin. -->","yoast_head_json":{"title":"D\u00eda Mundial del C\u00e1ncer: La respuesta es informarse - SOSUNC","robots":{"index":"index","follow":"follow","max-snippet":"max-snippet:-1","max-image-preview":"max-image-preview:large","max-video-preview":"max-video-preview:-1"},"canonical":"https:\/\/www.sosunc.org.ar\/web\/?p=5400","og_locale":"es_ES","og_type":"article","og_title":"D\u00eda Mundial del C\u00e1ncer: La respuesta es informarse - SOSUNC","og_description":"D\u00eda Mundial del C\u00e1ncer: La respuesta es informarse El 4 de febrero se conmemora el D\u00eda Mundial del C\u00e1ncer como refuerzo de la lucha colectiva para prevenir y curar esta enfermedad. Hoy, m\u00e1s de la mitad de las personas diagnosticadas se recupera. La evoluci\u00f3n favorable s\u00f3lo es posible con una detecci\u00f3n temprana. Por eso, desde [&hellip;]","og_url":"https:\/\/www.sosunc.org.ar\/web\/?p=5400","og_site_name":"SOSUNC","article_publisher":"https:\/\/www.facebook.com\/sosunc.unco","article_author":"https:\/\/www.facebook.com\/sosunc.unco","article_published_time":"2023-02-01T11:34:28+00:00","article_modified_time":"2023-02-01T11:34:48+00:00","og_image":[{"width":974,"height":974,"url":"http:\/\/192.9.200.18\/wordpress\/wp-content\/uploads\/2023\/02\/Febrero-cancer-1.png","type":"image\/png"}],"author":"Comunicaci\u00f3n SOSUNC","twitter_card":"summary_large_image","twitter_misc":{"Escrito por":"Comunicaci\u00f3n SOSUNC","Tiempo de lectura":"2 minutos"},"schema":{"@context":"https:\/\/schema.org","@graph":[{"@type":"Article","@id":"https:\/\/www.sosunc.org.ar\/web\/?p=5400#article","isPartOf":{"@id":"https:\/\/www.sosunc.org.ar\/web\/?p=5400"},"author":{"name":"Comunicaci\u00f3n SOSUNC","@id":"https:\/\/www.sosunc.org.ar\/web\/#\/schema\/person\/cb1a199a4e9d3cd4d50fe973caac0985"},"headline":"D\u00eda Mundial del C\u00e1ncer: La respuesta es informarse","datePublished":"2023-02-01T11:34:28+00:00","dateModified":"2023-02-01T11:34:48+00:00","mainEntityOfPage":{"@id":"https:\/\/www.sosunc.org.ar\/web\/?p=5400"},"wordCount":336,"publisher":{"@id":"https:\/\/www.sosunc.org.ar\/web\/#organization"},"image":{"@id":"https:\/\/www.sosunc.org.ar\/web\/?p=5400#primaryimage"},"thumbnailUrl":"https:\/\/192.9.200.18\/wordpress\/wp-content\/uploads\/2023\/02\/Febrero-cancer-1.png","articleSection":["novedades-sosunc"],"inLanguage":"es-AR"},{"@type":"WebPage","@id":"https:\/\/www.sosunc.org.ar\/web\/?p=5400","url":"https:\/\/www.sosunc.org.ar\/web\/?p=5400","name":"D\u00eda Mundial del C\u00e1ncer: La respuesta es informarse - SOSUNC","isPartOf":{"@id":"https:\/\/www.sosunc.org.ar\/web\/#website"},"primaryImageOfPage":{"@id":"https:\/\/www.sosunc.org.ar\/web\/?p=5400#primaryimage"},"image":{"@id":"https:\/\/www.sosunc.org.ar\/web\/?p=5400#primaryimage"},"thumbnailUrl":"https:\/\/192.9.200.18\/wordpress\/wp-content\/uploads\/2023\/02\/Febrero-cancer-1.png","datePublished":"2023-02-01T11:34:28+00:00","dateModified":"2023-02-01T11:34:48+00:00","breadcrumb":{"@id":"https:\/\/www.sosunc.org.ar\/web\/?p=5400#breadcrumb"},"inLanguage":"es-AR","potentialAction":[{"@type":"ReadAction","target":["https:\/\/www.sosunc.org.ar\/web\/?p=5400"]}]},{"@type":"ImageObject","inLanguage":"es-AR","@id":"https:\/\/www.sosunc.org.ar\/web\/?p=5400#primaryimage","url":"https:\/\/192.9.200.18\/wordpress\/wp-content\/uploads\/2023\/02\/Febrero-cancer-1.png","contentUrl":"https:\/\/192.9.200.18\/wordpress\/wp-content\/uploads\/2023\/02\/Febrero-cancer-1.png","width":974,"height":974},{"@type":"BreadcrumbList","@id":"https:\/\/www.sosunc.org.ar\/web\/?p=5400#breadcrumb","itemListElement":[{"@type":"ListItem","position":1,"name":"Inicio","item":"https:\/\/www.sosunc.org.ar\/web\/"},{"@type":"ListItem","position":2,"name":"D\u00eda Mundial del C\u00e1ncer: La respuesta es informarse"}]},{"@type":"WebSite","@id":"https:\/\/www.sosunc.org.ar\/web\/#website","url":"https:\/\/www.sosunc.org.ar\/web\/","name":"SOSUNC","description":"Servicio de Obra Social de la Universidad Nacional del Comahue","publisher":{"@id":"https:\/\/www.sosunc.org.ar\/web\/#organization"},"potentialAction":[{"@type":"SearchAction","target":{"@type":"EntryPoint","urlTemplate":"https:\/\/www.sosunc.org.ar\/web\/?s={search_term_string}"},"query-input":{"@type":"PropertyValueSpecification","valueRequired":true,"valueName":"search_term_string"}}],"inLanguage":"es-AR"},{"@type":"Organization","@id":"https:\/\/www.sosunc.org.ar\/web\/#organization","name":"Servicio de Obra Social Universidad Nacional del Comahue","url":"https:\/\/www.sosunc.org.ar\/web\/","logo":{"@type":"ImageObject","inLanguage":"es-AR","@id":"https:\/\/www.sosunc.org.ar\/web\/#\/schema\/logo\/image\/","url":"https:\/\/192.9.200.18\/wordpress\/wp-content\/uploads\/2022\/06\/logososunc.png","contentUrl":"https:\/\/192.9.200.18\/wordpress\/wp-content\/uploads\/2022\/06\/logososunc.png","width":333,"height":333,"caption":"Servicio de Obra Social Universidad Nacional del Comahue"},"image":{"@id":"https:\/\/www.sosunc.org.ar\/web\/#\/schema\/logo\/image\/"},"sameAs":["https:\/\/www.facebook.com\/sosunc.unco"]},{"@type":"Person","@id":"https:\/\/www.sosunc.org.ar\/web\/#\/schema\/person\/cb1a199a4e9d3cd4d50fe973caac0985","name":"Comunicaci\u00f3n SOSUNC","image":{"@type":"ImageObject","inLanguage":"es-AR","@id":"https:\/\/www.sosunc.org.ar\/web\/#\/schema\/person\/image\/","url":"https:\/\/secure.gravatar.com\/avatar\/4287850329e836b922e780de7b869301223afe7f2dc5f72c6b1f8d017d1b050b?s=96&d=mm&r=g","contentUrl":"https:\/\/secure.gravatar.com\/avatar\/4287850329e836b922e780de7b869301223afe7f2dc5f72c6b1f8d017d1b050b?s=96&d=mm&r=g","caption":"Comunicaci\u00f3n SOSUNC"},"sameAs":["https:\/\/www.facebook.com\/sosunc.unco","https:\/\/www.instagram.com\/sosunc.unco\/"],"url":"https:\/\/www.sosunc.org.ar\/web\/?author=3"}]}},"_links":{"self":[{"href":"https:\/\/www.sosunc.org.ar\/web\/index.php?rest_route=\/wp\/v2\/posts\/5400","targetHints":{"allow":["GET"]}}],"collection":[{"href":"https:\/\/www.sosunc.org.ar\/web\/index.php?rest_route=\/wp\/v2\/posts"}],"about":[{"href":"https:\/\/www.sosunc.org.ar\/web\/index.php?rest_route=\/wp\/v2\/types\/post"}],"author":[{"embeddable":true,"href":"https:\/\/www.sosunc.org.ar\/web\/index.php?rest_route=\/wp\/v2\/users\/3"}],"replies":[{"embeddable":true,"href":"https:\/\/www.sosunc.org.ar\/web\/index.php?rest_route=%2Fwp%2Fv2%2Fcomments&post=5400"}],"version-history":[{"count":1,"href":"https:\/\/www.sosunc.org.ar\/web\/index.php?rest_route=\/wp\/v2\/posts\/5400\/revisions"}],"predecessor-version":[{"id":5402,"href":"https:\/\/www.sosunc.org.ar\/web\/index.php?rest_route=\/wp\/v2\/posts\/5400\/revisions\/5402"}],"wp:featuredmedia":[{"embeddable":true,"href":"https:\/\/www.sosunc.org.ar\/web\/index.php?rest_route=\/wp\/v2\/media\/5401"}],"wp:attachment":[{"href":"https:\/\/www.sosunc.org.ar\/web\/index.php?rest_route=%2Fwp%2Fv2%2Fmedia&parent=5400"}],"wp:term":[{"taxonomy":"category","embeddable":true,"href":"https:\/\/www.sosunc.org.ar\/web\/index.php?rest_route=%2Fwp%2Fv2%2Fcategories&post=5400"},{"taxonomy":"post_tag","embeddable":true,"href":"https:\/\/www.sosunc.org.ar\/web\/index.php?rest_route=%2Fwp%2Fv2%2Ftags&post=5400"}],"curies":[{"name":"wp","href":"https:\/\/api.w.org\/{rel}","templated":true}]}}