{"id":5206,"date":"2022-12-28T11:09:09","date_gmt":"2022-12-28T14:09:09","guid":{"rendered":"https:\/\/www.sosunc.org.ar\/web\/?p=5206"},"modified":"2022-12-28T11:09:10","modified_gmt":"2022-12-28T14:09:10","slug":"elegi-una-vida-sin-vih-saber-es-sanar","status":"publish","type":"post","link":"https:\/\/www.sosunc.org.ar\/web\/?p=5206","title":{"rendered":"Eleg\u00ed una vida sin VIH: saber es sanar"},"content":{"rendered":"\n<h2 class=\"has-text-color wp-block-heading\" style=\"color:#02367d\">Eleg\u00ed una vida sin VIH: saber es sanar<\/h2>\n\n\n\n<p>El 1 de diciembre, se conmemora el D\u00eda Mundial del SIDA, una enfermedad causada por el Virus de Inmunodeficiencia Humana (VIH). Desde SOSUNC, dedicaremos el mes de diciembre a recordar las acciones colectivas para poner fin a esta epidemia.<\/p>\n\n\n\n<p>Luego de d\u00e9cadas de campa\u00f1as de informaci\u00f3n p\u00fablica y otros esfuerzos de sensibilizaci\u00f3n, a\u00fan persisten los prejuicios sobre las personas con VIH\/SIDA. Se suele asociar err\u00f3neamente un mayor riesgo <a><\/a>de contagio seg\u00fan la orientaci\u00f3n sexual, la identidad de g\u00e9nero, el consumo de drogas il\u00edcitas o la participaci\u00f3n en el comercio sexual.<\/p>\n\n\n\n<p><strong>ESI y  SIDA<\/strong><\/p>\n\n\n\n<p>Est\u00e1 comprobado que la educaci\u00f3n sexual integral en las escuelas es una herramienta eficaz para prevenir tanto el SIDA como cualquier otra enfermedad de transmisi\u00f3n sexual. Es tambi\u00e9n un recurso para poner fin a las ideas err\u00f3neas sobre el VIH y el uso de preservativos, as\u00ed como los prejuicios y la estigmatizaci\u00f3n.<\/p>\n\n\n<div class=\"wp-block-image\">\n<figure class=\"aligncenter size-full is-resized\"><img loading=\"lazy\" decoding=\"async\" src=\"https:\/\/192.9.200.18\/wordpress\/wp-content\/uploads\/2022\/12\/SIDA-4.png\" alt=\"\" class=\"wp-image-5208\" width=\"500\" height=\"500\" srcset=\"http:\/\/192.9.200.18\/wordpress\/wp-content\/uploads\/2022\/12\/SIDA-4.png 974w, http:\/\/192.9.200.18\/wordpress\/wp-content\/uploads\/2022\/12\/SIDA-4-300x300.png 300w, http:\/\/192.9.200.18\/wordpress\/wp-content\/uploads\/2022\/12\/SIDA-4-150x150.png 150w, http:\/\/192.9.200.18\/wordpress\/wp-content\/uploads\/2022\/12\/SIDA-4-768x768.png 768w\" sizes=\"auto, (max-width: 500px) 100vw, 500px\" \/><\/figure>\n<\/div>\n\n\n<p><strong>Redes de apoyo <\/strong><\/p>\n\n\n\n<p>Las organizaciones sociales sobre VIH\/SIDA cumplen un rol fundamental para quienes necesitan informaci\u00f3n, acompa\u00f1amiento y contenci\u00f3n ante esta epidemia.<\/p>\n\n\n\n<p>En Argentina, pod\u00e9s recurrir a:<\/p>\n\n\n\n<p><img loading=\"lazy\" decoding=\"async\" alt=\"\u25aa\ufe0f\" src=\"https:\/\/static.xx.fbcdn.net\/images\/emoji.php\/v9\/t4c\/1\/16\/25aa.png\" width=\"16\" height=\"16\"> La Red Argentina de J\u00f3venes y Adolescentes Positivos (RAJAP), una asociaci\u00f3n civil por y para personas de entre 14 y 30 a\u00f1os que viven con VIH.<\/p>\n\n\n\n<p><img loading=\"lazy\" decoding=\"async\" alt=\"\u25aa\ufe0f\" src=\"https:\/\/static.xx.fbcdn.net\/images\/emoji.php\/v9\/t4c\/1\/16\/25aa.png\" width=\"16\" height=\"16\"> Fundaci\u00f3n Hu\u00e9sped, una organizaci\u00f3n que trabaja desde 1989 en \u00e1reas de salud p\u00fablica desde una perspectiva de derechos humanos centrada en VIH\/SIDA y otros temas de salud sexual y reproductiva.<\/p>\n\n\n\n<p><em>SOSUNC, una obra social gestionada por sus afiliados\/as.<\/em><\/p>\n","protected":false},"excerpt":{"rendered":"<p>Eleg\u00ed una vida sin VIH: saber es sanar El 1 de diciembre, se conmemora el D\u00eda Mundial del SIDA, una enfermedad causada por el Virus de Inmunodeficiencia Humana (VIH). Desde SOSUNC, dedicaremos el mes de diciembre a recordar las acciones colectivas para poner fin a esta epidemia. Luego de d\u00e9cadas de campa\u00f1as de informaci\u00f3n p\u00fablica [&hellip;]<\/p>\n","protected":false},"author":3,"featured_media":5207,"comment_status":"closed","ping_status":"closed","sticky":false,"template":"","format":"standard","meta":{"_coblocks_attr":"","_coblocks_dimensions":"","_coblocks_responsive_height":"","_coblocks_accordion_ie_support":"","footnotes":""},"categories":[22],"tags":[55,144],"class_list":["post-5206","post","type-post","status-publish","format-standard","has-post-thumbnail","hentry","category-novedades-sosunc","tag-diciembre","tag-vih"],"yoast_head":"<!-- This site is optimized with the Yoast SEO plugin v26.5 - https:\/\/yoast.com\/wordpress\/plugins\/seo\/ -->\n<title>Eleg\u00ed una vida sin VIH: saber es sanar - SOSUNC<\/title>\n<meta name=\"robots\" content=\"index, follow, max-snippet:-1, max-image-preview:large, max-video-preview:-1\" \/>\n<link rel=\"canonical\" href=\"https:\/\/www.sosunc.org.ar\/web\/?p=5206\" \/>\n<meta property=\"og:locale\" content=\"es_ES\" \/>\n<meta property=\"og:type\" content=\"article\" \/>\n<meta property=\"og:title\" content=\"Eleg\u00ed una vida sin VIH: saber es sanar - SOSUNC\" \/>\n<meta property=\"og:description\" content=\"Eleg\u00ed una vida sin VIH: saber es sanar El 1 de diciembre, se conmemora el D\u00eda Mundial del SIDA, una enfermedad causada por el Virus de Inmunodeficiencia Humana (VIH). Desde SOSUNC, dedicaremos el mes de diciembre a recordar las acciones colectivas para poner fin a esta epidemia. Luego de d\u00e9cadas de campa\u00f1as de informaci\u00f3n p\u00fablica [&hellip;]\" \/>\n<meta property=\"og:url\" content=\"https:\/\/www.sosunc.org.ar\/web\/?p=5206\" \/>\n<meta property=\"og:site_name\" content=\"SOSUNC\" \/>\n<meta property=\"article:publisher\" content=\"https:\/\/www.facebook.com\/sosunc.unco\" \/>\n<meta property=\"article:author\" content=\"https:\/\/www.facebook.com\/sosunc.unco\" \/>\n<meta property=\"article:published_time\" content=\"2022-12-28T14:09:09+00:00\" \/>\n<meta property=\"article:modified_time\" content=\"2022-12-28T14:09:10+00:00\" \/>\n<meta property=\"og:image\" content=\"http:\/\/192.9.200.18\/wordpress\/wp-content\/uploads\/2022\/12\/SIDA-4-portada.png\" \/>\n\t<meta property=\"og:image:width\" content=\"974\" \/>\n\t<meta property=\"og:image:height\" content=\"974\" \/>\n\t<meta property=\"og:image:type\" content=\"image\/png\" \/>\n<meta name=\"author\" content=\"Comunicaci\u00f3n SOSUNC\" \/>\n<meta name=\"twitter:card\" content=\"summary_large_image\" \/>\n<meta name=\"twitter:label1\" content=\"Escrito por\" \/>\n\t<meta name=\"twitter:data1\" content=\"Comunicaci\u00f3n SOSUNC\" \/>\n\t<meta name=\"twitter:label2\" content=\"Tiempo de lectura\" \/>\n\t<meta name=\"twitter:data2\" content=\"1 minuto\" \/>\n<script type=\"application\/ld+json\" class=\"yoast-schema-graph\">{\"@context\":\"https:\/\/schema.org\",\"@graph\":[{\"@type\":\"Article\",\"@id\":\"https:\/\/www.sosunc.org.ar\/web\/?p=5206#article\",\"isPartOf\":{\"@id\":\"https:\/\/www.sosunc.org.ar\/web\/?p=5206\"},\"author\":{\"name\":\"Comunicaci\u00f3n SOSUNC\",\"@id\":\"https:\/\/www.sosunc.org.ar\/web\/#\/schema\/person\/cb1a199a4e9d3cd4d50fe973caac0985\"},\"headline\":\"Eleg\u00ed una vida sin VIH: saber es sanar\",\"datePublished\":\"2022-12-28T14:09:09+00:00\",\"dateModified\":\"2022-12-28T14:09:10+00:00\",\"mainEntityOfPage\":{\"@id\":\"https:\/\/www.sosunc.org.ar\/web\/?p=5206\"},\"wordCount\":281,\"publisher\":{\"@id\":\"https:\/\/www.sosunc.org.ar\/web\/#organization\"},\"image\":{\"@id\":\"https:\/\/www.sosunc.org.ar\/web\/?p=5206#primaryimage\"},\"thumbnailUrl\":\"https:\/\/192.9.200.18\/wordpress\/wp-content\/uploads\/2022\/12\/SIDA-4-portada.png\",\"keywords\":[\"diciembre\",\"VIH\"],\"articleSection\":[\"novedades-sosunc\"],\"inLanguage\":\"es-AR\"},{\"@type\":\"WebPage\",\"@id\":\"https:\/\/www.sosunc.org.ar\/web\/?p=5206\",\"url\":\"https:\/\/www.sosunc.org.ar\/web\/?p=5206\",\"name\":\"Eleg\u00ed una vida sin VIH: saber es sanar - SOSUNC\",\"isPartOf\":{\"@id\":\"https:\/\/www.sosunc.org.ar\/web\/#website\"},\"primaryImageOfPage\":{\"@id\":\"https:\/\/www.sosunc.org.ar\/web\/?p=5206#primaryimage\"},\"image\":{\"@id\":\"https:\/\/www.sosunc.org.ar\/web\/?p=5206#primaryimage\"},\"thumbnailUrl\":\"https:\/\/192.9.200.18\/wordpress\/wp-content\/uploads\/2022\/12\/SIDA-4-portada.png\",\"datePublished\":\"2022-12-28T14:09:09+00:00\",\"dateModified\":\"2022-12-28T14:09:10+00:00\",\"breadcrumb\":{\"@id\":\"https:\/\/www.sosunc.org.ar\/web\/?p=5206#breadcrumb\"},\"inLanguage\":\"es-AR\",\"potentialAction\":[{\"@type\":\"ReadAction\",\"target\":[\"https:\/\/www.sosunc.org.ar\/web\/?p=5206\"]}]},{\"@type\":\"ImageObject\",\"inLanguage\":\"es-AR\",\"@id\":\"https:\/\/www.sosunc.org.ar\/web\/?p=5206#primaryimage\",\"url\":\"https:\/\/192.9.200.18\/wordpress\/wp-content\/uploads\/2022\/12\/SIDA-4-portada.png\",\"contentUrl\":\"https:\/\/192.9.200.18\/wordpress\/wp-content\/uploads\/2022\/12\/SIDA-4-portada.png\",\"width\":974,\"height\":974},{\"@type\":\"BreadcrumbList\",\"@id\":\"https:\/\/www.sosunc.org.ar\/web\/?p=5206#breadcrumb\",\"itemListElement\":[{\"@type\":\"ListItem\",\"position\":1,\"name\":\"Inicio\",\"item\":\"https:\/\/www.sosunc.org.ar\/web\/\"},{\"@type\":\"ListItem\",\"position\":2,\"name\":\"Eleg\u00ed una vida sin VIH: saber es sanar\"}]},{\"@type\":\"WebSite\",\"@id\":\"https:\/\/www.sosunc.org.ar\/web\/#website\",\"url\":\"https:\/\/www.sosunc.org.ar\/web\/\",\"name\":\"SOSUNC\",\"description\":\"Servicio de Obra Social de la Universidad Nacional del Comahue\",\"publisher\":{\"@id\":\"https:\/\/www.sosunc.org.ar\/web\/#organization\"},\"potentialAction\":[{\"@type\":\"SearchAction\",\"target\":{\"@type\":\"EntryPoint\",\"urlTemplate\":\"https:\/\/www.sosunc.org.ar\/web\/?s={search_term_string}\"},\"query-input\":{\"@type\":\"PropertyValueSpecification\",\"valueRequired\":true,\"valueName\":\"search_term_string\"}}],\"inLanguage\":\"es-AR\"},{\"@type\":\"Organization\",\"@id\":\"https:\/\/www.sosunc.org.ar\/web\/#organization\",\"name\":\"Servicio de Obra Social Universidad Nacional del Comahue\",\"url\":\"https:\/\/www.sosunc.org.ar\/web\/\",\"logo\":{\"@type\":\"ImageObject\",\"inLanguage\":\"es-AR\",\"@id\":\"https:\/\/www.sosunc.org.ar\/web\/#\/schema\/logo\/image\/\",\"url\":\"https:\/\/192.9.200.18\/wordpress\/wp-content\/uploads\/2022\/06\/logososunc.png\",\"contentUrl\":\"https:\/\/192.9.200.18\/wordpress\/wp-content\/uploads\/2022\/06\/logososunc.png\",\"width\":333,\"height\":333,\"caption\":\"Servicio de Obra Social Universidad Nacional del Comahue\"},\"image\":{\"@id\":\"https:\/\/www.sosunc.org.ar\/web\/#\/schema\/logo\/image\/\"},\"sameAs\":[\"https:\/\/www.facebook.com\/sosunc.unco\"]},{\"@type\":\"Person\",\"@id\":\"https:\/\/www.sosunc.org.ar\/web\/#\/schema\/person\/cb1a199a4e9d3cd4d50fe973caac0985\",\"name\":\"Comunicaci\u00f3n SOSUNC\",\"image\":{\"@type\":\"ImageObject\",\"inLanguage\":\"es-AR\",\"@id\":\"https:\/\/www.sosunc.org.ar\/web\/#\/schema\/person\/image\/\",\"url\":\"https:\/\/secure.gravatar.com\/avatar\/4287850329e836b922e780de7b869301223afe7f2dc5f72c6b1f8d017d1b050b?s=96&d=mm&r=g\",\"contentUrl\":\"https:\/\/secure.gravatar.com\/avatar\/4287850329e836b922e780de7b869301223afe7f2dc5f72c6b1f8d017d1b050b?s=96&d=mm&r=g\",\"caption\":\"Comunicaci\u00f3n SOSUNC\"},\"sameAs\":[\"https:\/\/www.facebook.com\/sosunc.unco\",\"https:\/\/www.instagram.com\/sosunc.unco\/\"],\"url\":\"https:\/\/www.sosunc.org.ar\/web\/?author=3\"}]}<\/script>\n<!-- \/ Yoast SEO plugin. -->","yoast_head_json":{"title":"Eleg\u00ed una vida sin VIH: saber es sanar - SOSUNC","robots":{"index":"index","follow":"follow","max-snippet":"max-snippet:-1","max-image-preview":"max-image-preview:large","max-video-preview":"max-video-preview:-1"},"canonical":"https:\/\/www.sosunc.org.ar\/web\/?p=5206","og_locale":"es_ES","og_type":"article","og_title":"Eleg\u00ed una vida sin VIH: saber es sanar - SOSUNC","og_description":"Eleg\u00ed una vida sin VIH: saber es sanar El 1 de diciembre, se conmemora el D\u00eda Mundial del SIDA, una enfermedad causada por el Virus de Inmunodeficiencia Humana (VIH). Desde SOSUNC, dedicaremos el mes de diciembre a recordar las acciones colectivas para poner fin a esta epidemia. Luego de d\u00e9cadas de campa\u00f1as de informaci\u00f3n p\u00fablica [&hellip;]","og_url":"https:\/\/www.sosunc.org.ar\/web\/?p=5206","og_site_name":"SOSUNC","article_publisher":"https:\/\/www.facebook.com\/sosunc.unco","article_author":"https:\/\/www.facebook.com\/sosunc.unco","article_published_time":"2022-12-28T14:09:09+00:00","article_modified_time":"2022-12-28T14:09:10+00:00","og_image":[{"width":974,"height":974,"url":"http:\/\/192.9.200.18\/wordpress\/wp-content\/uploads\/2022\/12\/SIDA-4-portada.png","type":"image\/png"}],"author":"Comunicaci\u00f3n SOSUNC","twitter_card":"summary_large_image","twitter_misc":{"Escrito por":"Comunicaci\u00f3n SOSUNC","Tiempo de lectura":"1 minuto"},"schema":{"@context":"https:\/\/schema.org","@graph":[{"@type":"Article","@id":"https:\/\/www.sosunc.org.ar\/web\/?p=5206#article","isPartOf":{"@id":"https:\/\/www.sosunc.org.ar\/web\/?p=5206"},"author":{"name":"Comunicaci\u00f3n SOSUNC","@id":"https:\/\/www.sosunc.org.ar\/web\/#\/schema\/person\/cb1a199a4e9d3cd4d50fe973caac0985"},"headline":"Eleg\u00ed una vida sin VIH: saber es sanar","datePublished":"2022-12-28T14:09:09+00:00","dateModified":"2022-12-28T14:09:10+00:00","mainEntityOfPage":{"@id":"https:\/\/www.sosunc.org.ar\/web\/?p=5206"},"wordCount":281,"publisher":{"@id":"https:\/\/www.sosunc.org.ar\/web\/#organization"},"image":{"@id":"https:\/\/www.sosunc.org.ar\/web\/?p=5206#primaryimage"},"thumbnailUrl":"https:\/\/192.9.200.18\/wordpress\/wp-content\/uploads\/2022\/12\/SIDA-4-portada.png","keywords":["diciembre","VIH"],"articleSection":["novedades-sosunc"],"inLanguage":"es-AR"},{"@type":"WebPage","@id":"https:\/\/www.sosunc.org.ar\/web\/?p=5206","url":"https:\/\/www.sosunc.org.ar\/web\/?p=5206","name":"Eleg\u00ed una vida sin VIH: saber es sanar - SOSUNC","isPartOf":{"@id":"https:\/\/www.sosunc.org.ar\/web\/#website"},"primaryImageOfPage":{"@id":"https:\/\/www.sosunc.org.ar\/web\/?p=5206#primaryimage"},"image":{"@id":"https:\/\/www.sosunc.org.ar\/web\/?p=5206#primaryimage"},"thumbnailUrl":"https:\/\/192.9.200.18\/wordpress\/wp-content\/uploads\/2022\/12\/SIDA-4-portada.png","datePublished":"2022-12-28T14:09:09+00:00","dateModified":"2022-12-28T14:09:10+00:00","breadcrumb":{"@id":"https:\/\/www.sosunc.org.ar\/web\/?p=5206#breadcrumb"},"inLanguage":"es-AR","potentialAction":[{"@type":"ReadAction","target":["https:\/\/www.sosunc.org.ar\/web\/?p=5206"]}]},{"@type":"ImageObject","inLanguage":"es-AR","@id":"https:\/\/www.sosunc.org.ar\/web\/?p=5206#primaryimage","url":"https:\/\/192.9.200.18\/wordpress\/wp-content\/uploads\/2022\/12\/SIDA-4-portada.png","contentUrl":"https:\/\/192.9.200.18\/wordpress\/wp-content\/uploads\/2022\/12\/SIDA-4-portada.png","width":974,"height":974},{"@type":"BreadcrumbList","@id":"https:\/\/www.sosunc.org.ar\/web\/?p=5206#breadcrumb","itemListElement":[{"@type":"ListItem","position":1,"name":"Inicio","item":"https:\/\/www.sosunc.org.ar\/web\/"},{"@type":"ListItem","position":2,"name":"Eleg\u00ed una vida sin VIH: saber es sanar"}]},{"@type":"WebSite","@id":"https:\/\/www.sosunc.org.ar\/web\/#website","url":"https:\/\/www.sosunc.org.ar\/web\/","name":"SOSUNC","description":"Servicio de Obra Social de la Universidad Nacional del Comahue","publisher":{"@id":"https:\/\/www.sosunc.org.ar\/web\/#organization"},"potentialAction":[{"@type":"SearchAction","target":{"@type":"EntryPoint","urlTemplate":"https:\/\/www.sosunc.org.ar\/web\/?s={search_term_string}"},"query-input":{"@type":"PropertyValueSpecification","valueRequired":true,"valueName":"search_term_string"}}],"inLanguage":"es-AR"},{"@type":"Organization","@id":"https:\/\/www.sosunc.org.ar\/web\/#organization","name":"Servicio de Obra Social Universidad Nacional del Comahue","url":"https:\/\/www.sosunc.org.ar\/web\/","logo":{"@type":"ImageObject","inLanguage":"es-AR","@id":"https:\/\/www.sosunc.org.ar\/web\/#\/schema\/logo\/image\/","url":"https:\/\/192.9.200.18\/wordpress\/wp-content\/uploads\/2022\/06\/logososunc.png","contentUrl":"https:\/\/192.9.200.18\/wordpress\/wp-content\/uploads\/2022\/06\/logososunc.png","width":333,"height":333,"caption":"Servicio de Obra Social Universidad Nacional del Comahue"},"image":{"@id":"https:\/\/www.sosunc.org.ar\/web\/#\/schema\/logo\/image\/"},"sameAs":["https:\/\/www.facebook.com\/sosunc.unco"]},{"@type":"Person","@id":"https:\/\/www.sosunc.org.ar\/web\/#\/schema\/person\/cb1a199a4e9d3cd4d50fe973caac0985","name":"Comunicaci\u00f3n SOSUNC","image":{"@type":"ImageObject","inLanguage":"es-AR","@id":"https:\/\/www.sosunc.org.ar\/web\/#\/schema\/person\/image\/","url":"https:\/\/secure.gravatar.com\/avatar\/4287850329e836b922e780de7b869301223afe7f2dc5f72c6b1f8d017d1b050b?s=96&d=mm&r=g","contentUrl":"https:\/\/secure.gravatar.com\/avatar\/4287850329e836b922e780de7b869301223afe7f2dc5f72c6b1f8d017d1b050b?s=96&d=mm&r=g","caption":"Comunicaci\u00f3n SOSUNC"},"sameAs":["https:\/\/www.facebook.com\/sosunc.unco","https:\/\/www.instagram.com\/sosunc.unco\/"],"url":"https:\/\/www.sosunc.org.ar\/web\/?author=3"}]}},"_links":{"self":[{"href":"https:\/\/www.sosunc.org.ar\/web\/index.php?rest_route=\/wp\/v2\/posts\/5206","targetHints":{"allow":["GET"]}}],"collection":[{"href":"https:\/\/www.sosunc.org.ar\/web\/index.php?rest_route=\/wp\/v2\/posts"}],"about":[{"href":"https:\/\/www.sosunc.org.ar\/web\/index.php?rest_route=\/wp\/v2\/types\/post"}],"author":[{"embeddable":true,"href":"https:\/\/www.sosunc.org.ar\/web\/index.php?rest_route=\/wp\/v2\/users\/3"}],"replies":[{"embeddable":true,"href":"https:\/\/www.sosunc.org.ar\/web\/index.php?rest_route=%2Fwp%2Fv2%2Fcomments&post=5206"}],"version-history":[{"count":4,"href":"https:\/\/www.sosunc.org.ar\/web\/index.php?rest_route=\/wp\/v2\/posts\/5206\/revisions"}],"predecessor-version":[{"id":5212,"href":"https:\/\/www.sosunc.org.ar\/web\/index.php?rest_route=\/wp\/v2\/posts\/5206\/revisions\/5212"}],"wp:featuredmedia":[{"embeddable":true,"href":"https:\/\/www.sosunc.org.ar\/web\/index.php?rest_route=\/wp\/v2\/media\/5207"}],"wp:attachment":[{"href":"https:\/\/www.sosunc.org.ar\/web\/index.php?rest_route=%2Fwp%2Fv2%2Fmedia&parent=5206"}],"wp:term":[{"taxonomy":"category","embeddable":true,"href":"https:\/\/www.sosunc.org.ar\/web\/index.php?rest_route=%2Fwp%2Fv2%2Fcategories&post=5206"},{"taxonomy":"post_tag","embeddable":true,"href":"https:\/\/www.sosunc.org.ar\/web\/index.php?rest_route=%2Fwp%2Fv2%2Ftags&post=5206"}],"curies":[{"name":"wp","href":"https:\/\/api.w.org\/{rel}","templated":true}]}}