{"id":5187,"date":"2022-12-21T09:10:20","date_gmt":"2022-12-21T12:10:20","guid":{"rendered":"https:\/\/www.sosunc.org.ar\/web\/?p=5187"},"modified":"2022-12-21T09:10:21","modified_gmt":"2022-12-21T12:10:21","slug":"elegi-una-vida-sin-vih-hacete-el-test","status":"publish","type":"post","link":"https:\/\/www.sosunc.org.ar\/web\/?p=5187","title":{"rendered":"Eleg\u00ed una vida sin VIH: hacete el test"},"content":{"rendered":"\n<h2 class=\"has-text-color wp-block-heading\" style=\"color:#01347a\"><strong>Eleg\u00ed una vida sin VIH: hacete el test<\/strong><\/h2>\n\n\n\n<p>El 1 de diciembre, se conmemor\u00f3 el D\u00eda Mundial del SIDA, una enfermedad causada por el Virus de Inmunodeficiencia Humana (VIH). Desde SOSUNC, dedicaremos el mes de diciembre a recordar las acciones colectivas para poner fin a esta epidemia.&nbsp;<\/p>\n\n\n\n<p><strong>Qu\u00e9 diferencia hay entre VIH y SIDA<\/strong><\/p>\n\n\n\n<p>El VIH&nbsp; es el virus que causa el SIDA (S\u00edndrome de Inmunodeficiencia Adquirida). Una persona con&nbsp; VIH no siempre desarrolla SIDA.<\/p>\n\n\n\n<p>\u25aa Si la persona portadora no sigue el tratamiento, el VIH puede destruir las c\u00e9lulas C4 o c\u00e9lulas T, fundamentales para el sistema inmunitario. Se diagnostica SIDA cuando el n\u00famero de estas c\u00e9lulas en el organismo es muy bajo y no hay una protecci\u00f3n adecuada ante infecciones.&nbsp;<\/p>\n\n\n\n<p>\u25aa Una persona con VIH que no realiza un tratamiento suele demorar 10 a\u00f1os en&nbsp; desarrollar SIDA. Durante ese tiempo, puede transmitir el virus sin saberlo. Por eso, es fundamental que se haga el test.<\/p>\n\n\n\n<p>\u25aa Con el tratamiento de antirretrovirales, quien es portador del VIH convive con una carga viral muy baja, sin complicaciones en su salud ni riesgo de contagio a otras personas.<\/p>\n\n\n<div class=\"wp-block-image\">\n<figure class=\"aligncenter size-full is-resized\"><img decoding=\"async\" src=\"https:\/\/192.9.200.18\/wordpress\/wp-content\/uploads\/2022\/12\/SIDA-3.png\" alt=\"\" class=\"wp-image-5189\" width=\"500\" height=\"NaN\" srcset=\"http:\/\/192.9.200.18\/wordpress\/wp-content\/uploads\/2022\/12\/SIDA-3.png 974w, http:\/\/192.9.200.18\/wordpress\/wp-content\/uploads\/2022\/12\/SIDA-3-300x300.png 300w, http:\/\/192.9.200.18\/wordpress\/wp-content\/uploads\/2022\/12\/SIDA-3-150x150.png 150w, http:\/\/192.9.200.18\/wordpress\/wp-content\/uploads\/2022\/12\/SIDA-3-768x768.png 768w\" sizes=\"(max-width: 974px) 100vw, 974px\" \/><\/figure>\n<\/div>\n\n\n<p class=\"has-white-color has-text-color\">.<\/p>\n\n\n\n<p><strong>C\u00f3mo descubre una persona&nbsp; que tiene VIH<\/strong><\/p>\n\n\n\n<p>El VIH puede ser asintom\u00e1tico. Las personas pueden tener el virus en su organismo por a\u00f1os sin saberlo. S\u00f3lo el test permite detectarlo. Es gratis y se realiza en cualquier hospital sin necesidad de ir en ayunas o llevar una orden m\u00e9dica.<\/p>\n\n\n\n<p>Si\u00a0 estuviste en una situaci\u00f3n de riesgo, hay un per\u00edodo de incubaci\u00f3n de 3 meses antes de poder detectar el VIH en el laboratorio.\u00a0<\/p>\n\n\n\n<p><strong>Qu\u00e9 es la carga viral&nbsp;<\/strong><\/p>\n\n\n\n<p>Es un par\u00e1metro que se utiliza para identificar si una persona con\u00a0 VIH tiene posibilidad de transmitirlo. Una carga viral inferior a 20 copias por mililitro se cataloga como \u201cindetectable\u201d, lo que significa que tambi\u00e9n es &#8220;intrasmisible&#8221;, es decir, que no hay riesgo de contagio.\u00a0<\/p>\n\n\n\n<p class=\"has-black-color has-text-color\"><em>SOSUNC, una obra social gestionada por sus afiliados\/as.<\/em><\/p>\n","protected":false},"excerpt":{"rendered":"<p>Eleg\u00ed una vida sin VIH: hacete el test El 1 de diciembre, se conmemor\u00f3 el D\u00eda Mundial del SIDA, una enfermedad causada por el Virus de Inmunodeficiencia Humana (VIH). Desde SOSUNC, dedicaremos el mes de diciembre a recordar las acciones colectivas para poner fin a esta epidemia.&nbsp; Qu\u00e9 diferencia hay entre VIH y SIDA El [&hellip;]<\/p>\n","protected":false},"author":3,"featured_media":5188,"comment_status":"closed","ping_status":"closed","sticky":false,"template":"","format":"standard","meta":{"_coblocks_attr":"","_coblocks_dimensions":"","_coblocks_responsive_height":"","_coblocks_accordion_ie_support":"","footnotes":""},"categories":[22],"tags":[55,139,144],"class_list":["post-5187","post","type-post","status-publish","format-standard","has-post-thumbnail","hentry","category-novedades-sosunc","tag-diciembre","tag-sida","tag-vih"],"yoast_head":"<!-- This site is optimized with the Yoast SEO plugin v26.5 - https:\/\/yoast.com\/wordpress\/plugins\/seo\/ -->\n<title>Eleg\u00ed una vida sin VIH: hacete el test - SOSUNC<\/title>\n<meta name=\"robots\" content=\"index, follow, max-snippet:-1, max-image-preview:large, max-video-preview:-1\" \/>\n<link rel=\"canonical\" href=\"https:\/\/www.sosunc.org.ar\/web\/?p=5187\" \/>\n<meta property=\"og:locale\" content=\"es_ES\" \/>\n<meta property=\"og:type\" content=\"article\" \/>\n<meta property=\"og:title\" content=\"Eleg\u00ed una vida sin VIH: hacete el test - SOSUNC\" \/>\n<meta property=\"og:description\" content=\"Eleg\u00ed una vida sin VIH: hacete el test El 1 de diciembre, se conmemor\u00f3 el D\u00eda Mundial del SIDA, una enfermedad causada por el Virus de Inmunodeficiencia Humana (VIH). Desde SOSUNC, dedicaremos el mes de diciembre a recordar las acciones colectivas para poner fin a esta epidemia.&nbsp; Qu\u00e9 diferencia hay entre VIH y SIDA El [&hellip;]\" \/>\n<meta property=\"og:url\" content=\"https:\/\/www.sosunc.org.ar\/web\/?p=5187\" \/>\n<meta property=\"og:site_name\" content=\"SOSUNC\" \/>\n<meta property=\"article:publisher\" content=\"https:\/\/www.facebook.com\/sosunc.unco\" \/>\n<meta property=\"article:author\" content=\"https:\/\/www.facebook.com\/sosunc.unco\" \/>\n<meta property=\"article:published_time\" content=\"2022-12-21T12:10:20+00:00\" \/>\n<meta property=\"article:modified_time\" content=\"2022-12-21T12:10:21+00:00\" \/>\n<meta property=\"og:image\" content=\"http:\/\/192.9.200.18\/wordpress\/wp-content\/uploads\/2022\/12\/SIDA-3-portada.png\" \/>\n\t<meta property=\"og:image:width\" content=\"974\" \/>\n\t<meta property=\"og:image:height\" content=\"974\" \/>\n\t<meta property=\"og:image:type\" content=\"image\/png\" \/>\n<meta name=\"author\" content=\"Comunicaci\u00f3n SOSUNC\" \/>\n<meta name=\"twitter:card\" content=\"summary_large_image\" \/>\n<meta name=\"twitter:label1\" content=\"Escrito por\" \/>\n\t<meta name=\"twitter:data1\" content=\"Comunicaci\u00f3n SOSUNC\" \/>\n\t<meta name=\"twitter:label2\" content=\"Tiempo de lectura\" \/>\n\t<meta name=\"twitter:data2\" content=\"2 minutos\" \/>\n<script type=\"application\/ld+json\" class=\"yoast-schema-graph\">{\"@context\":\"https:\/\/schema.org\",\"@graph\":[{\"@type\":\"Article\",\"@id\":\"https:\/\/www.sosunc.org.ar\/web\/?p=5187#article\",\"isPartOf\":{\"@id\":\"https:\/\/www.sosunc.org.ar\/web\/?p=5187\"},\"author\":{\"name\":\"Comunicaci\u00f3n SOSUNC\",\"@id\":\"https:\/\/www.sosunc.org.ar\/web\/#\/schema\/person\/cb1a199a4e9d3cd4d50fe973caac0985\"},\"headline\":\"Eleg\u00ed una vida sin VIH: hacete el test\",\"datePublished\":\"2022-12-21T12:10:20+00:00\",\"dateModified\":\"2022-12-21T12:10:21+00:00\",\"mainEntityOfPage\":{\"@id\":\"https:\/\/www.sosunc.org.ar\/web\/?p=5187\"},\"wordCount\":345,\"publisher\":{\"@id\":\"https:\/\/www.sosunc.org.ar\/web\/#organization\"},\"image\":{\"@id\":\"https:\/\/www.sosunc.org.ar\/web\/?p=5187#primaryimage\"},\"thumbnailUrl\":\"https:\/\/192.9.200.18\/wordpress\/wp-content\/uploads\/2022\/12\/SIDA-3-portada.png\",\"keywords\":[\"diciembre\",\"SIDA\",\"VIH\"],\"articleSection\":[\"novedades-sosunc\"],\"inLanguage\":\"es-AR\"},{\"@type\":\"WebPage\",\"@id\":\"https:\/\/www.sosunc.org.ar\/web\/?p=5187\",\"url\":\"https:\/\/www.sosunc.org.ar\/web\/?p=5187\",\"name\":\"Eleg\u00ed una vida sin VIH: hacete el test - SOSUNC\",\"isPartOf\":{\"@id\":\"https:\/\/www.sosunc.org.ar\/web\/#website\"},\"primaryImageOfPage\":{\"@id\":\"https:\/\/www.sosunc.org.ar\/web\/?p=5187#primaryimage\"},\"image\":{\"@id\":\"https:\/\/www.sosunc.org.ar\/web\/?p=5187#primaryimage\"},\"thumbnailUrl\":\"https:\/\/192.9.200.18\/wordpress\/wp-content\/uploads\/2022\/12\/SIDA-3-portada.png\",\"datePublished\":\"2022-12-21T12:10:20+00:00\",\"dateModified\":\"2022-12-21T12:10:21+00:00\",\"breadcrumb\":{\"@id\":\"https:\/\/www.sosunc.org.ar\/web\/?p=5187#breadcrumb\"},\"inLanguage\":\"es-AR\",\"potentialAction\":[{\"@type\":\"ReadAction\",\"target\":[\"https:\/\/www.sosunc.org.ar\/web\/?p=5187\"]}]},{\"@type\":\"ImageObject\",\"inLanguage\":\"es-AR\",\"@id\":\"https:\/\/www.sosunc.org.ar\/web\/?p=5187#primaryimage\",\"url\":\"https:\/\/192.9.200.18\/wordpress\/wp-content\/uploads\/2022\/12\/SIDA-3-portada.png\",\"contentUrl\":\"https:\/\/192.9.200.18\/wordpress\/wp-content\/uploads\/2022\/12\/SIDA-3-portada.png\",\"width\":974,\"height\":974},{\"@type\":\"BreadcrumbList\",\"@id\":\"https:\/\/www.sosunc.org.ar\/web\/?p=5187#breadcrumb\",\"itemListElement\":[{\"@type\":\"ListItem\",\"position\":1,\"name\":\"Inicio\",\"item\":\"https:\/\/www.sosunc.org.ar\/web\/\"},{\"@type\":\"ListItem\",\"position\":2,\"name\":\"Eleg\u00ed una vida sin VIH: hacete el test\"}]},{\"@type\":\"WebSite\",\"@id\":\"https:\/\/www.sosunc.org.ar\/web\/#website\",\"url\":\"https:\/\/www.sosunc.org.ar\/web\/\",\"name\":\"SOSUNC\",\"description\":\"Servicio de Obra Social de la Universidad Nacional del Comahue\",\"publisher\":{\"@id\":\"https:\/\/www.sosunc.org.ar\/web\/#organization\"},\"potentialAction\":[{\"@type\":\"SearchAction\",\"target\":{\"@type\":\"EntryPoint\",\"urlTemplate\":\"https:\/\/www.sosunc.org.ar\/web\/?s={search_term_string}\"},\"query-input\":{\"@type\":\"PropertyValueSpecification\",\"valueRequired\":true,\"valueName\":\"search_term_string\"}}],\"inLanguage\":\"es-AR\"},{\"@type\":\"Organization\",\"@id\":\"https:\/\/www.sosunc.org.ar\/web\/#organization\",\"name\":\"Servicio de Obra Social Universidad Nacional del Comahue\",\"url\":\"https:\/\/www.sosunc.org.ar\/web\/\",\"logo\":{\"@type\":\"ImageObject\",\"inLanguage\":\"es-AR\",\"@id\":\"https:\/\/www.sosunc.org.ar\/web\/#\/schema\/logo\/image\/\",\"url\":\"https:\/\/192.9.200.18\/wordpress\/wp-content\/uploads\/2022\/06\/logososunc.png\",\"contentUrl\":\"https:\/\/192.9.200.18\/wordpress\/wp-content\/uploads\/2022\/06\/logososunc.png\",\"width\":333,\"height\":333,\"caption\":\"Servicio de Obra Social Universidad Nacional del Comahue\"},\"image\":{\"@id\":\"https:\/\/www.sosunc.org.ar\/web\/#\/schema\/logo\/image\/\"},\"sameAs\":[\"https:\/\/www.facebook.com\/sosunc.unco\"]},{\"@type\":\"Person\",\"@id\":\"https:\/\/www.sosunc.org.ar\/web\/#\/schema\/person\/cb1a199a4e9d3cd4d50fe973caac0985\",\"name\":\"Comunicaci\u00f3n SOSUNC\",\"image\":{\"@type\":\"ImageObject\",\"inLanguage\":\"es-AR\",\"@id\":\"https:\/\/www.sosunc.org.ar\/web\/#\/schema\/person\/image\/\",\"url\":\"https:\/\/secure.gravatar.com\/avatar\/4287850329e836b922e780de7b869301223afe7f2dc5f72c6b1f8d017d1b050b?s=96&d=mm&r=g\",\"contentUrl\":\"https:\/\/secure.gravatar.com\/avatar\/4287850329e836b922e780de7b869301223afe7f2dc5f72c6b1f8d017d1b050b?s=96&d=mm&r=g\",\"caption\":\"Comunicaci\u00f3n SOSUNC\"},\"sameAs\":[\"https:\/\/www.facebook.com\/sosunc.unco\",\"https:\/\/www.instagram.com\/sosunc.unco\/\"],\"url\":\"https:\/\/www.sosunc.org.ar\/web\/?author=3\"}]}<\/script>\n<!-- \/ Yoast SEO plugin. -->","yoast_head_json":{"title":"Eleg\u00ed una vida sin VIH: hacete el test - SOSUNC","robots":{"index":"index","follow":"follow","max-snippet":"max-snippet:-1","max-image-preview":"max-image-preview:large","max-video-preview":"max-video-preview:-1"},"canonical":"https:\/\/www.sosunc.org.ar\/web\/?p=5187","og_locale":"es_ES","og_type":"article","og_title":"Eleg\u00ed una vida sin VIH: hacete el test - SOSUNC","og_description":"Eleg\u00ed una vida sin VIH: hacete el test El 1 de diciembre, se conmemor\u00f3 el D\u00eda Mundial del SIDA, una enfermedad causada por el Virus de Inmunodeficiencia Humana (VIH). Desde SOSUNC, dedicaremos el mes de diciembre a recordar las acciones colectivas para poner fin a esta epidemia.&nbsp; Qu\u00e9 diferencia hay entre VIH y SIDA El [&hellip;]","og_url":"https:\/\/www.sosunc.org.ar\/web\/?p=5187","og_site_name":"SOSUNC","article_publisher":"https:\/\/www.facebook.com\/sosunc.unco","article_author":"https:\/\/www.facebook.com\/sosunc.unco","article_published_time":"2022-12-21T12:10:20+00:00","article_modified_time":"2022-12-21T12:10:21+00:00","og_image":[{"width":974,"height":974,"url":"http:\/\/192.9.200.18\/wordpress\/wp-content\/uploads\/2022\/12\/SIDA-3-portada.png","type":"image\/png"}],"author":"Comunicaci\u00f3n SOSUNC","twitter_card":"summary_large_image","twitter_misc":{"Escrito por":"Comunicaci\u00f3n SOSUNC","Tiempo de lectura":"2 minutos"},"schema":{"@context":"https:\/\/schema.org","@graph":[{"@type":"Article","@id":"https:\/\/www.sosunc.org.ar\/web\/?p=5187#article","isPartOf":{"@id":"https:\/\/www.sosunc.org.ar\/web\/?p=5187"},"author":{"name":"Comunicaci\u00f3n SOSUNC","@id":"https:\/\/www.sosunc.org.ar\/web\/#\/schema\/person\/cb1a199a4e9d3cd4d50fe973caac0985"},"headline":"Eleg\u00ed una vida sin VIH: hacete el test","datePublished":"2022-12-21T12:10:20+00:00","dateModified":"2022-12-21T12:10:21+00:00","mainEntityOfPage":{"@id":"https:\/\/www.sosunc.org.ar\/web\/?p=5187"},"wordCount":345,"publisher":{"@id":"https:\/\/www.sosunc.org.ar\/web\/#organization"},"image":{"@id":"https:\/\/www.sosunc.org.ar\/web\/?p=5187#primaryimage"},"thumbnailUrl":"https:\/\/192.9.200.18\/wordpress\/wp-content\/uploads\/2022\/12\/SIDA-3-portada.png","keywords":["diciembre","SIDA","VIH"],"articleSection":["novedades-sosunc"],"inLanguage":"es-AR"},{"@type":"WebPage","@id":"https:\/\/www.sosunc.org.ar\/web\/?p=5187","url":"https:\/\/www.sosunc.org.ar\/web\/?p=5187","name":"Eleg\u00ed una vida sin VIH: hacete el test - SOSUNC","isPartOf":{"@id":"https:\/\/www.sosunc.org.ar\/web\/#website"},"primaryImageOfPage":{"@id":"https:\/\/www.sosunc.org.ar\/web\/?p=5187#primaryimage"},"image":{"@id":"https:\/\/www.sosunc.org.ar\/web\/?p=5187#primaryimage"},"thumbnailUrl":"https:\/\/192.9.200.18\/wordpress\/wp-content\/uploads\/2022\/12\/SIDA-3-portada.png","datePublished":"2022-12-21T12:10:20+00:00","dateModified":"2022-12-21T12:10:21+00:00","breadcrumb":{"@id":"https:\/\/www.sosunc.org.ar\/web\/?p=5187#breadcrumb"},"inLanguage":"es-AR","potentialAction":[{"@type":"ReadAction","target":["https:\/\/www.sosunc.org.ar\/web\/?p=5187"]}]},{"@type":"ImageObject","inLanguage":"es-AR","@id":"https:\/\/www.sosunc.org.ar\/web\/?p=5187#primaryimage","url":"https:\/\/192.9.200.18\/wordpress\/wp-content\/uploads\/2022\/12\/SIDA-3-portada.png","contentUrl":"https:\/\/192.9.200.18\/wordpress\/wp-content\/uploads\/2022\/12\/SIDA-3-portada.png","width":974,"height":974},{"@type":"BreadcrumbList","@id":"https:\/\/www.sosunc.org.ar\/web\/?p=5187#breadcrumb","itemListElement":[{"@type":"ListItem","position":1,"name":"Inicio","item":"https:\/\/www.sosunc.org.ar\/web\/"},{"@type":"ListItem","position":2,"name":"Eleg\u00ed una vida sin VIH: hacete el test"}]},{"@type":"WebSite","@id":"https:\/\/www.sosunc.org.ar\/web\/#website","url":"https:\/\/www.sosunc.org.ar\/web\/","name":"SOSUNC","description":"Servicio de Obra Social de la Universidad Nacional del Comahue","publisher":{"@id":"https:\/\/www.sosunc.org.ar\/web\/#organization"},"potentialAction":[{"@type":"SearchAction","target":{"@type":"EntryPoint","urlTemplate":"https:\/\/www.sosunc.org.ar\/web\/?s={search_term_string}"},"query-input":{"@type":"PropertyValueSpecification","valueRequired":true,"valueName":"search_term_string"}}],"inLanguage":"es-AR"},{"@type":"Organization","@id":"https:\/\/www.sosunc.org.ar\/web\/#organization","name":"Servicio de Obra Social Universidad Nacional del Comahue","url":"https:\/\/www.sosunc.org.ar\/web\/","logo":{"@type":"ImageObject","inLanguage":"es-AR","@id":"https:\/\/www.sosunc.org.ar\/web\/#\/schema\/logo\/image\/","url":"https:\/\/192.9.200.18\/wordpress\/wp-content\/uploads\/2022\/06\/logososunc.png","contentUrl":"https:\/\/192.9.200.18\/wordpress\/wp-content\/uploads\/2022\/06\/logososunc.png","width":333,"height":333,"caption":"Servicio de Obra Social Universidad Nacional del Comahue"},"image":{"@id":"https:\/\/www.sosunc.org.ar\/web\/#\/schema\/logo\/image\/"},"sameAs":["https:\/\/www.facebook.com\/sosunc.unco"]},{"@type":"Person","@id":"https:\/\/www.sosunc.org.ar\/web\/#\/schema\/person\/cb1a199a4e9d3cd4d50fe973caac0985","name":"Comunicaci\u00f3n SOSUNC","image":{"@type":"ImageObject","inLanguage":"es-AR","@id":"https:\/\/www.sosunc.org.ar\/web\/#\/schema\/person\/image\/","url":"https:\/\/secure.gravatar.com\/avatar\/4287850329e836b922e780de7b869301223afe7f2dc5f72c6b1f8d017d1b050b?s=96&d=mm&r=g","contentUrl":"https:\/\/secure.gravatar.com\/avatar\/4287850329e836b922e780de7b869301223afe7f2dc5f72c6b1f8d017d1b050b?s=96&d=mm&r=g","caption":"Comunicaci\u00f3n SOSUNC"},"sameAs":["https:\/\/www.facebook.com\/sosunc.unco","https:\/\/www.instagram.com\/sosunc.unco\/"],"url":"https:\/\/www.sosunc.org.ar\/web\/?author=3"}]}},"_links":{"self":[{"href":"https:\/\/www.sosunc.org.ar\/web\/index.php?rest_route=\/wp\/v2\/posts\/5187","targetHints":{"allow":["GET"]}}],"collection":[{"href":"https:\/\/www.sosunc.org.ar\/web\/index.php?rest_route=\/wp\/v2\/posts"}],"about":[{"href":"https:\/\/www.sosunc.org.ar\/web\/index.php?rest_route=\/wp\/v2\/types\/post"}],"author":[{"embeddable":true,"href":"https:\/\/www.sosunc.org.ar\/web\/index.php?rest_route=\/wp\/v2\/users\/3"}],"replies":[{"embeddable":true,"href":"https:\/\/www.sosunc.org.ar\/web\/index.php?rest_route=%2Fwp%2Fv2%2Fcomments&post=5187"}],"version-history":[{"count":5,"href":"https:\/\/www.sosunc.org.ar\/web\/index.php?rest_route=\/wp\/v2\/posts\/5187\/revisions"}],"predecessor-version":[{"id":5194,"href":"https:\/\/www.sosunc.org.ar\/web\/index.php?rest_route=\/wp\/v2\/posts\/5187\/revisions\/5194"}],"wp:featuredmedia":[{"embeddable":true,"href":"https:\/\/www.sosunc.org.ar\/web\/index.php?rest_route=\/wp\/v2\/media\/5188"}],"wp:attachment":[{"href":"https:\/\/www.sosunc.org.ar\/web\/index.php?rest_route=%2Fwp%2Fv2%2Fmedia&parent=5187"}],"wp:term":[{"taxonomy":"category","embeddable":true,"href":"https:\/\/www.sosunc.org.ar\/web\/index.php?rest_route=%2Fwp%2Fv2%2Fcategories&post=5187"},{"taxonomy":"post_tag","embeddable":true,"href":"https:\/\/www.sosunc.org.ar\/web\/index.php?rest_route=%2Fwp%2Fv2%2Ftags&post=5187"}],"curies":[{"name":"wp","href":"https:\/\/api.w.org\/{rel}","templated":true}]}}