{"id":5141,"date":"2022-12-07T14:52:24","date_gmt":"2022-12-07T17:52:24","guid":{"rendered":"https:\/\/www.sosunc.org.ar\/web\/?p=5141"},"modified":"2022-12-07T14:52:25","modified_gmt":"2022-12-07T17:52:25","slug":"feriado-largo-en-el-camping-las-grutas","status":"publish","type":"post","link":"https:\/\/www.sosunc.org.ar\/web\/?p=5141","title":{"rendered":"Feriado largo en el Camping Las Grutas"},"content":{"rendered":"\n<h2 class=\"has-text-color wp-block-heading\" style=\"color:#03286b\"><strong>Feriado largo en el Camping Las Grutas<\/strong><\/h2>\n\n\n\n<p>El Camping Las Grutas de SOSUNC te espera para este primer feriado largo de la temporada 2022-2023. Disfrut\u00e1 tus vacaciones en un entorno natural con todos los servicios, a s\u00f3lo dos cuadras del mar.<\/p>\n\n\n\n<p>Estamos en avenida Curru Leuv\u00fa 1170 de LasGrutas, a dos cuadras de la bajada La Rinconada. Buscanos en el mapa <a rel=\"noreferrer noopener\" href=\"https:\/\/goo.gl\/maps\/XKbedRPE7Rrv5nc66\" data-type=\"URL\" data-id=\"https:\/\/goo.gl\/maps\/XKbedRPE7Rrv5nc66\" target=\"_blank\">ac\u00e1<\/a>.&nbsp;<\/p>\n\n\n\n<p>Las tarifas de diciembre est\u00e1n publicadas en la gr\u00e1fica. La estad\u00eda es gratuita para menores de seis a\u00f1os. Por mascotas, hay que consultar a la administraci\u00f3n del Camping.<\/p>\n\n\n\n<p>El predio tiene todas las comodidades para disfrutar de un descanso junto al mar. Los campistas cuentan con lotes arbolados con parrillas, tomacorrientes y cobertura de WiFi. Tambi\u00e9n hay un sal\u00f3n con servicio de bufet, espacio para calentar comida y duchas con agua caliente.<\/p>\n\n\n\n<p>Les recomendamos consultar con la administraci\u00f3n del Camping antes de viajar. Pueden comunicarse todos los d\u00edas, de 8 a 14 y de 16 a 20, al tel\u00e9fono 299 4726296 o al mail <a href=\"mailto:minqn49@yahoo.com.ar\">minqn49@yahoo.com.ar<\/a>.<\/p>\n\n\n\n<p>Visitanos durante el feriado largo. Las Grutas te espera.&nbsp;<\/p>\n\n\n\n<p><em>SOSUNC, una obra social gestionada por sus afiliados\/as.<\/em><\/p>\n\n\n\n<figure class=\"wp-block-gallery has-nested-images columns-default is-cropped wp-block-gallery-1 is-layout-flex wp-block-gallery-is-layout-flex\">\n<figure class=\"wp-block-image size-large\"><img loading=\"lazy\" decoding=\"async\" width=\"1024\" height=\"1024\" data-id=\"5143\" src=\"https:\/\/192.9.200.18\/wordpress\/wp-content\/uploads\/2022\/12\/Tarifas-2-1024x1024.png\" alt=\"\" class=\"wp-image-5143\" srcset=\"http:\/\/192.9.200.18\/wordpress\/wp-content\/uploads\/2022\/12\/Tarifas-2-1024x1024.png 1024w, http:\/\/192.9.200.18\/wordpress\/wp-content\/uploads\/2022\/12\/Tarifas-2-300x300.png 300w, http:\/\/192.9.200.18\/wordpress\/wp-content\/uploads\/2022\/12\/Tarifas-2-150x150.png 150w, http:\/\/192.9.200.18\/wordpress\/wp-content\/uploads\/2022\/12\/Tarifas-2-768x768.png 768w, http:\/\/192.9.200.18\/wordpress\/wp-content\/uploads\/2022\/12\/Tarifas-2.png 1077w\" sizes=\"auto, (max-width: 1024px) 100vw, 1024px\" \/><\/figure>\n\n\n\n<figure class=\"wp-block-image size-large\"><img loading=\"lazy\" decoding=\"async\" width=\"1024\" height=\"1024\" data-id=\"5144\" src=\"https:\/\/192.9.200.18\/wordpress\/wp-content\/uploads\/2022\/12\/Contacto-2-1024x1024.png\" alt=\"\" class=\"wp-image-5144\" srcset=\"http:\/\/192.9.200.18\/wordpress\/wp-content\/uploads\/2022\/12\/Contacto-2-1024x1024.png 1024w, http:\/\/192.9.200.18\/wordpress\/wp-content\/uploads\/2022\/12\/Contacto-2-300x300.png 300w, http:\/\/192.9.200.18\/wordpress\/wp-content\/uploads\/2022\/12\/Contacto-2-150x150.png 150w, http:\/\/192.9.200.18\/wordpress\/wp-content\/uploads\/2022\/12\/Contacto-2-768x768.png 768w, http:\/\/192.9.200.18\/wordpress\/wp-content\/uploads\/2022\/12\/Contacto-2.png 1077w\" sizes=\"auto, (max-width: 1024px) 100vw, 1024px\" \/><\/figure>\n<\/figure>\n","protected":false},"excerpt":{"rendered":"<p>Feriado largo en el Camping Las Grutas El Camping Las Grutas de SOSUNC te espera para este primer feriado largo de la temporada 2022-2023. Disfrut\u00e1 tus vacaciones en un entorno natural con todos los servicios, a s\u00f3lo dos cuadras del mar. Estamos en avenida Curru Leuv\u00fa 1170 de LasGrutas, a dos cuadras de la bajada [&hellip;]<\/p>\n","protected":false},"author":3,"featured_media":5142,"comment_status":"closed","ping_status":"closed","sticky":false,"template":"","format":"standard","meta":{"_coblocks_attr":"","_coblocks_dimensions":"","_coblocks_responsive_height":"","_coblocks_accordion_ie_support":"","footnotes":""},"categories":[22],"tags":[140,141],"class_list":["post-5141","post","type-post","status-publish","format-standard","has-post-thumbnail","hentry","category-novedades-sosunc","tag-camping-2","tag-las-grutas"],"yoast_head":"<!-- This site is optimized with the Yoast SEO plugin v26.5 - https:\/\/yoast.com\/wordpress\/plugins\/seo\/ -->\n<title>Feriado largo en el Camping Las Grutas - SOSUNC<\/title>\n<meta name=\"robots\" content=\"index, follow, max-snippet:-1, max-image-preview:large, max-video-preview:-1\" \/>\n<link rel=\"canonical\" href=\"https:\/\/www.sosunc.org.ar\/web\/?p=5141\" \/>\n<meta property=\"og:locale\" content=\"es_ES\" \/>\n<meta property=\"og:type\" content=\"article\" \/>\n<meta property=\"og:title\" content=\"Feriado largo en el Camping Las Grutas - SOSUNC\" \/>\n<meta property=\"og:description\" content=\"Feriado largo en el Camping Las Grutas El Camping Las Grutas de SOSUNC te espera para este primer feriado largo de la temporada 2022-2023. Disfrut\u00e1 tus vacaciones en un entorno natural con todos los servicios, a s\u00f3lo dos cuadras del mar. Estamos en avenida Curru Leuv\u00fa 1170 de LasGrutas, a dos cuadras de la bajada [&hellip;]\" \/>\n<meta property=\"og:url\" content=\"https:\/\/www.sosunc.org.ar\/web\/?p=5141\" \/>\n<meta property=\"og:site_name\" content=\"SOSUNC\" \/>\n<meta property=\"article:publisher\" content=\"https:\/\/www.facebook.com\/sosunc.unco\" \/>\n<meta property=\"article:author\" content=\"https:\/\/www.facebook.com\/sosunc.unco\" \/>\n<meta property=\"article:published_time\" content=\"2022-12-07T17:52:24+00:00\" \/>\n<meta property=\"article:modified_time\" content=\"2022-12-07T17:52:25+00:00\" \/>\n<meta property=\"og:image\" content=\"http:\/\/192.9.200.18\/wordpress\/wp-content\/uploads\/2022\/12\/Feriado-diciembre.png\" \/>\n\t<meta property=\"og:image:width\" content=\"1077\" \/>\n\t<meta property=\"og:image:height\" content=\"1077\" \/>\n\t<meta property=\"og:image:type\" content=\"image\/png\" \/>\n<meta name=\"author\" content=\"Comunicaci\u00f3n SOSUNC\" \/>\n<meta name=\"twitter:card\" content=\"summary_large_image\" \/>\n<meta name=\"twitter:label1\" content=\"Escrito por\" \/>\n\t<meta name=\"twitter:data1\" content=\"Comunicaci\u00f3n SOSUNC\" \/>\n\t<meta name=\"twitter:label2\" content=\"Tiempo de lectura\" \/>\n\t<meta name=\"twitter:data2\" content=\"1 minuto\" \/>\n<script type=\"application\/ld+json\" class=\"yoast-schema-graph\">{\"@context\":\"https:\/\/schema.org\",\"@graph\":[{\"@type\":\"Article\",\"@id\":\"https:\/\/www.sosunc.org.ar\/web\/?p=5141#article\",\"isPartOf\":{\"@id\":\"https:\/\/www.sosunc.org.ar\/web\/?p=5141\"},\"author\":{\"name\":\"Comunicaci\u00f3n SOSUNC\",\"@id\":\"https:\/\/www.sosunc.org.ar\/web\/#\/schema\/person\/cb1a199a4e9d3cd4d50fe973caac0985\"},\"headline\":\"Feriado largo en el Camping Las Grutas\",\"datePublished\":\"2022-12-07T17:52:24+00:00\",\"dateModified\":\"2022-12-07T17:52:25+00:00\",\"mainEntityOfPage\":{\"@id\":\"https:\/\/www.sosunc.org.ar\/web\/?p=5141\"},\"wordCount\":201,\"publisher\":{\"@id\":\"https:\/\/www.sosunc.org.ar\/web\/#organization\"},\"image\":{\"@id\":\"https:\/\/www.sosunc.org.ar\/web\/?p=5141#primaryimage\"},\"thumbnailUrl\":\"https:\/\/192.9.200.18\/wordpress\/wp-content\/uploads\/2022\/12\/Feriado-diciembre.png\",\"keywords\":[\"Camping\",\"Las Grutas\"],\"articleSection\":[\"novedades-sosunc\"],\"inLanguage\":\"es-AR\"},{\"@type\":\"WebPage\",\"@id\":\"https:\/\/www.sosunc.org.ar\/web\/?p=5141\",\"url\":\"https:\/\/www.sosunc.org.ar\/web\/?p=5141\",\"name\":\"Feriado largo en el Camping Las Grutas - SOSUNC\",\"isPartOf\":{\"@id\":\"https:\/\/www.sosunc.org.ar\/web\/#website\"},\"primaryImageOfPage\":{\"@id\":\"https:\/\/www.sosunc.org.ar\/web\/?p=5141#primaryimage\"},\"image\":{\"@id\":\"https:\/\/www.sosunc.org.ar\/web\/?p=5141#primaryimage\"},\"thumbnailUrl\":\"https:\/\/192.9.200.18\/wordpress\/wp-content\/uploads\/2022\/12\/Feriado-diciembre.png\",\"datePublished\":\"2022-12-07T17:52:24+00:00\",\"dateModified\":\"2022-12-07T17:52:25+00:00\",\"breadcrumb\":{\"@id\":\"https:\/\/www.sosunc.org.ar\/web\/?p=5141#breadcrumb\"},\"inLanguage\":\"es-AR\",\"potentialAction\":[{\"@type\":\"ReadAction\",\"target\":[\"https:\/\/www.sosunc.org.ar\/web\/?p=5141\"]}]},{\"@type\":\"ImageObject\",\"inLanguage\":\"es-AR\",\"@id\":\"https:\/\/www.sosunc.org.ar\/web\/?p=5141#primaryimage\",\"url\":\"https:\/\/192.9.200.18\/wordpress\/wp-content\/uploads\/2022\/12\/Feriado-diciembre.png\",\"contentUrl\":\"https:\/\/192.9.200.18\/wordpress\/wp-content\/uploads\/2022\/12\/Feriado-diciembre.png\",\"width\":1077,\"height\":1077},{\"@type\":\"BreadcrumbList\",\"@id\":\"https:\/\/www.sosunc.org.ar\/web\/?p=5141#breadcrumb\",\"itemListElement\":[{\"@type\":\"ListItem\",\"position\":1,\"name\":\"Inicio\",\"item\":\"https:\/\/www.sosunc.org.ar\/web\/\"},{\"@type\":\"ListItem\",\"position\":2,\"name\":\"Feriado largo en el Camping Las Grutas\"}]},{\"@type\":\"WebSite\",\"@id\":\"https:\/\/www.sosunc.org.ar\/web\/#website\",\"url\":\"https:\/\/www.sosunc.org.ar\/web\/\",\"name\":\"SOSUNC\",\"description\":\"Servicio de Obra Social de la Universidad Nacional del Comahue\",\"publisher\":{\"@id\":\"https:\/\/www.sosunc.org.ar\/web\/#organization\"},\"potentialAction\":[{\"@type\":\"SearchAction\",\"target\":{\"@type\":\"EntryPoint\",\"urlTemplate\":\"https:\/\/www.sosunc.org.ar\/web\/?s={search_term_string}\"},\"query-input\":{\"@type\":\"PropertyValueSpecification\",\"valueRequired\":true,\"valueName\":\"search_term_string\"}}],\"inLanguage\":\"es-AR\"},{\"@type\":\"Organization\",\"@id\":\"https:\/\/www.sosunc.org.ar\/web\/#organization\",\"name\":\"Servicio de Obra Social Universidad Nacional del Comahue\",\"url\":\"https:\/\/www.sosunc.org.ar\/web\/\",\"logo\":{\"@type\":\"ImageObject\",\"inLanguage\":\"es-AR\",\"@id\":\"https:\/\/www.sosunc.org.ar\/web\/#\/schema\/logo\/image\/\",\"url\":\"https:\/\/192.9.200.18\/wordpress\/wp-content\/uploads\/2022\/06\/logososunc.png\",\"contentUrl\":\"https:\/\/192.9.200.18\/wordpress\/wp-content\/uploads\/2022\/06\/logososunc.png\",\"width\":333,\"height\":333,\"caption\":\"Servicio de Obra Social Universidad Nacional del Comahue\"},\"image\":{\"@id\":\"https:\/\/www.sosunc.org.ar\/web\/#\/schema\/logo\/image\/\"},\"sameAs\":[\"https:\/\/www.facebook.com\/sosunc.unco\"]},{\"@type\":\"Person\",\"@id\":\"https:\/\/www.sosunc.org.ar\/web\/#\/schema\/person\/cb1a199a4e9d3cd4d50fe973caac0985\",\"name\":\"Comunicaci\u00f3n SOSUNC\",\"image\":{\"@type\":\"ImageObject\",\"inLanguage\":\"es-AR\",\"@id\":\"https:\/\/www.sosunc.org.ar\/web\/#\/schema\/person\/image\/\",\"url\":\"https:\/\/secure.gravatar.com\/avatar\/4287850329e836b922e780de7b869301223afe7f2dc5f72c6b1f8d017d1b050b?s=96&d=mm&r=g\",\"contentUrl\":\"https:\/\/secure.gravatar.com\/avatar\/4287850329e836b922e780de7b869301223afe7f2dc5f72c6b1f8d017d1b050b?s=96&d=mm&r=g\",\"caption\":\"Comunicaci\u00f3n SOSUNC\"},\"sameAs\":[\"https:\/\/www.facebook.com\/sosunc.unco\",\"https:\/\/www.instagram.com\/sosunc.unco\/\"],\"url\":\"https:\/\/www.sosunc.org.ar\/web\/?author=3\"}]}<\/script>\n<!-- \/ Yoast SEO plugin. -->","yoast_head_json":{"title":"Feriado largo en el Camping Las Grutas - SOSUNC","robots":{"index":"index","follow":"follow","max-snippet":"max-snippet:-1","max-image-preview":"max-image-preview:large","max-video-preview":"max-video-preview:-1"},"canonical":"https:\/\/www.sosunc.org.ar\/web\/?p=5141","og_locale":"es_ES","og_type":"article","og_title":"Feriado largo en el Camping Las Grutas - SOSUNC","og_description":"Feriado largo en el Camping Las Grutas El Camping Las Grutas de SOSUNC te espera para este primer feriado largo de la temporada 2022-2023. Disfrut\u00e1 tus vacaciones en un entorno natural con todos los servicios, a s\u00f3lo dos cuadras del mar. Estamos en avenida Curru Leuv\u00fa 1170 de LasGrutas, a dos cuadras de la bajada [&hellip;]","og_url":"https:\/\/www.sosunc.org.ar\/web\/?p=5141","og_site_name":"SOSUNC","article_publisher":"https:\/\/www.facebook.com\/sosunc.unco","article_author":"https:\/\/www.facebook.com\/sosunc.unco","article_published_time":"2022-12-07T17:52:24+00:00","article_modified_time":"2022-12-07T17:52:25+00:00","og_image":[{"width":1077,"height":1077,"url":"http:\/\/192.9.200.18\/wordpress\/wp-content\/uploads\/2022\/12\/Feriado-diciembre.png","type":"image\/png"}],"author":"Comunicaci\u00f3n SOSUNC","twitter_card":"summary_large_image","twitter_misc":{"Escrito por":"Comunicaci\u00f3n SOSUNC","Tiempo de lectura":"1 minuto"},"schema":{"@context":"https:\/\/schema.org","@graph":[{"@type":"Article","@id":"https:\/\/www.sosunc.org.ar\/web\/?p=5141#article","isPartOf":{"@id":"https:\/\/www.sosunc.org.ar\/web\/?p=5141"},"author":{"name":"Comunicaci\u00f3n SOSUNC","@id":"https:\/\/www.sosunc.org.ar\/web\/#\/schema\/person\/cb1a199a4e9d3cd4d50fe973caac0985"},"headline":"Feriado largo en el Camping Las Grutas","datePublished":"2022-12-07T17:52:24+00:00","dateModified":"2022-12-07T17:52:25+00:00","mainEntityOfPage":{"@id":"https:\/\/www.sosunc.org.ar\/web\/?p=5141"},"wordCount":201,"publisher":{"@id":"https:\/\/www.sosunc.org.ar\/web\/#organization"},"image":{"@id":"https:\/\/www.sosunc.org.ar\/web\/?p=5141#primaryimage"},"thumbnailUrl":"https:\/\/192.9.200.18\/wordpress\/wp-content\/uploads\/2022\/12\/Feriado-diciembre.png","keywords":["Camping","Las Grutas"],"articleSection":["novedades-sosunc"],"inLanguage":"es-AR"},{"@type":"WebPage","@id":"https:\/\/www.sosunc.org.ar\/web\/?p=5141","url":"https:\/\/www.sosunc.org.ar\/web\/?p=5141","name":"Feriado largo en el Camping Las Grutas - SOSUNC","isPartOf":{"@id":"https:\/\/www.sosunc.org.ar\/web\/#website"},"primaryImageOfPage":{"@id":"https:\/\/www.sosunc.org.ar\/web\/?p=5141#primaryimage"},"image":{"@id":"https:\/\/www.sosunc.org.ar\/web\/?p=5141#primaryimage"},"thumbnailUrl":"https:\/\/192.9.200.18\/wordpress\/wp-content\/uploads\/2022\/12\/Feriado-diciembre.png","datePublished":"2022-12-07T17:52:24+00:00","dateModified":"2022-12-07T17:52:25+00:00","breadcrumb":{"@id":"https:\/\/www.sosunc.org.ar\/web\/?p=5141#breadcrumb"},"inLanguage":"es-AR","potentialAction":[{"@type":"ReadAction","target":["https:\/\/www.sosunc.org.ar\/web\/?p=5141"]}]},{"@type":"ImageObject","inLanguage":"es-AR","@id":"https:\/\/www.sosunc.org.ar\/web\/?p=5141#primaryimage","url":"https:\/\/192.9.200.18\/wordpress\/wp-content\/uploads\/2022\/12\/Feriado-diciembre.png","contentUrl":"https:\/\/192.9.200.18\/wordpress\/wp-content\/uploads\/2022\/12\/Feriado-diciembre.png","width":1077,"height":1077},{"@type":"BreadcrumbList","@id":"https:\/\/www.sosunc.org.ar\/web\/?p=5141#breadcrumb","itemListElement":[{"@type":"ListItem","position":1,"name":"Inicio","item":"https:\/\/www.sosunc.org.ar\/web\/"},{"@type":"ListItem","position":2,"name":"Feriado largo en el Camping Las Grutas"}]},{"@type":"WebSite","@id":"https:\/\/www.sosunc.org.ar\/web\/#website","url":"https:\/\/www.sosunc.org.ar\/web\/","name":"SOSUNC","description":"Servicio de Obra Social de la Universidad Nacional del Comahue","publisher":{"@id":"https:\/\/www.sosunc.org.ar\/web\/#organization"},"potentialAction":[{"@type":"SearchAction","target":{"@type":"EntryPoint","urlTemplate":"https:\/\/www.sosunc.org.ar\/web\/?s={search_term_string}"},"query-input":{"@type":"PropertyValueSpecification","valueRequired":true,"valueName":"search_term_string"}}],"inLanguage":"es-AR"},{"@type":"Organization","@id":"https:\/\/www.sosunc.org.ar\/web\/#organization","name":"Servicio de Obra Social Universidad Nacional del Comahue","url":"https:\/\/www.sosunc.org.ar\/web\/","logo":{"@type":"ImageObject","inLanguage":"es-AR","@id":"https:\/\/www.sosunc.org.ar\/web\/#\/schema\/logo\/image\/","url":"https:\/\/192.9.200.18\/wordpress\/wp-content\/uploads\/2022\/06\/logososunc.png","contentUrl":"https:\/\/192.9.200.18\/wordpress\/wp-content\/uploads\/2022\/06\/logososunc.png","width":333,"height":333,"caption":"Servicio de Obra Social Universidad Nacional del Comahue"},"image":{"@id":"https:\/\/www.sosunc.org.ar\/web\/#\/schema\/logo\/image\/"},"sameAs":["https:\/\/www.facebook.com\/sosunc.unco"]},{"@type":"Person","@id":"https:\/\/www.sosunc.org.ar\/web\/#\/schema\/person\/cb1a199a4e9d3cd4d50fe973caac0985","name":"Comunicaci\u00f3n SOSUNC","image":{"@type":"ImageObject","inLanguage":"es-AR","@id":"https:\/\/www.sosunc.org.ar\/web\/#\/schema\/person\/image\/","url":"https:\/\/secure.gravatar.com\/avatar\/4287850329e836b922e780de7b869301223afe7f2dc5f72c6b1f8d017d1b050b?s=96&d=mm&r=g","contentUrl":"https:\/\/secure.gravatar.com\/avatar\/4287850329e836b922e780de7b869301223afe7f2dc5f72c6b1f8d017d1b050b?s=96&d=mm&r=g","caption":"Comunicaci\u00f3n SOSUNC"},"sameAs":["https:\/\/www.facebook.com\/sosunc.unco","https:\/\/www.instagram.com\/sosunc.unco\/"],"url":"https:\/\/www.sosunc.org.ar\/web\/?author=3"}]}},"_links":{"self":[{"href":"https:\/\/www.sosunc.org.ar\/web\/index.php?rest_route=\/wp\/v2\/posts\/5141","targetHints":{"allow":["GET"]}}],"collection":[{"href":"https:\/\/www.sosunc.org.ar\/web\/index.php?rest_route=\/wp\/v2\/posts"}],"about":[{"href":"https:\/\/www.sosunc.org.ar\/web\/index.php?rest_route=\/wp\/v2\/types\/post"}],"author":[{"embeddable":true,"href":"https:\/\/www.sosunc.org.ar\/web\/index.php?rest_route=\/wp\/v2\/users\/3"}],"replies":[{"embeddable":true,"href":"https:\/\/www.sosunc.org.ar\/web\/index.php?rest_route=%2Fwp%2Fv2%2Fcomments&post=5141"}],"version-history":[{"count":1,"href":"https:\/\/www.sosunc.org.ar\/web\/index.php?rest_route=\/wp\/v2\/posts\/5141\/revisions"}],"predecessor-version":[{"id":5145,"href":"https:\/\/www.sosunc.org.ar\/web\/index.php?rest_route=\/wp\/v2\/posts\/5141\/revisions\/5145"}],"wp:featuredmedia":[{"embeddable":true,"href":"https:\/\/www.sosunc.org.ar\/web\/index.php?rest_route=\/wp\/v2\/media\/5142"}],"wp:attachment":[{"href":"https:\/\/www.sosunc.org.ar\/web\/index.php?rest_route=%2Fwp%2Fv2%2Fmedia&parent=5141"}],"wp:term":[{"taxonomy":"category","embeddable":true,"href":"https:\/\/www.sosunc.org.ar\/web\/index.php?rest_route=%2Fwp%2Fv2%2Fcategories&post=5141"},{"taxonomy":"post_tag","embeddable":true,"href":"https:\/\/www.sosunc.org.ar\/web\/index.php?rest_route=%2Fwp%2Fv2%2Ftags&post=5141"}],"curies":[{"name":"wp","href":"https:\/\/api.w.org\/{rel}","templated":true}]}}