{"id":5131,"date":"2022-12-03T10:18:00","date_gmt":"2022-12-03T13:18:00","guid":{"rendered":"https:\/\/www.sosunc.org.ar\/web\/?p=5131"},"modified":"2022-12-06T12:55:22","modified_gmt":"2022-12-06T15:55:22","slug":"3-de-diciembre-dia-del-medico-a","status":"publish","type":"post","link":"https:\/\/www.sosunc.org.ar\/web\/?p=5131","title":{"rendered":"3 de diciembre: D\u00eda del M\u00e9dico\/a"},"content":{"rendered":"\n<p>Desde SOSUNC, felicitamos a los m\u00e9dicos\/as en su d\u00eda y saludamos especialmente a cada profesional que nos acompa\u00f1a en la tarea de cuidar de la salud de nuestros afiliados y afiliadas.<\/p>\n\n\n\n<p>Compartimos tambi\u00e9n un reconocimiento a quienes ejercen la docencia en la Facultad de Ciencias M\u00e9dicas de la  UNCo, instituci\u00f3n de referencia para la Patagonia en la formaci\u00f3n de profesionales de la salud.<\/p>\n\n\n\n<p>El 3 de diciembre, se conmemora el nacimiento de Carlos Juan Finlay, m\u00e9dico cubano que trabaj\u00f3 durante d\u00e9cadas con personas de bajos recursos que padec\u00edan de fiebre amarilla, lo que le permiti\u00f3 demostrar la importancia del mosquito Aedes aegypti en la transmisi\u00f3n de la enfermedad. Su descubrimiento provoc\u00f3 escepticismo y desconfianza por parte de los organismos acad\u00e9micos internacionales hasta que se comprob\u00f3 que la teor\u00eda era correcta.<\/p>\n\n\n\n<p>A trav\u00e9s de la figura de Finlay, en esta fecha, se rinde homenaje a quienes asumen a diario el compromiso de contribuir a la salud desde la medicina en toda Am\u00e9rica Latina.<\/p>\n\n\n\n<p>\u00a1Feliz d\u00eda, m\u00e9dicos y m\u00e9dicas!<\/p>\n\n\n\n<p><em>SOSUNC, una obra social gestionada por sus afiliados\/as.<\/em><\/p>\n","protected":false},"excerpt":{"rendered":"<p>Desde SOSUNC, felicitamos a los m\u00e9dicos\/as en su d\u00eda y saludamos especialmente a cada profesional que nos acompa\u00f1a en la tarea de cuidar de la salud de nuestros afiliados y afiliadas. Compartimos tambi\u00e9n un reconocimiento a quienes ejercen la docencia en la Facultad de Ciencias M\u00e9dicas de la UNCo, instituci\u00f3n de referencia para la Patagonia [&hellip;]<\/p>\n","protected":false},"author":3,"featured_media":5132,"comment_status":"closed","ping_status":"closed","sticky":false,"template":"","format":"standard","meta":{"_coblocks_attr":"","_coblocks_dimensions":"","_coblocks_responsive_height":"","_coblocks_accordion_ie_support":"","footnotes":""},"categories":[22,42],"tags":[138],"class_list":["post-5131","post","type-post","status-publish","format-standard","has-post-thumbnail","hentry","category-novedades-sosunc","category-prestadores-profesionales-sosunc","tag-dia-del-medico"],"yoast_head":"<!-- This site is optimized with the Yoast SEO plugin v26.5 - https:\/\/yoast.com\/wordpress\/plugins\/seo\/ -->\n<title>3 de diciembre: D\u00eda del M\u00e9dico\/a - SOSUNC<\/title>\n<meta name=\"robots\" content=\"index, follow, max-snippet:-1, max-image-preview:large, max-video-preview:-1\" \/>\n<link rel=\"canonical\" href=\"https:\/\/www.sosunc.org.ar\/web\/?p=5131\" \/>\n<meta property=\"og:locale\" content=\"es_ES\" \/>\n<meta property=\"og:type\" content=\"article\" \/>\n<meta property=\"og:title\" content=\"3 de diciembre: D\u00eda del M\u00e9dico\/a - SOSUNC\" \/>\n<meta property=\"og:description\" content=\"Desde SOSUNC, felicitamos a los m\u00e9dicos\/as en su d\u00eda y saludamos especialmente a cada profesional que nos acompa\u00f1a en la tarea de cuidar de la salud de nuestros afiliados y afiliadas. Compartimos tambi\u00e9n un reconocimiento a quienes ejercen la docencia en la Facultad de Ciencias M\u00e9dicas de la UNCo, instituci\u00f3n de referencia para la Patagonia [&hellip;]\" \/>\n<meta property=\"og:url\" content=\"https:\/\/www.sosunc.org.ar\/web\/?p=5131\" \/>\n<meta property=\"og:site_name\" content=\"SOSUNC\" \/>\n<meta property=\"article:publisher\" content=\"https:\/\/www.facebook.com\/sosunc.unco\" \/>\n<meta property=\"article:author\" content=\"https:\/\/www.facebook.com\/sosunc.unco\" \/>\n<meta property=\"article:published_time\" content=\"2022-12-03T13:18:00+00:00\" \/>\n<meta property=\"article:modified_time\" content=\"2022-12-06T15:55:22+00:00\" \/>\n<meta property=\"og:image\" content=\"http:\/\/192.9.200.18\/wordpress\/wp-content\/uploads\/2022\/12\/Dia-medico.png\" \/>\n\t<meta property=\"og:image:width\" content=\"974\" \/>\n\t<meta property=\"og:image:height\" content=\"974\" \/>\n\t<meta property=\"og:image:type\" content=\"image\/png\" \/>\n<meta name=\"author\" content=\"Comunicaci\u00f3n SOSUNC\" \/>\n<meta name=\"twitter:card\" content=\"summary_large_image\" \/>\n<meta name=\"twitter:label1\" content=\"Escrito por\" \/>\n\t<meta name=\"twitter:data1\" content=\"Comunicaci\u00f3n SOSUNC\" \/>\n\t<meta name=\"twitter:label2\" content=\"Tiempo de lectura\" \/>\n\t<meta name=\"twitter:data2\" content=\"1 minuto\" \/>\n<script type=\"application\/ld+json\" class=\"yoast-schema-graph\">{\"@context\":\"https:\/\/schema.org\",\"@graph\":[{\"@type\":\"Article\",\"@id\":\"https:\/\/www.sosunc.org.ar\/web\/?p=5131#article\",\"isPartOf\":{\"@id\":\"https:\/\/www.sosunc.org.ar\/web\/?p=5131\"},\"author\":{\"name\":\"Comunicaci\u00f3n SOSUNC\",\"@id\":\"https:\/\/www.sosunc.org.ar\/web\/#\/schema\/person\/cb1a199a4e9d3cd4d50fe973caac0985\"},\"headline\":\"3 de diciembre: D\u00eda del M\u00e9dico\/a\",\"datePublished\":\"2022-12-03T13:18:00+00:00\",\"dateModified\":\"2022-12-06T15:55:22+00:00\",\"mainEntityOfPage\":{\"@id\":\"https:\/\/www.sosunc.org.ar\/web\/?p=5131\"},\"wordCount\":202,\"publisher\":{\"@id\":\"https:\/\/www.sosunc.org.ar\/web\/#organization\"},\"image\":{\"@id\":\"https:\/\/www.sosunc.org.ar\/web\/?p=5131#primaryimage\"},\"thumbnailUrl\":\"https:\/\/192.9.200.18\/wordpress\/wp-content\/uploads\/2022\/12\/Dia-medico.png\",\"keywords\":[\"D\u00eda del M\u00e9dico\"],\"articleSection\":[\"novedades-sosunc\",\"prestadores-profesionales-sosunc\"],\"inLanguage\":\"es-AR\"},{\"@type\":\"WebPage\",\"@id\":\"https:\/\/www.sosunc.org.ar\/web\/?p=5131\",\"url\":\"https:\/\/www.sosunc.org.ar\/web\/?p=5131\",\"name\":\"3 de diciembre: D\u00eda del M\u00e9dico\/a - SOSUNC\",\"isPartOf\":{\"@id\":\"https:\/\/www.sosunc.org.ar\/web\/#website\"},\"primaryImageOfPage\":{\"@id\":\"https:\/\/www.sosunc.org.ar\/web\/?p=5131#primaryimage\"},\"image\":{\"@id\":\"https:\/\/www.sosunc.org.ar\/web\/?p=5131#primaryimage\"},\"thumbnailUrl\":\"https:\/\/192.9.200.18\/wordpress\/wp-content\/uploads\/2022\/12\/Dia-medico.png\",\"datePublished\":\"2022-12-03T13:18:00+00:00\",\"dateModified\":\"2022-12-06T15:55:22+00:00\",\"breadcrumb\":{\"@id\":\"https:\/\/www.sosunc.org.ar\/web\/?p=5131#breadcrumb\"},\"inLanguage\":\"es-AR\",\"potentialAction\":[{\"@type\":\"ReadAction\",\"target\":[\"https:\/\/www.sosunc.org.ar\/web\/?p=5131\"]}]},{\"@type\":\"ImageObject\",\"inLanguage\":\"es-AR\",\"@id\":\"https:\/\/www.sosunc.org.ar\/web\/?p=5131#primaryimage\",\"url\":\"https:\/\/192.9.200.18\/wordpress\/wp-content\/uploads\/2022\/12\/Dia-medico.png\",\"contentUrl\":\"https:\/\/192.9.200.18\/wordpress\/wp-content\/uploads\/2022\/12\/Dia-medico.png\",\"width\":974,\"height\":974},{\"@type\":\"BreadcrumbList\",\"@id\":\"https:\/\/www.sosunc.org.ar\/web\/?p=5131#breadcrumb\",\"itemListElement\":[{\"@type\":\"ListItem\",\"position\":1,\"name\":\"Inicio\",\"item\":\"https:\/\/www.sosunc.org.ar\/web\/\"},{\"@type\":\"ListItem\",\"position\":2,\"name\":\"3 de diciembre: D\u00eda del M\u00e9dico\/a\"}]},{\"@type\":\"WebSite\",\"@id\":\"https:\/\/www.sosunc.org.ar\/web\/#website\",\"url\":\"https:\/\/www.sosunc.org.ar\/web\/\",\"name\":\"SOSUNC\",\"description\":\"Servicio de Obra Social de la Universidad Nacional del Comahue\",\"publisher\":{\"@id\":\"https:\/\/www.sosunc.org.ar\/web\/#organization\"},\"potentialAction\":[{\"@type\":\"SearchAction\",\"target\":{\"@type\":\"EntryPoint\",\"urlTemplate\":\"https:\/\/www.sosunc.org.ar\/web\/?s={search_term_string}\"},\"query-input\":{\"@type\":\"PropertyValueSpecification\",\"valueRequired\":true,\"valueName\":\"search_term_string\"}}],\"inLanguage\":\"es-AR\"},{\"@type\":\"Organization\",\"@id\":\"https:\/\/www.sosunc.org.ar\/web\/#organization\",\"name\":\"Servicio de Obra Social Universidad Nacional del Comahue\",\"url\":\"https:\/\/www.sosunc.org.ar\/web\/\",\"logo\":{\"@type\":\"ImageObject\",\"inLanguage\":\"es-AR\",\"@id\":\"https:\/\/www.sosunc.org.ar\/web\/#\/schema\/logo\/image\/\",\"url\":\"https:\/\/192.9.200.18\/wordpress\/wp-content\/uploads\/2022\/06\/logososunc.png\",\"contentUrl\":\"https:\/\/192.9.200.18\/wordpress\/wp-content\/uploads\/2022\/06\/logososunc.png\",\"width\":333,\"height\":333,\"caption\":\"Servicio de Obra Social Universidad Nacional del Comahue\"},\"image\":{\"@id\":\"https:\/\/www.sosunc.org.ar\/web\/#\/schema\/logo\/image\/\"},\"sameAs\":[\"https:\/\/www.facebook.com\/sosunc.unco\"]},{\"@type\":\"Person\",\"@id\":\"https:\/\/www.sosunc.org.ar\/web\/#\/schema\/person\/cb1a199a4e9d3cd4d50fe973caac0985\",\"name\":\"Comunicaci\u00f3n SOSUNC\",\"image\":{\"@type\":\"ImageObject\",\"inLanguage\":\"es-AR\",\"@id\":\"https:\/\/www.sosunc.org.ar\/web\/#\/schema\/person\/image\/\",\"url\":\"https:\/\/secure.gravatar.com\/avatar\/4287850329e836b922e780de7b869301223afe7f2dc5f72c6b1f8d017d1b050b?s=96&d=mm&r=g\",\"contentUrl\":\"https:\/\/secure.gravatar.com\/avatar\/4287850329e836b922e780de7b869301223afe7f2dc5f72c6b1f8d017d1b050b?s=96&d=mm&r=g\",\"caption\":\"Comunicaci\u00f3n SOSUNC\"},\"sameAs\":[\"https:\/\/www.facebook.com\/sosunc.unco\",\"https:\/\/www.instagram.com\/sosunc.unco\/\"],\"url\":\"https:\/\/www.sosunc.org.ar\/web\/?author=3\"}]}<\/script>\n<!-- \/ Yoast SEO plugin. -->","yoast_head_json":{"title":"3 de diciembre: D\u00eda del M\u00e9dico\/a - SOSUNC","robots":{"index":"index","follow":"follow","max-snippet":"max-snippet:-1","max-image-preview":"max-image-preview:large","max-video-preview":"max-video-preview:-1"},"canonical":"https:\/\/www.sosunc.org.ar\/web\/?p=5131","og_locale":"es_ES","og_type":"article","og_title":"3 de diciembre: D\u00eda del M\u00e9dico\/a - SOSUNC","og_description":"Desde SOSUNC, felicitamos a los m\u00e9dicos\/as en su d\u00eda y saludamos especialmente a cada profesional que nos acompa\u00f1a en la tarea de cuidar de la salud de nuestros afiliados y afiliadas. Compartimos tambi\u00e9n un reconocimiento a quienes ejercen la docencia en la Facultad de Ciencias M\u00e9dicas de la UNCo, instituci\u00f3n de referencia para la Patagonia [&hellip;]","og_url":"https:\/\/www.sosunc.org.ar\/web\/?p=5131","og_site_name":"SOSUNC","article_publisher":"https:\/\/www.facebook.com\/sosunc.unco","article_author":"https:\/\/www.facebook.com\/sosunc.unco","article_published_time":"2022-12-03T13:18:00+00:00","article_modified_time":"2022-12-06T15:55:22+00:00","og_image":[{"width":974,"height":974,"url":"http:\/\/192.9.200.18\/wordpress\/wp-content\/uploads\/2022\/12\/Dia-medico.png","type":"image\/png"}],"author":"Comunicaci\u00f3n SOSUNC","twitter_card":"summary_large_image","twitter_misc":{"Escrito por":"Comunicaci\u00f3n SOSUNC","Tiempo de lectura":"1 minuto"},"schema":{"@context":"https:\/\/schema.org","@graph":[{"@type":"Article","@id":"https:\/\/www.sosunc.org.ar\/web\/?p=5131#article","isPartOf":{"@id":"https:\/\/www.sosunc.org.ar\/web\/?p=5131"},"author":{"name":"Comunicaci\u00f3n SOSUNC","@id":"https:\/\/www.sosunc.org.ar\/web\/#\/schema\/person\/cb1a199a4e9d3cd4d50fe973caac0985"},"headline":"3 de diciembre: D\u00eda del M\u00e9dico\/a","datePublished":"2022-12-03T13:18:00+00:00","dateModified":"2022-12-06T15:55:22+00:00","mainEntityOfPage":{"@id":"https:\/\/www.sosunc.org.ar\/web\/?p=5131"},"wordCount":202,"publisher":{"@id":"https:\/\/www.sosunc.org.ar\/web\/#organization"},"image":{"@id":"https:\/\/www.sosunc.org.ar\/web\/?p=5131#primaryimage"},"thumbnailUrl":"https:\/\/192.9.200.18\/wordpress\/wp-content\/uploads\/2022\/12\/Dia-medico.png","keywords":["D\u00eda del M\u00e9dico"],"articleSection":["novedades-sosunc","prestadores-profesionales-sosunc"],"inLanguage":"es-AR"},{"@type":"WebPage","@id":"https:\/\/www.sosunc.org.ar\/web\/?p=5131","url":"https:\/\/www.sosunc.org.ar\/web\/?p=5131","name":"3 de diciembre: D\u00eda del M\u00e9dico\/a - SOSUNC","isPartOf":{"@id":"https:\/\/www.sosunc.org.ar\/web\/#website"},"primaryImageOfPage":{"@id":"https:\/\/www.sosunc.org.ar\/web\/?p=5131#primaryimage"},"image":{"@id":"https:\/\/www.sosunc.org.ar\/web\/?p=5131#primaryimage"},"thumbnailUrl":"https:\/\/192.9.200.18\/wordpress\/wp-content\/uploads\/2022\/12\/Dia-medico.png","datePublished":"2022-12-03T13:18:00+00:00","dateModified":"2022-12-06T15:55:22+00:00","breadcrumb":{"@id":"https:\/\/www.sosunc.org.ar\/web\/?p=5131#breadcrumb"},"inLanguage":"es-AR","potentialAction":[{"@type":"ReadAction","target":["https:\/\/www.sosunc.org.ar\/web\/?p=5131"]}]},{"@type":"ImageObject","inLanguage":"es-AR","@id":"https:\/\/www.sosunc.org.ar\/web\/?p=5131#primaryimage","url":"https:\/\/192.9.200.18\/wordpress\/wp-content\/uploads\/2022\/12\/Dia-medico.png","contentUrl":"https:\/\/192.9.200.18\/wordpress\/wp-content\/uploads\/2022\/12\/Dia-medico.png","width":974,"height":974},{"@type":"BreadcrumbList","@id":"https:\/\/www.sosunc.org.ar\/web\/?p=5131#breadcrumb","itemListElement":[{"@type":"ListItem","position":1,"name":"Inicio","item":"https:\/\/www.sosunc.org.ar\/web\/"},{"@type":"ListItem","position":2,"name":"3 de diciembre: D\u00eda del M\u00e9dico\/a"}]},{"@type":"WebSite","@id":"https:\/\/www.sosunc.org.ar\/web\/#website","url":"https:\/\/www.sosunc.org.ar\/web\/","name":"SOSUNC","description":"Servicio de Obra Social de la Universidad Nacional del Comahue","publisher":{"@id":"https:\/\/www.sosunc.org.ar\/web\/#organization"},"potentialAction":[{"@type":"SearchAction","target":{"@type":"EntryPoint","urlTemplate":"https:\/\/www.sosunc.org.ar\/web\/?s={search_term_string}"},"query-input":{"@type":"PropertyValueSpecification","valueRequired":true,"valueName":"search_term_string"}}],"inLanguage":"es-AR"},{"@type":"Organization","@id":"https:\/\/www.sosunc.org.ar\/web\/#organization","name":"Servicio de Obra Social Universidad Nacional del Comahue","url":"https:\/\/www.sosunc.org.ar\/web\/","logo":{"@type":"ImageObject","inLanguage":"es-AR","@id":"https:\/\/www.sosunc.org.ar\/web\/#\/schema\/logo\/image\/","url":"https:\/\/192.9.200.18\/wordpress\/wp-content\/uploads\/2022\/06\/logososunc.png","contentUrl":"https:\/\/192.9.200.18\/wordpress\/wp-content\/uploads\/2022\/06\/logososunc.png","width":333,"height":333,"caption":"Servicio de Obra Social Universidad Nacional del Comahue"},"image":{"@id":"https:\/\/www.sosunc.org.ar\/web\/#\/schema\/logo\/image\/"},"sameAs":["https:\/\/www.facebook.com\/sosunc.unco"]},{"@type":"Person","@id":"https:\/\/www.sosunc.org.ar\/web\/#\/schema\/person\/cb1a199a4e9d3cd4d50fe973caac0985","name":"Comunicaci\u00f3n SOSUNC","image":{"@type":"ImageObject","inLanguage":"es-AR","@id":"https:\/\/www.sosunc.org.ar\/web\/#\/schema\/person\/image\/","url":"https:\/\/secure.gravatar.com\/avatar\/4287850329e836b922e780de7b869301223afe7f2dc5f72c6b1f8d017d1b050b?s=96&d=mm&r=g","contentUrl":"https:\/\/secure.gravatar.com\/avatar\/4287850329e836b922e780de7b869301223afe7f2dc5f72c6b1f8d017d1b050b?s=96&d=mm&r=g","caption":"Comunicaci\u00f3n SOSUNC"},"sameAs":["https:\/\/www.facebook.com\/sosunc.unco","https:\/\/www.instagram.com\/sosunc.unco\/"],"url":"https:\/\/www.sosunc.org.ar\/web\/?author=3"}]}},"_links":{"self":[{"href":"https:\/\/www.sosunc.org.ar\/web\/index.php?rest_route=\/wp\/v2\/posts\/5131","targetHints":{"allow":["GET"]}}],"collection":[{"href":"https:\/\/www.sosunc.org.ar\/web\/index.php?rest_route=\/wp\/v2\/posts"}],"about":[{"href":"https:\/\/www.sosunc.org.ar\/web\/index.php?rest_route=\/wp\/v2\/types\/post"}],"author":[{"embeddable":true,"href":"https:\/\/www.sosunc.org.ar\/web\/index.php?rest_route=\/wp\/v2\/users\/3"}],"replies":[{"embeddable":true,"href":"https:\/\/www.sosunc.org.ar\/web\/index.php?rest_route=%2Fwp%2Fv2%2Fcomments&post=5131"}],"version-history":[{"count":1,"href":"https:\/\/www.sosunc.org.ar\/web\/index.php?rest_route=\/wp\/v2\/posts\/5131\/revisions"}],"predecessor-version":[{"id":5133,"href":"https:\/\/www.sosunc.org.ar\/web\/index.php?rest_route=\/wp\/v2\/posts\/5131\/revisions\/5133"}],"wp:featuredmedia":[{"embeddable":true,"href":"https:\/\/www.sosunc.org.ar\/web\/index.php?rest_route=\/wp\/v2\/media\/5132"}],"wp:attachment":[{"href":"https:\/\/www.sosunc.org.ar\/web\/index.php?rest_route=%2Fwp%2Fv2%2Fmedia&parent=5131"}],"wp:term":[{"taxonomy":"category","embeddable":true,"href":"https:\/\/www.sosunc.org.ar\/web\/index.php?rest_route=%2Fwp%2Fv2%2Fcategories&post=5131"},{"taxonomy":"post_tag","embeddable":true,"href":"https:\/\/www.sosunc.org.ar\/web\/index.php?rest_route=%2Fwp%2Fv2%2Ftags&post=5131"}],"curies":[{"name":"wp","href":"https:\/\/api.w.org\/{rel}","templated":true}]}}