{"id":5012,"date":"2022-11-15T12:23:42","date_gmt":"2022-11-15T15:23:42","guid":{"rendered":"https:\/\/www.sosunc.org.ar\/web\/?p=5012"},"modified":"2023-01-03T11:10:52","modified_gmt":"2023-01-03T14:10:52","slug":"las-grutas-abrimos-el-25-de-noviembre","status":"publish","type":"post","link":"https:\/\/www.sosunc.org.ar\/web\/?p=5012","title":{"rendered":"Las Grutas: abrimos el 25 de noviembre"},"content":{"rendered":"\n<p>Estimados y estimadas campistas:<\/p>\n\n\n\n<p>\u00a1El Camping SOSUNC de Las Grutas abre sus puertas el viernes 25 de noviembre!<\/p>\n\n\n\n<p>En 15 d\u00edas, nuestro camping estar\u00e1 listo para recibirlos en su visita a la costa de pretemporada. Comienza la cuenta regresiva para el verano 2022-2023.<\/p>\n\n\n\n<p>Durante la temporada pasada, m\u00e1s de 3.200 campistas nos eligieron para sus vacaciones junto a las playas de Las Grutas. Viajeros, parejas y familias disfrutaron del Camping SOSUNC. Agradecemos las valoraciones positivas que nos hicieron llegar luego de su estad\u00eda.&nbsp;<\/p>\n\n\n\n<p>Para esta nueva temporada, contin\u00faa la concesi\u00f3n del camping a cargo del se\u00f1or&nbsp; Milton Sebasti\u00e1n Garro. La experiencia de trabajo fue \u00f3ptima, con una alta demanda en temporada alta y visitantes que cuidaron&nbsp; de nuestras instalaciones en unas vacaciones inolvidables junto a SOSUNC. &nbsp;<br><br><strong>Tarifas <br><\/strong>Compartimos las tarifas de la temporada baja\/media. Estas tarifas se encontrar\u00e1n vigentes hasta el 31 de diciembre de 2022.<\/p>\n\n\n\n<figure class=\"wp-block-gallery has-nested-images columns-default is-cropped wp-block-gallery-1 is-layout-flex wp-block-gallery-is-layout-flex\">\n<figure class=\"wp-block-image size-large\"><img loading=\"lazy\" decoding=\"async\" width=\"1024\" height=\"1024\" data-id=\"5303\" src=\"https:\/\/192.9.200.18\/wordpress\/wp-content\/uploads\/2023\/01\/Camping-tarifas-enero-1024x1024.png\" alt=\"\" class=\"wp-image-5303\" srcset=\"http:\/\/192.9.200.18\/wordpress\/wp-content\/uploads\/2023\/01\/Camping-tarifas-enero-1024x1024.png 1024w, http:\/\/192.9.200.18\/wordpress\/wp-content\/uploads\/2023\/01\/Camping-tarifas-enero-300x300.png 300w, http:\/\/192.9.200.18\/wordpress\/wp-content\/uploads\/2023\/01\/Camping-tarifas-enero-150x150.png 150w, http:\/\/192.9.200.18\/wordpress\/wp-content\/uploads\/2023\/01\/Camping-tarifas-enero-768x768.png 768w, http:\/\/192.9.200.18\/wordpress\/wp-content\/uploads\/2023\/01\/Camping-tarifas-enero.png 1077w\" sizes=\"auto, (max-width: 1024px) 100vw, 1024px\" \/><\/figure>\n\n\n\n<figure class=\"wp-block-image size-large\"><img decoding=\"async\" data-id=\"5304\" src=\"https:\/\/192.9.200.18\/wordpress\/wp-content\/uploads\/2023\/01\/Camping-enero-1024x1024.png\" alt=\"\" class=\"wp-image-5304\"\/><\/figure>\n<\/figure>\n\n\n\n<p><br>Como cada a\u00f1o, el Camping SOSUNC&nbsp; los y las espera con todos los servicios para un descanso junto al mar: duchas con agua caliente, sal\u00f3n con bufet, parrillas, WiFi y una ubicaci\u00f3n privilegiada a menos de 200 metros del mar, a la altura de la bajada La Rinconada de<a href=\"https:\/\/www.facebook.com\/hashtag\/lasgrutas?__eep__=6&amp;__cft__[0]=AZXCizi1sGqmiMtJ2f23OV0C_QAGXvcr8LMR2pldDwEOetzAy2lyYbPN785mtQZgwLwqJjmNwTYYpegyXp0CvyAQuB6GfBjKUwV9Q9G4cCeePphsJ0WAXWzWBJnnLRMi3tGO9v-YlOR7UhNhLebJsuxw5CCMO9Cjtd0KDad0RiDjFqaouURfOJMANjYmA2kUv6s&amp;__tn__=*NK-R\"> #LasGrutas<\/a>.&nbsp;<br>El camping queda en la avenida Curru Leuv\u00fa 1170 (te lo mostramos en el mapa <a href=\"https:\/\/goo.gl\/maps\/JwUQ5SH2aaSkbb3c9\">ac\u00e1<\/a>). El contacto con la administraci\u00f3n es a trav\u00e9s del mail minqn49@yahoo.com.ar.<\/p>\n\n\n\n<p>Visit\u00e1 Las Grutas en. La costa te espera.<\/p>\n\n\n\n<p><em>SOSUNC, una obra social gestionada por sus afiliados\/as.<\/em><\/p>\n","protected":false},"excerpt":{"rendered":"<p>Estimados y estimadas campistas: \u00a1El Camping SOSUNC de Las Grutas abre sus puertas el viernes 25 de noviembre! En 15 d\u00edas, nuestro camping estar\u00e1 listo para recibirlos en su visita a la costa de pretemporada. Comienza la cuenta regresiva para el verano 2022-2023. Durante la temporada pasada, m\u00e1s de 3.200 campistas nos eligieron para sus [&hellip;]<\/p>\n","protected":false},"author":3,"featured_media":5009,"comment_status":"closed","ping_status":"closed","sticky":false,"template":"","format":"standard","meta":{"_coblocks_attr":"","_coblocks_dimensions":"","_coblocks_responsive_height":"","_coblocks_accordion_ie_support":"","footnotes":""},"categories":[22],"tags":[],"class_list":["post-5012","post","type-post","status-publish","format-standard","has-post-thumbnail","hentry","category-novedades-sosunc"],"yoast_head":"<!-- This site is optimized with the Yoast SEO plugin v26.5 - https:\/\/yoast.com\/wordpress\/plugins\/seo\/ -->\n<title>Las Grutas: abrimos el 25 de noviembre - SOSUNC<\/title>\n<meta name=\"robots\" content=\"index, follow, max-snippet:-1, max-image-preview:large, max-video-preview:-1\" \/>\n<link rel=\"canonical\" href=\"https:\/\/www.sosunc.org.ar\/web\/?p=5012\" \/>\n<meta property=\"og:locale\" content=\"es_ES\" \/>\n<meta property=\"og:type\" content=\"article\" \/>\n<meta property=\"og:title\" content=\"Las Grutas: abrimos el 25 de noviembre - SOSUNC\" \/>\n<meta property=\"og:description\" content=\"Estimados y estimadas campistas: \u00a1El Camping SOSUNC de Las Grutas abre sus puertas el viernes 25 de noviembre! En 15 d\u00edas, nuestro camping estar\u00e1 listo para recibirlos en su visita a la costa de pretemporada. Comienza la cuenta regresiva para el verano 2022-2023. Durante la temporada pasada, m\u00e1s de 3.200 campistas nos eligieron para sus [&hellip;]\" \/>\n<meta property=\"og:url\" content=\"https:\/\/www.sosunc.org.ar\/web\/?p=5012\" \/>\n<meta property=\"og:site_name\" content=\"SOSUNC\" \/>\n<meta property=\"article:publisher\" content=\"https:\/\/www.facebook.com\/sosunc.unco\" \/>\n<meta property=\"article:author\" content=\"https:\/\/www.facebook.com\/sosunc.unco\" \/>\n<meta property=\"article:published_time\" content=\"2022-11-15T15:23:42+00:00\" \/>\n<meta property=\"article:modified_time\" content=\"2023-01-03T14:10:52+00:00\" \/>\n<meta property=\"og:image\" content=\"http:\/\/192.9.200.18\/wordpress\/wp-content\/uploads\/2022\/11\/apertura2.png\" \/>\n\t<meta property=\"og:image:width\" content=\"1055\" \/>\n\t<meta property=\"og:image:height\" content=\"1055\" \/>\n\t<meta property=\"og:image:type\" content=\"image\/png\" \/>\n<meta name=\"author\" content=\"Comunicaci\u00f3n SOSUNC\" \/>\n<meta name=\"twitter:card\" content=\"summary_large_image\" \/>\n<meta name=\"twitter:label1\" content=\"Escrito por\" \/>\n\t<meta name=\"twitter:data1\" content=\"Comunicaci\u00f3n SOSUNC\" \/>\n\t<meta name=\"twitter:label2\" content=\"Tiempo de lectura\" \/>\n\t<meta name=\"twitter:data2\" content=\"1 minuto\" \/>\n<script type=\"application\/ld+json\" class=\"yoast-schema-graph\">{\"@context\":\"https:\/\/schema.org\",\"@graph\":[{\"@type\":\"Article\",\"@id\":\"https:\/\/www.sosunc.org.ar\/web\/?p=5012#article\",\"isPartOf\":{\"@id\":\"https:\/\/www.sosunc.org.ar\/web\/?p=5012\"},\"author\":{\"name\":\"Comunicaci\u00f3n SOSUNC\",\"@id\":\"https:\/\/www.sosunc.org.ar\/web\/#\/schema\/person\/cb1a199a4e9d3cd4d50fe973caac0985\"},\"headline\":\"Las Grutas: abrimos el 25 de noviembre\",\"datePublished\":\"2022-11-15T15:23:42+00:00\",\"dateModified\":\"2023-01-03T14:10:52+00:00\",\"mainEntityOfPage\":{\"@id\":\"https:\/\/www.sosunc.org.ar\/web\/?p=5012\"},\"wordCount\":262,\"publisher\":{\"@id\":\"https:\/\/www.sosunc.org.ar\/web\/#organization\"},\"image\":{\"@id\":\"https:\/\/www.sosunc.org.ar\/web\/?p=5012#primaryimage\"},\"thumbnailUrl\":\"https:\/\/192.9.200.18\/wordpress\/wp-content\/uploads\/2022\/11\/apertura2.png\",\"articleSection\":[\"novedades-sosunc\"],\"inLanguage\":\"es-AR\"},{\"@type\":\"WebPage\",\"@id\":\"https:\/\/www.sosunc.org.ar\/web\/?p=5012\",\"url\":\"https:\/\/www.sosunc.org.ar\/web\/?p=5012\",\"name\":\"Las Grutas: abrimos el 25 de noviembre - SOSUNC\",\"isPartOf\":{\"@id\":\"https:\/\/www.sosunc.org.ar\/web\/#website\"},\"primaryImageOfPage\":{\"@id\":\"https:\/\/www.sosunc.org.ar\/web\/?p=5012#primaryimage\"},\"image\":{\"@id\":\"https:\/\/www.sosunc.org.ar\/web\/?p=5012#primaryimage\"},\"thumbnailUrl\":\"https:\/\/192.9.200.18\/wordpress\/wp-content\/uploads\/2022\/11\/apertura2.png\",\"datePublished\":\"2022-11-15T15:23:42+00:00\",\"dateModified\":\"2023-01-03T14:10:52+00:00\",\"breadcrumb\":{\"@id\":\"https:\/\/www.sosunc.org.ar\/web\/?p=5012#breadcrumb\"},\"inLanguage\":\"es-AR\",\"potentialAction\":[{\"@type\":\"ReadAction\",\"target\":[\"https:\/\/www.sosunc.org.ar\/web\/?p=5012\"]}]},{\"@type\":\"ImageObject\",\"inLanguage\":\"es-AR\",\"@id\":\"https:\/\/www.sosunc.org.ar\/web\/?p=5012#primaryimage\",\"url\":\"https:\/\/192.9.200.18\/wordpress\/wp-content\/uploads\/2022\/11\/apertura2.png\",\"contentUrl\":\"https:\/\/192.9.200.18\/wordpress\/wp-content\/uploads\/2022\/11\/apertura2.png\",\"width\":1055,\"height\":1055},{\"@type\":\"BreadcrumbList\",\"@id\":\"https:\/\/www.sosunc.org.ar\/web\/?p=5012#breadcrumb\",\"itemListElement\":[{\"@type\":\"ListItem\",\"position\":1,\"name\":\"Inicio\",\"item\":\"https:\/\/www.sosunc.org.ar\/web\/\"},{\"@type\":\"ListItem\",\"position\":2,\"name\":\"Las Grutas: abrimos el 25 de noviembre\"}]},{\"@type\":\"WebSite\",\"@id\":\"https:\/\/www.sosunc.org.ar\/web\/#website\",\"url\":\"https:\/\/www.sosunc.org.ar\/web\/\",\"name\":\"SOSUNC\",\"description\":\"Servicio de Obra Social de la Universidad Nacional del Comahue\",\"publisher\":{\"@id\":\"https:\/\/www.sosunc.org.ar\/web\/#organization\"},\"potentialAction\":[{\"@type\":\"SearchAction\",\"target\":{\"@type\":\"EntryPoint\",\"urlTemplate\":\"https:\/\/www.sosunc.org.ar\/web\/?s={search_term_string}\"},\"query-input\":{\"@type\":\"PropertyValueSpecification\",\"valueRequired\":true,\"valueName\":\"search_term_string\"}}],\"inLanguage\":\"es-AR\"},{\"@type\":\"Organization\",\"@id\":\"https:\/\/www.sosunc.org.ar\/web\/#organization\",\"name\":\"Servicio de Obra Social Universidad Nacional del Comahue\",\"url\":\"https:\/\/www.sosunc.org.ar\/web\/\",\"logo\":{\"@type\":\"ImageObject\",\"inLanguage\":\"es-AR\",\"@id\":\"https:\/\/www.sosunc.org.ar\/web\/#\/schema\/logo\/image\/\",\"url\":\"https:\/\/192.9.200.18\/wordpress\/wp-content\/uploads\/2022\/06\/logososunc.png\",\"contentUrl\":\"https:\/\/192.9.200.18\/wordpress\/wp-content\/uploads\/2022\/06\/logososunc.png\",\"width\":333,\"height\":333,\"caption\":\"Servicio de Obra Social Universidad Nacional del Comahue\"},\"image\":{\"@id\":\"https:\/\/www.sosunc.org.ar\/web\/#\/schema\/logo\/image\/\"},\"sameAs\":[\"https:\/\/www.facebook.com\/sosunc.unco\"]},{\"@type\":\"Person\",\"@id\":\"https:\/\/www.sosunc.org.ar\/web\/#\/schema\/person\/cb1a199a4e9d3cd4d50fe973caac0985\",\"name\":\"Comunicaci\u00f3n SOSUNC\",\"image\":{\"@type\":\"ImageObject\",\"inLanguage\":\"es-AR\",\"@id\":\"https:\/\/www.sosunc.org.ar\/web\/#\/schema\/person\/image\/\",\"url\":\"https:\/\/secure.gravatar.com\/avatar\/4287850329e836b922e780de7b869301223afe7f2dc5f72c6b1f8d017d1b050b?s=96&d=mm&r=g\",\"contentUrl\":\"https:\/\/secure.gravatar.com\/avatar\/4287850329e836b922e780de7b869301223afe7f2dc5f72c6b1f8d017d1b050b?s=96&d=mm&r=g\",\"caption\":\"Comunicaci\u00f3n SOSUNC\"},\"sameAs\":[\"https:\/\/www.facebook.com\/sosunc.unco\",\"https:\/\/www.instagram.com\/sosunc.unco\/\"],\"url\":\"https:\/\/www.sosunc.org.ar\/web\/?author=3\"}]}<\/script>\n<!-- \/ Yoast SEO plugin. -->","yoast_head_json":{"title":"Las Grutas: abrimos el 25 de noviembre - SOSUNC","robots":{"index":"index","follow":"follow","max-snippet":"max-snippet:-1","max-image-preview":"max-image-preview:large","max-video-preview":"max-video-preview:-1"},"canonical":"https:\/\/www.sosunc.org.ar\/web\/?p=5012","og_locale":"es_ES","og_type":"article","og_title":"Las Grutas: abrimos el 25 de noviembre - SOSUNC","og_description":"Estimados y estimadas campistas: \u00a1El Camping SOSUNC de Las Grutas abre sus puertas el viernes 25 de noviembre! En 15 d\u00edas, nuestro camping estar\u00e1 listo para recibirlos en su visita a la costa de pretemporada. Comienza la cuenta regresiva para el verano 2022-2023. Durante la temporada pasada, m\u00e1s de 3.200 campistas nos eligieron para sus [&hellip;]","og_url":"https:\/\/www.sosunc.org.ar\/web\/?p=5012","og_site_name":"SOSUNC","article_publisher":"https:\/\/www.facebook.com\/sosunc.unco","article_author":"https:\/\/www.facebook.com\/sosunc.unco","article_published_time":"2022-11-15T15:23:42+00:00","article_modified_time":"2023-01-03T14:10:52+00:00","og_image":[{"width":1055,"height":1055,"url":"http:\/\/192.9.200.18\/wordpress\/wp-content\/uploads\/2022\/11\/apertura2.png","type":"image\/png"}],"author":"Comunicaci\u00f3n SOSUNC","twitter_card":"summary_large_image","twitter_misc":{"Escrito por":"Comunicaci\u00f3n SOSUNC","Tiempo de lectura":"1 minuto"},"schema":{"@context":"https:\/\/schema.org","@graph":[{"@type":"Article","@id":"https:\/\/www.sosunc.org.ar\/web\/?p=5012#article","isPartOf":{"@id":"https:\/\/www.sosunc.org.ar\/web\/?p=5012"},"author":{"name":"Comunicaci\u00f3n SOSUNC","@id":"https:\/\/www.sosunc.org.ar\/web\/#\/schema\/person\/cb1a199a4e9d3cd4d50fe973caac0985"},"headline":"Las Grutas: abrimos el 25 de noviembre","datePublished":"2022-11-15T15:23:42+00:00","dateModified":"2023-01-03T14:10:52+00:00","mainEntityOfPage":{"@id":"https:\/\/www.sosunc.org.ar\/web\/?p=5012"},"wordCount":262,"publisher":{"@id":"https:\/\/www.sosunc.org.ar\/web\/#organization"},"image":{"@id":"https:\/\/www.sosunc.org.ar\/web\/?p=5012#primaryimage"},"thumbnailUrl":"https:\/\/192.9.200.18\/wordpress\/wp-content\/uploads\/2022\/11\/apertura2.png","articleSection":["novedades-sosunc"],"inLanguage":"es-AR"},{"@type":"WebPage","@id":"https:\/\/www.sosunc.org.ar\/web\/?p=5012","url":"https:\/\/www.sosunc.org.ar\/web\/?p=5012","name":"Las Grutas: abrimos el 25 de noviembre - SOSUNC","isPartOf":{"@id":"https:\/\/www.sosunc.org.ar\/web\/#website"},"primaryImageOfPage":{"@id":"https:\/\/www.sosunc.org.ar\/web\/?p=5012#primaryimage"},"image":{"@id":"https:\/\/www.sosunc.org.ar\/web\/?p=5012#primaryimage"},"thumbnailUrl":"https:\/\/192.9.200.18\/wordpress\/wp-content\/uploads\/2022\/11\/apertura2.png","datePublished":"2022-11-15T15:23:42+00:00","dateModified":"2023-01-03T14:10:52+00:00","breadcrumb":{"@id":"https:\/\/www.sosunc.org.ar\/web\/?p=5012#breadcrumb"},"inLanguage":"es-AR","potentialAction":[{"@type":"ReadAction","target":["https:\/\/www.sosunc.org.ar\/web\/?p=5012"]}]},{"@type":"ImageObject","inLanguage":"es-AR","@id":"https:\/\/www.sosunc.org.ar\/web\/?p=5012#primaryimage","url":"https:\/\/192.9.200.18\/wordpress\/wp-content\/uploads\/2022\/11\/apertura2.png","contentUrl":"https:\/\/192.9.200.18\/wordpress\/wp-content\/uploads\/2022\/11\/apertura2.png","width":1055,"height":1055},{"@type":"BreadcrumbList","@id":"https:\/\/www.sosunc.org.ar\/web\/?p=5012#breadcrumb","itemListElement":[{"@type":"ListItem","position":1,"name":"Inicio","item":"https:\/\/www.sosunc.org.ar\/web\/"},{"@type":"ListItem","position":2,"name":"Las Grutas: abrimos el 25 de noviembre"}]},{"@type":"WebSite","@id":"https:\/\/www.sosunc.org.ar\/web\/#website","url":"https:\/\/www.sosunc.org.ar\/web\/","name":"SOSUNC","description":"Servicio de Obra Social de la Universidad Nacional del Comahue","publisher":{"@id":"https:\/\/www.sosunc.org.ar\/web\/#organization"},"potentialAction":[{"@type":"SearchAction","target":{"@type":"EntryPoint","urlTemplate":"https:\/\/www.sosunc.org.ar\/web\/?s={search_term_string}"},"query-input":{"@type":"PropertyValueSpecification","valueRequired":true,"valueName":"search_term_string"}}],"inLanguage":"es-AR"},{"@type":"Organization","@id":"https:\/\/www.sosunc.org.ar\/web\/#organization","name":"Servicio de Obra Social Universidad Nacional del Comahue","url":"https:\/\/www.sosunc.org.ar\/web\/","logo":{"@type":"ImageObject","inLanguage":"es-AR","@id":"https:\/\/www.sosunc.org.ar\/web\/#\/schema\/logo\/image\/","url":"https:\/\/192.9.200.18\/wordpress\/wp-content\/uploads\/2022\/06\/logososunc.png","contentUrl":"https:\/\/192.9.200.18\/wordpress\/wp-content\/uploads\/2022\/06\/logososunc.png","width":333,"height":333,"caption":"Servicio de Obra Social Universidad Nacional del Comahue"},"image":{"@id":"https:\/\/www.sosunc.org.ar\/web\/#\/schema\/logo\/image\/"},"sameAs":["https:\/\/www.facebook.com\/sosunc.unco"]},{"@type":"Person","@id":"https:\/\/www.sosunc.org.ar\/web\/#\/schema\/person\/cb1a199a4e9d3cd4d50fe973caac0985","name":"Comunicaci\u00f3n SOSUNC","image":{"@type":"ImageObject","inLanguage":"es-AR","@id":"https:\/\/www.sosunc.org.ar\/web\/#\/schema\/person\/image\/","url":"https:\/\/secure.gravatar.com\/avatar\/4287850329e836b922e780de7b869301223afe7f2dc5f72c6b1f8d017d1b050b?s=96&d=mm&r=g","contentUrl":"https:\/\/secure.gravatar.com\/avatar\/4287850329e836b922e780de7b869301223afe7f2dc5f72c6b1f8d017d1b050b?s=96&d=mm&r=g","caption":"Comunicaci\u00f3n SOSUNC"},"sameAs":["https:\/\/www.facebook.com\/sosunc.unco","https:\/\/www.instagram.com\/sosunc.unco\/"],"url":"https:\/\/www.sosunc.org.ar\/web\/?author=3"}]}},"_links":{"self":[{"href":"https:\/\/www.sosunc.org.ar\/web\/index.php?rest_route=\/wp\/v2\/posts\/5012","targetHints":{"allow":["GET"]}}],"collection":[{"href":"https:\/\/www.sosunc.org.ar\/web\/index.php?rest_route=\/wp\/v2\/posts"}],"about":[{"href":"https:\/\/www.sosunc.org.ar\/web\/index.php?rest_route=\/wp\/v2\/types\/post"}],"author":[{"embeddable":true,"href":"https:\/\/www.sosunc.org.ar\/web\/index.php?rest_route=\/wp\/v2\/users\/3"}],"replies":[{"embeddable":true,"href":"https:\/\/www.sosunc.org.ar\/web\/index.php?rest_route=%2Fwp%2Fv2%2Fcomments&post=5012"}],"version-history":[{"count":2,"href":"https:\/\/www.sosunc.org.ar\/web\/index.php?rest_route=\/wp\/v2\/posts\/5012\/revisions"}],"predecessor-version":[{"id":5305,"href":"https:\/\/www.sosunc.org.ar\/web\/index.php?rest_route=\/wp\/v2\/posts\/5012\/revisions\/5305"}],"wp:featuredmedia":[{"embeddable":true,"href":"https:\/\/www.sosunc.org.ar\/web\/index.php?rest_route=\/wp\/v2\/media\/5009"}],"wp:attachment":[{"href":"https:\/\/www.sosunc.org.ar\/web\/index.php?rest_route=%2Fwp%2Fv2%2Fmedia&parent=5012"}],"wp:term":[{"taxonomy":"category","embeddable":true,"href":"https:\/\/www.sosunc.org.ar\/web\/index.php?rest_route=%2Fwp%2Fv2%2Fcategories&post=5012"},{"taxonomy":"post_tag","embeddable":true,"href":"https:\/\/www.sosunc.org.ar\/web\/index.php?rest_route=%2Fwp%2Fv2%2Ftags&post=5012"}],"curies":[{"name":"wp","href":"https:\/\/api.w.org\/{rel}","templated":true}]}}