{"id":4999,"date":"2022-11-14T08:56:59","date_gmt":"2022-11-14T11:56:59","guid":{"rendered":"https:\/\/www.sosunc.org.ar\/web\/?p=4999"},"modified":"2022-11-18T11:56:46","modified_gmt":"2022-11-18T14:56:46","slug":"dia-mundial-de-la-diabetes","status":"publish","type":"post","link":"https:\/\/www.sosunc.org.ar\/web\/?p=4999","title":{"rendered":"D\u00eda Mundial de la Diabetes"},"content":{"rendered":"\n<h2 class=\"has-text-color wp-block-heading\" style=\"color:#022a74\"><strong>D\u00eda Mundial de la Diabetes<\/strong><\/h2>\n\n\n\n<p>Cada 14 de noviembre, se conmemora el D\u00eda Mundial de la Diabetes, una enfermedad cr\u00f3nica y silenciosa que afecta a una parte importante de la poblaci\u00f3n\u00a0 y tiene graves consecuencias en la salud. Con un trabajo de prevenci\u00f3n adecuado, es posible reducir sus riesgos.\u00a0<\/p>\n\n\n\n<p><strong>Un d\u00eda al a\u00f1o no alcanza<\/strong><\/p>\n\n\n\n<p>Una de cada diez personas desarrolla diabetes y al menos un tercio de ellas desconoce que tiene la enfermedad. Por eso, es necesario un esfuerzo colectivo tanto en la prevenci\u00f3n&nbsp; como en la reducci\u00f3n de las complicaciones de la salud asociadas con este diagn\u00f3stico.<br><\/p>\n\n\n\n<p>En 2022, SOSUNC puso en marcha una iniciativa a largo plazo para mejorar la calidad y expectativas de vida de las personas con diabetes. Ampliamos y renovamos nuestro programa de cobertura con el foco puesto en la atenci\u00f3n integral de la salud.\u00a0<\/p>\n\n\n\n<p>Como parte de esa iniciativa, incorporamos un curso de autocuidado para nuestros afiliados\/as con diabetes, reforzamos las coberturas en nutrici\u00f3n, consultas m\u00e9dicas, insumos y an\u00e1lisis e impulsamos jornadas de especializaci\u00f3n en pie diab\u00e9tico para profesionales de enfermer\u00eda y podolog\u00eda de la regi\u00f3n.<br><br><\/p>\n\n\n\n<figure class=\"wp-block-gallery has-nested-images columns-default is-cropped wp-block-gallery-1 is-layout-flex wp-block-gallery-is-layout-flex\">\n<figure class=\"wp-block-image size-large\"><img loading=\"lazy\" decoding=\"async\" width=\"1055\" height=\"1055\" data-id=\"5001\" src=\"http:\/\/192.9.200.18\/wordpress\/wp-content\/uploads\/2022\/11\/2.png\" alt=\"\" class=\"wp-image-5001\" srcset=\"http:\/\/192.9.200.18\/wordpress\/wp-content\/uploads\/2022\/11\/2.png 1055w, http:\/\/192.9.200.18\/wordpress\/wp-content\/uploads\/2022\/11\/2-300x300.png 300w, http:\/\/192.9.200.18\/wordpress\/wp-content\/uploads\/2022\/11\/2-1024x1024.png 1024w, http:\/\/192.9.200.18\/wordpress\/wp-content\/uploads\/2022\/11\/2-150x150.png 150w, http:\/\/192.9.200.18\/wordpress\/wp-content\/uploads\/2022\/11\/2-768x768.png 768w\" sizes=\"auto, (max-width: 1055px) 100vw, 1055px\" \/><\/figure>\n\n\n\n<figure class=\"wp-block-image size-large\"><img loading=\"lazy\" decoding=\"async\" width=\"1055\" height=\"1055\" data-id=\"5002\" src=\"http:\/\/192.9.200.18\/wordpress\/wp-content\/uploads\/2022\/11\/3.png\" alt=\"\" class=\"wp-image-5002\" srcset=\"http:\/\/192.9.200.18\/wordpress\/wp-content\/uploads\/2022\/11\/3.png 1055w, http:\/\/192.9.200.18\/wordpress\/wp-content\/uploads\/2022\/11\/3-300x300.png 300w, http:\/\/192.9.200.18\/wordpress\/wp-content\/uploads\/2022\/11\/3-1024x1024.png 1024w, http:\/\/192.9.200.18\/wordpress\/wp-content\/uploads\/2022\/11\/3-150x150.png 150w, http:\/\/192.9.200.18\/wordpress\/wp-content\/uploads\/2022\/11\/3-768x768.png 768w\" sizes=\"auto, (max-width: 1055px) 100vw, 1055px\" \/><\/figure>\n<\/figure>\n\n\n\n<p><strong>Vos tambi\u00e9n pod\u00e9s prevenir<\/strong><br><br>Te invitamos a que vos tambi\u00e9n sumes tu aporte a la prevenci\u00f3n. Si no ten\u00e9s diabetes pero existe una predisposici\u00f3n familiar o antecedentes de hipertensi\u00f3n u obesidad, se puede reducir el riesgo con una nutrici\u00f3n saludable y actividad f\u00edsica frecuente.<\/p>\n\n\n\n<p>Si sos una persona con diabetes, es fundamental que te informes y concurras a\u00a0 controles m\u00e9dicos interdisciplinarios, adem\u00e1s de cuiar de tu nutrici\u00f3n, tu estado f\u00edsico y tus pies. <strong>\u00a0<\/strong><\/p>\n\n\n\n<p>Si sos profesional de la salud, es necesario el abordaje en equipos interdisciplinarios para que la atenci\u00f3n de la diabetes resulte efectiva y oportuna.<br><br>Compartiendo esta informaci\u00f3n, tambi\u00e9n est\u00e1s colaborando.<br><\/p>\n\n\n\n<p><em>SOSUNC, una obra social gestionada por sus afiliados\/as.<\/em><\/p>\n","protected":false},"excerpt":{"rendered":"<p>D\u00eda Mundial de la Diabetes Cada 14 de noviembre, se conmemora el D\u00eda Mundial de la Diabetes, una enfermedad cr\u00f3nica y silenciosa que afecta a una parte importante de la poblaci\u00f3n\u00a0 y tiene graves consecuencias en la salud. Con un trabajo de prevenci\u00f3n adecuado, es posible reducir sus riesgos.\u00a0 Un d\u00eda al a\u00f1o no alcanza [&hellip;]<\/p>\n","protected":false},"author":3,"featured_media":5000,"comment_status":"closed","ping_status":"closed","sticky":false,"template":"","format":"standard","meta":{"_coblocks_attr":"","_coblocks_dimensions":"","_coblocks_responsive_height":"","_coblocks_accordion_ie_support":"","footnotes":""},"categories":[22],"tags":[],"class_list":["post-4999","post","type-post","status-publish","format-standard","has-post-thumbnail","hentry","category-novedades-sosunc"],"yoast_head":"<!-- This site is optimized with the Yoast SEO plugin v26.5 - https:\/\/yoast.com\/wordpress\/plugins\/seo\/ -->\n<title>D\u00eda Mundial de la Diabetes - SOSUNC<\/title>\n<meta name=\"robots\" content=\"index, follow, max-snippet:-1, max-image-preview:large, max-video-preview:-1\" \/>\n<link rel=\"canonical\" href=\"https:\/\/www.sosunc.org.ar\/web\/?p=4999\" \/>\n<meta property=\"og:locale\" content=\"es_ES\" \/>\n<meta property=\"og:type\" content=\"article\" \/>\n<meta property=\"og:title\" content=\"D\u00eda Mundial de la Diabetes - SOSUNC\" \/>\n<meta property=\"og:description\" content=\"D\u00eda Mundial de la Diabetes Cada 14 de noviembre, se conmemora el D\u00eda Mundial de la Diabetes, una enfermedad cr\u00f3nica y silenciosa que afecta a una parte importante de la poblaci\u00f3n\u00a0 y tiene graves consecuencias en la salud. Con un trabajo de prevenci\u00f3n adecuado, es posible reducir sus riesgos.\u00a0 Un d\u00eda al a\u00f1o no alcanza [&hellip;]\" \/>\n<meta property=\"og:url\" content=\"https:\/\/www.sosunc.org.ar\/web\/?p=4999\" \/>\n<meta property=\"og:site_name\" content=\"SOSUNC\" \/>\n<meta property=\"article:publisher\" content=\"https:\/\/www.facebook.com\/sosunc.unco\" \/>\n<meta property=\"article:author\" content=\"https:\/\/www.facebook.com\/sosunc.unco\" \/>\n<meta property=\"article:published_time\" content=\"2022-11-14T11:56:59+00:00\" \/>\n<meta property=\"article:modified_time\" content=\"2022-11-18T14:56:46+00:00\" \/>\n<meta property=\"og:image\" content=\"http:\/\/192.9.200.18\/wordpress\/wp-content\/uploads\/2022\/11\/1.png\" \/>\n\t<meta property=\"og:image:width\" content=\"1055\" \/>\n\t<meta property=\"og:image:height\" content=\"1055\" \/>\n\t<meta property=\"og:image:type\" content=\"image\/png\" \/>\n<meta name=\"author\" content=\"Comunicaci\u00f3n SOSUNC\" \/>\n<meta name=\"twitter:card\" content=\"summary_large_image\" \/>\n<meta name=\"twitter:label1\" content=\"Escrito por\" \/>\n\t<meta name=\"twitter:data1\" content=\"Comunicaci\u00f3n SOSUNC\" \/>\n\t<meta name=\"twitter:label2\" content=\"Tiempo de lectura\" \/>\n\t<meta name=\"twitter:data2\" content=\"2 minutos\" \/>\n<script type=\"application\/ld+json\" class=\"yoast-schema-graph\">{\"@context\":\"https:\/\/schema.org\",\"@graph\":[{\"@type\":\"Article\",\"@id\":\"https:\/\/www.sosunc.org.ar\/web\/?p=4999#article\",\"isPartOf\":{\"@id\":\"https:\/\/www.sosunc.org.ar\/web\/?p=4999\"},\"author\":{\"name\":\"Comunicaci\u00f3n SOSUNC\",\"@id\":\"https:\/\/www.sosunc.org.ar\/web\/#\/schema\/person\/cb1a199a4e9d3cd4d50fe973caac0985\"},\"headline\":\"D\u00eda Mundial de la Diabetes\",\"datePublished\":\"2022-11-14T11:56:59+00:00\",\"dateModified\":\"2022-11-18T14:56:46+00:00\",\"mainEntityOfPage\":{\"@id\":\"https:\/\/www.sosunc.org.ar\/web\/?p=4999\"},\"wordCount\":337,\"publisher\":{\"@id\":\"https:\/\/www.sosunc.org.ar\/web\/#organization\"},\"image\":{\"@id\":\"https:\/\/www.sosunc.org.ar\/web\/?p=4999#primaryimage\"},\"thumbnailUrl\":\"https:\/\/192.9.200.18\/wordpress\/wp-content\/uploads\/2022\/11\/1.png\",\"articleSection\":[\"novedades-sosunc\"],\"inLanguage\":\"es-AR\"},{\"@type\":\"WebPage\",\"@id\":\"https:\/\/www.sosunc.org.ar\/web\/?p=4999\",\"url\":\"https:\/\/www.sosunc.org.ar\/web\/?p=4999\",\"name\":\"D\u00eda Mundial de la Diabetes - SOSUNC\",\"isPartOf\":{\"@id\":\"https:\/\/www.sosunc.org.ar\/web\/#website\"},\"primaryImageOfPage\":{\"@id\":\"https:\/\/www.sosunc.org.ar\/web\/?p=4999#primaryimage\"},\"image\":{\"@id\":\"https:\/\/www.sosunc.org.ar\/web\/?p=4999#primaryimage\"},\"thumbnailUrl\":\"https:\/\/192.9.200.18\/wordpress\/wp-content\/uploads\/2022\/11\/1.png\",\"datePublished\":\"2022-11-14T11:56:59+00:00\",\"dateModified\":\"2022-11-18T14:56:46+00:00\",\"breadcrumb\":{\"@id\":\"https:\/\/www.sosunc.org.ar\/web\/?p=4999#breadcrumb\"},\"inLanguage\":\"es-AR\",\"potentialAction\":[{\"@type\":\"ReadAction\",\"target\":[\"https:\/\/www.sosunc.org.ar\/web\/?p=4999\"]}]},{\"@type\":\"ImageObject\",\"inLanguage\":\"es-AR\",\"@id\":\"https:\/\/www.sosunc.org.ar\/web\/?p=4999#primaryimage\",\"url\":\"https:\/\/192.9.200.18\/wordpress\/wp-content\/uploads\/2022\/11\/1.png\",\"contentUrl\":\"https:\/\/192.9.200.18\/wordpress\/wp-content\/uploads\/2022\/11\/1.png\",\"width\":1055,\"height\":1055},{\"@type\":\"BreadcrumbList\",\"@id\":\"https:\/\/www.sosunc.org.ar\/web\/?p=4999#breadcrumb\",\"itemListElement\":[{\"@type\":\"ListItem\",\"position\":1,\"name\":\"Inicio\",\"item\":\"https:\/\/www.sosunc.org.ar\/web\/\"},{\"@type\":\"ListItem\",\"position\":2,\"name\":\"D\u00eda Mundial de la Diabetes\"}]},{\"@type\":\"WebSite\",\"@id\":\"https:\/\/www.sosunc.org.ar\/web\/#website\",\"url\":\"https:\/\/www.sosunc.org.ar\/web\/\",\"name\":\"SOSUNC\",\"description\":\"Servicio de Obra Social de la Universidad Nacional del Comahue\",\"publisher\":{\"@id\":\"https:\/\/www.sosunc.org.ar\/web\/#organization\"},\"potentialAction\":[{\"@type\":\"SearchAction\",\"target\":{\"@type\":\"EntryPoint\",\"urlTemplate\":\"https:\/\/www.sosunc.org.ar\/web\/?s={search_term_string}\"},\"query-input\":{\"@type\":\"PropertyValueSpecification\",\"valueRequired\":true,\"valueName\":\"search_term_string\"}}],\"inLanguage\":\"es-AR\"},{\"@type\":\"Organization\",\"@id\":\"https:\/\/www.sosunc.org.ar\/web\/#organization\",\"name\":\"Servicio de Obra Social Universidad Nacional del Comahue\",\"url\":\"https:\/\/www.sosunc.org.ar\/web\/\",\"logo\":{\"@type\":\"ImageObject\",\"inLanguage\":\"es-AR\",\"@id\":\"https:\/\/www.sosunc.org.ar\/web\/#\/schema\/logo\/image\/\",\"url\":\"https:\/\/192.9.200.18\/wordpress\/wp-content\/uploads\/2022\/06\/logososunc.png\",\"contentUrl\":\"https:\/\/192.9.200.18\/wordpress\/wp-content\/uploads\/2022\/06\/logososunc.png\",\"width\":333,\"height\":333,\"caption\":\"Servicio de Obra Social Universidad Nacional del Comahue\"},\"image\":{\"@id\":\"https:\/\/www.sosunc.org.ar\/web\/#\/schema\/logo\/image\/\"},\"sameAs\":[\"https:\/\/www.facebook.com\/sosunc.unco\"]},{\"@type\":\"Person\",\"@id\":\"https:\/\/www.sosunc.org.ar\/web\/#\/schema\/person\/cb1a199a4e9d3cd4d50fe973caac0985\",\"name\":\"Comunicaci\u00f3n SOSUNC\",\"image\":{\"@type\":\"ImageObject\",\"inLanguage\":\"es-AR\",\"@id\":\"https:\/\/www.sosunc.org.ar\/web\/#\/schema\/person\/image\/\",\"url\":\"https:\/\/secure.gravatar.com\/avatar\/4287850329e836b922e780de7b869301223afe7f2dc5f72c6b1f8d017d1b050b?s=96&d=mm&r=g\",\"contentUrl\":\"https:\/\/secure.gravatar.com\/avatar\/4287850329e836b922e780de7b869301223afe7f2dc5f72c6b1f8d017d1b050b?s=96&d=mm&r=g\",\"caption\":\"Comunicaci\u00f3n SOSUNC\"},\"sameAs\":[\"https:\/\/www.facebook.com\/sosunc.unco\",\"https:\/\/www.instagram.com\/sosunc.unco\/\"],\"url\":\"https:\/\/www.sosunc.org.ar\/web\/?author=3\"}]}<\/script>\n<!-- \/ Yoast SEO plugin. -->","yoast_head_json":{"title":"D\u00eda Mundial de la Diabetes - SOSUNC","robots":{"index":"index","follow":"follow","max-snippet":"max-snippet:-1","max-image-preview":"max-image-preview:large","max-video-preview":"max-video-preview:-1"},"canonical":"https:\/\/www.sosunc.org.ar\/web\/?p=4999","og_locale":"es_ES","og_type":"article","og_title":"D\u00eda Mundial de la Diabetes - SOSUNC","og_description":"D\u00eda Mundial de la Diabetes Cada 14 de noviembre, se conmemora el D\u00eda Mundial de la Diabetes, una enfermedad cr\u00f3nica y silenciosa que afecta a una parte importante de la poblaci\u00f3n\u00a0 y tiene graves consecuencias en la salud. Con un trabajo de prevenci\u00f3n adecuado, es posible reducir sus riesgos.\u00a0 Un d\u00eda al a\u00f1o no alcanza [&hellip;]","og_url":"https:\/\/www.sosunc.org.ar\/web\/?p=4999","og_site_name":"SOSUNC","article_publisher":"https:\/\/www.facebook.com\/sosunc.unco","article_author":"https:\/\/www.facebook.com\/sosunc.unco","article_published_time":"2022-11-14T11:56:59+00:00","article_modified_time":"2022-11-18T14:56:46+00:00","og_image":[{"width":1055,"height":1055,"url":"http:\/\/192.9.200.18\/wordpress\/wp-content\/uploads\/2022\/11\/1.png","type":"image\/png"}],"author":"Comunicaci\u00f3n SOSUNC","twitter_card":"summary_large_image","twitter_misc":{"Escrito por":"Comunicaci\u00f3n SOSUNC","Tiempo de lectura":"2 minutos"},"schema":{"@context":"https:\/\/schema.org","@graph":[{"@type":"Article","@id":"https:\/\/www.sosunc.org.ar\/web\/?p=4999#article","isPartOf":{"@id":"https:\/\/www.sosunc.org.ar\/web\/?p=4999"},"author":{"name":"Comunicaci\u00f3n SOSUNC","@id":"https:\/\/www.sosunc.org.ar\/web\/#\/schema\/person\/cb1a199a4e9d3cd4d50fe973caac0985"},"headline":"D\u00eda Mundial de la Diabetes","datePublished":"2022-11-14T11:56:59+00:00","dateModified":"2022-11-18T14:56:46+00:00","mainEntityOfPage":{"@id":"https:\/\/www.sosunc.org.ar\/web\/?p=4999"},"wordCount":337,"publisher":{"@id":"https:\/\/www.sosunc.org.ar\/web\/#organization"},"image":{"@id":"https:\/\/www.sosunc.org.ar\/web\/?p=4999#primaryimage"},"thumbnailUrl":"https:\/\/192.9.200.18\/wordpress\/wp-content\/uploads\/2022\/11\/1.png","articleSection":["novedades-sosunc"],"inLanguage":"es-AR"},{"@type":"WebPage","@id":"https:\/\/www.sosunc.org.ar\/web\/?p=4999","url":"https:\/\/www.sosunc.org.ar\/web\/?p=4999","name":"D\u00eda Mundial de la Diabetes - SOSUNC","isPartOf":{"@id":"https:\/\/www.sosunc.org.ar\/web\/#website"},"primaryImageOfPage":{"@id":"https:\/\/www.sosunc.org.ar\/web\/?p=4999#primaryimage"},"image":{"@id":"https:\/\/www.sosunc.org.ar\/web\/?p=4999#primaryimage"},"thumbnailUrl":"https:\/\/192.9.200.18\/wordpress\/wp-content\/uploads\/2022\/11\/1.png","datePublished":"2022-11-14T11:56:59+00:00","dateModified":"2022-11-18T14:56:46+00:00","breadcrumb":{"@id":"https:\/\/www.sosunc.org.ar\/web\/?p=4999#breadcrumb"},"inLanguage":"es-AR","potentialAction":[{"@type":"ReadAction","target":["https:\/\/www.sosunc.org.ar\/web\/?p=4999"]}]},{"@type":"ImageObject","inLanguage":"es-AR","@id":"https:\/\/www.sosunc.org.ar\/web\/?p=4999#primaryimage","url":"https:\/\/192.9.200.18\/wordpress\/wp-content\/uploads\/2022\/11\/1.png","contentUrl":"https:\/\/192.9.200.18\/wordpress\/wp-content\/uploads\/2022\/11\/1.png","width":1055,"height":1055},{"@type":"BreadcrumbList","@id":"https:\/\/www.sosunc.org.ar\/web\/?p=4999#breadcrumb","itemListElement":[{"@type":"ListItem","position":1,"name":"Inicio","item":"https:\/\/www.sosunc.org.ar\/web\/"},{"@type":"ListItem","position":2,"name":"D\u00eda Mundial de la Diabetes"}]},{"@type":"WebSite","@id":"https:\/\/www.sosunc.org.ar\/web\/#website","url":"https:\/\/www.sosunc.org.ar\/web\/","name":"SOSUNC","description":"Servicio de Obra Social de la Universidad Nacional del Comahue","publisher":{"@id":"https:\/\/www.sosunc.org.ar\/web\/#organization"},"potentialAction":[{"@type":"SearchAction","target":{"@type":"EntryPoint","urlTemplate":"https:\/\/www.sosunc.org.ar\/web\/?s={search_term_string}"},"query-input":{"@type":"PropertyValueSpecification","valueRequired":true,"valueName":"search_term_string"}}],"inLanguage":"es-AR"},{"@type":"Organization","@id":"https:\/\/www.sosunc.org.ar\/web\/#organization","name":"Servicio de Obra Social Universidad Nacional del Comahue","url":"https:\/\/www.sosunc.org.ar\/web\/","logo":{"@type":"ImageObject","inLanguage":"es-AR","@id":"https:\/\/www.sosunc.org.ar\/web\/#\/schema\/logo\/image\/","url":"https:\/\/192.9.200.18\/wordpress\/wp-content\/uploads\/2022\/06\/logososunc.png","contentUrl":"https:\/\/192.9.200.18\/wordpress\/wp-content\/uploads\/2022\/06\/logososunc.png","width":333,"height":333,"caption":"Servicio de Obra Social Universidad Nacional del Comahue"},"image":{"@id":"https:\/\/www.sosunc.org.ar\/web\/#\/schema\/logo\/image\/"},"sameAs":["https:\/\/www.facebook.com\/sosunc.unco"]},{"@type":"Person","@id":"https:\/\/www.sosunc.org.ar\/web\/#\/schema\/person\/cb1a199a4e9d3cd4d50fe973caac0985","name":"Comunicaci\u00f3n SOSUNC","image":{"@type":"ImageObject","inLanguage":"es-AR","@id":"https:\/\/www.sosunc.org.ar\/web\/#\/schema\/person\/image\/","url":"https:\/\/secure.gravatar.com\/avatar\/4287850329e836b922e780de7b869301223afe7f2dc5f72c6b1f8d017d1b050b?s=96&d=mm&r=g","contentUrl":"https:\/\/secure.gravatar.com\/avatar\/4287850329e836b922e780de7b869301223afe7f2dc5f72c6b1f8d017d1b050b?s=96&d=mm&r=g","caption":"Comunicaci\u00f3n SOSUNC"},"sameAs":["https:\/\/www.facebook.com\/sosunc.unco","https:\/\/www.instagram.com\/sosunc.unco\/"],"url":"https:\/\/www.sosunc.org.ar\/web\/?author=3"}]}},"_links":{"self":[{"href":"https:\/\/www.sosunc.org.ar\/web\/index.php?rest_route=\/wp\/v2\/posts\/4999","targetHints":{"allow":["GET"]}}],"collection":[{"href":"https:\/\/www.sosunc.org.ar\/web\/index.php?rest_route=\/wp\/v2\/posts"}],"about":[{"href":"https:\/\/www.sosunc.org.ar\/web\/index.php?rest_route=\/wp\/v2\/types\/post"}],"author":[{"embeddable":true,"href":"https:\/\/www.sosunc.org.ar\/web\/index.php?rest_route=\/wp\/v2\/users\/3"}],"replies":[{"embeddable":true,"href":"https:\/\/www.sosunc.org.ar\/web\/index.php?rest_route=%2Fwp%2Fv2%2Fcomments&post=4999"}],"version-history":[{"count":4,"href":"https:\/\/www.sosunc.org.ar\/web\/index.php?rest_route=\/wp\/v2\/posts\/4999\/revisions"}],"predecessor-version":[{"id":5020,"href":"https:\/\/www.sosunc.org.ar\/web\/index.php?rest_route=\/wp\/v2\/posts\/4999\/revisions\/5020"}],"wp:featuredmedia":[{"embeddable":true,"href":"https:\/\/www.sosunc.org.ar\/web\/index.php?rest_route=\/wp\/v2\/media\/5000"}],"wp:attachment":[{"href":"https:\/\/www.sosunc.org.ar\/web\/index.php?rest_route=%2Fwp%2Fv2%2Fmedia&parent=4999"}],"wp:term":[{"taxonomy":"category","embeddable":true,"href":"https:\/\/www.sosunc.org.ar\/web\/index.php?rest_route=%2Fwp%2Fv2%2Fcategories&post=4999"},{"taxonomy":"post_tag","embeddable":true,"href":"https:\/\/www.sosunc.org.ar\/web\/index.php?rest_route=%2Fwp%2Fv2%2Ftags&post=4999"}],"curies":[{"name":"wp","href":"https:\/\/api.w.org\/{rel}","templated":true}]}}