{"id":3225,"date":"2022-05-13T09:00:00","date_gmt":"2022-05-13T12:00:00","guid":{"rendered":"http:\/\/192.9.200.18\/wordpress\/?p=3225"},"modified":"2022-05-12T09:23:44","modified_gmt":"2022-05-12T12:23:44","slug":"mayo-mes-libre-de-tabaco-3","status":"publish","type":"post","link":"https:\/\/www.sosunc.org.ar\/web\/?p=3225","title":{"rendered":"Mayo | Mes libre de tabaco"},"content":{"rendered":"\n<p>El consumo de tabaco es un problema de salud p\u00fablica. Uno de cada cuatro fumadores muere de c\u00e1ncer antes de cumplir los 60 a\u00f1os.\u00a0<\/p>\n\n\n\n<p>Durante el mes de mayo, desde SOSUNC te explicaremos qu\u00e9 pasa en tu cuerpo con el cigarrillo y c\u00f3mo se supera la dependencia del tabaco. Tambi\u00e9n pod\u00e9s consultar sobre los tratamientos y coberturas que ofrece la Farmacia Universitaria.&nbsp;<\/p>\n\n\n\n<p>Cuid\u00e1 tu salud, tu obra social te acompa\u00f1a.\u00a0<\/p>\n\n\n\n<h4 class=\"wp-block-heading\">\u00bfQu\u00e9 te ocurre cuando ten\u00e9s una adicci\u00f3n?<\/h4>\n\n\n\n<ol class=\"wp-block-list\"><li>El verdadero problema de la adicci\u00f3n es que el cerebro, en el proceso de liberar dopamina, tiende a volverse menos sensible. Entonces, para experimentar la misma sensaci\u00f3n, son necesarias mayores dosis de\u00a0 nicotina.<\/li><li>En consecuencia, dejar de fumar\u00a0 es muy dif\u00edcil a nivel bioqu\u00edmico. Adem\u00e1s, las adicciones tienen un fuerte componente psicol\u00f3gico.<\/li><\/ol>\n\n\n\n<p>El test de Fagerstr\u00f6m, creado en 1978, sirve como un indicador sobre los niveles de adicci\u00f3n a la nicotina. Si fum\u00e1s, te proponemos que hagas esta prueba y se la muestres a tu m\u00e9dico o m\u00e9dica de confianza.\u00a0Ingres\u00e1 <a href=\"http:\/\/192.9.200.18\/wordpress\/wp-content\/uploads\/2022\/05\/test-nicotina.png\" target=\"_blank\" rel=\"noreferrer noopener\">aqu\u00ed <\/a>para responder y <a href=\"http:\/\/192.9.200.18\/wordpress\/wp-content\/uploads\/2022\/05\/test-nicotina-2.png\" target=\"_blank\" rel=\"noreferrer noopener\">aqu\u00ed<\/a> para ver tu resultado.<\/p>\n\n\n\n<p>Si ya no quer\u00e9s consumir cigarrillos, consult\u00e1 a un profesional de la salud.&nbsp;<\/p>\n\n\n\n<p><em>SOSUNC, una obra social gestionada por sus afiliados\/as.\u00a0<\/em><\/p>\n\n\n\n<figure class=\"wp-block-image size-large\"><img loading=\"lazy\" decoding=\"async\" width=\"1024\" height=\"703\" src=\"http:\/\/192.9.200.18\/wordpress\/wp-content\/uploads\/2022\/05\/tabaco-final-1024x703.png\" alt=\"\" class=\"wp-image-3165\"\/><\/figure>\n","protected":false},"excerpt":{"rendered":"<p>El consumo de tabaco es un problema de salud p\u00fablica. Uno de cada cuatro fumadores muere de c\u00e1ncer antes de cumplir los 60 a\u00f1os.\u00a0 Durante el mes de mayo, desde SOSUNC te explicaremos qu\u00e9 pasa en tu cuerpo con el cigarrillo y c\u00f3mo se supera la dependencia del tabaco. Tambi\u00e9n pod\u00e9s consultar sobre los tratamientos [&hellip;]<\/p>\n","protected":false},"author":3,"featured_media":3228,"comment_status":"open","ping_status":"open","sticky":false,"template":"","format":"standard","meta":{"_coblocks_attr":"","_coblocks_dimensions":"","_coblocks_responsive_height":"","_coblocks_accordion_ie_support":"","footnotes":""},"categories":[22],"tags":[93,91],"class_list":["post-3225","post","type-post","status-publish","format-standard","has-post-thumbnail","hentry","category-novedades-sosunc","tag-nicotina","tag-tabaco"],"yoast_head":"<!-- This site is optimized with the Yoast SEO plugin v26.5 - https:\/\/yoast.com\/wordpress\/plugins\/seo\/ -->\n<title>Mayo | Mes libre de tabaco - SOSUNC<\/title>\n<meta name=\"robots\" content=\"index, follow, max-snippet:-1, max-image-preview:large, max-video-preview:-1\" \/>\n<link rel=\"canonical\" href=\"https:\/\/www.sosunc.org.ar\/web\/?p=3225\" \/>\n<meta property=\"og:locale\" content=\"es_ES\" \/>\n<meta property=\"og:type\" content=\"article\" \/>\n<meta property=\"og:title\" content=\"Mayo | Mes libre de tabaco - SOSUNC\" \/>\n<meta property=\"og:description\" content=\"El consumo de tabaco es un problema de salud p\u00fablica. Uno de cada cuatro fumadores muere de c\u00e1ncer antes de cumplir los 60 a\u00f1os.\u00a0 Durante el mes de mayo, desde SOSUNC te explicaremos qu\u00e9 pasa en tu cuerpo con el cigarrillo y c\u00f3mo se supera la dependencia del tabaco. Tambi\u00e9n pod\u00e9s consultar sobre los tratamientos [&hellip;]\" \/>\n<meta property=\"og:url\" content=\"https:\/\/www.sosunc.org.ar\/web\/?p=3225\" \/>\n<meta property=\"og:site_name\" content=\"SOSUNC\" \/>\n<meta property=\"article:publisher\" content=\"https:\/\/www.facebook.com\/sosunc.unco\" \/>\n<meta property=\"article:author\" content=\"https:\/\/www.facebook.com\/sosunc.unco\" \/>\n<meta property=\"article:published_time\" content=\"2022-05-13T12:00:00+00:00\" \/>\n<meta property=\"og:image\" content=\"https:\/\/192.9.200.18\/wordpress\/wp-content\/uploads\/2022\/05\/Tabaco-4-e1652357284864.png\" \/>\n\t<meta property=\"og:image:width\" content=\"1000\" \/>\n\t<meta property=\"og:image:height\" content=\"687\" \/>\n\t<meta property=\"og:image:type\" content=\"image\/png\" \/>\n<meta name=\"author\" content=\"Comunicaci\u00f3n SOSUNC\" \/>\n<meta name=\"twitter:card\" content=\"summary_large_image\" \/>\n<meta name=\"twitter:label1\" content=\"Escrito por\" \/>\n\t<meta name=\"twitter:data1\" content=\"Comunicaci\u00f3n SOSUNC\" \/>\n\t<meta name=\"twitter:label2\" content=\"Tiempo de lectura\" \/>\n\t<meta name=\"twitter:data2\" content=\"2 minutos\" \/>\n<script type=\"application\/ld+json\" class=\"yoast-schema-graph\">{\"@context\":\"https:\/\/schema.org\",\"@graph\":[{\"@type\":\"Article\",\"@id\":\"https:\/\/www.sosunc.org.ar\/web\/?p=3225#article\",\"isPartOf\":{\"@id\":\"https:\/\/www.sosunc.org.ar\/web\/?p=3225\"},\"author\":{\"name\":\"Comunicaci\u00f3n SOSUNC\",\"@id\":\"https:\/\/www.sosunc.org.ar\/web\/#\/schema\/person\/cb1a199a4e9d3cd4d50fe973caac0985\"},\"headline\":\"Mayo | Mes libre de tabaco\",\"datePublished\":\"2022-05-13T12:00:00+00:00\",\"mainEntityOfPage\":{\"@id\":\"https:\/\/www.sosunc.org.ar\/web\/?p=3225\"},\"wordCount\":225,\"commentCount\":0,\"publisher\":{\"@id\":\"https:\/\/www.sosunc.org.ar\/web\/#organization\"},\"image\":{\"@id\":\"https:\/\/www.sosunc.org.ar\/web\/?p=3225#primaryimage\"},\"thumbnailUrl\":\"https:\/\/192.9.200.18\/wordpress\/wp-content\/uploads\/2022\/05\/Tabaco-4-e1652357284864.png\",\"keywords\":[\"nicotina\",\"tabaco\"],\"articleSection\":[\"novedades-sosunc\"],\"inLanguage\":\"es-AR\",\"potentialAction\":[{\"@type\":\"CommentAction\",\"name\":\"Comment\",\"target\":[\"https:\/\/www.sosunc.org.ar\/web\/?p=3225#respond\"]}]},{\"@type\":\"WebPage\",\"@id\":\"https:\/\/www.sosunc.org.ar\/web\/?p=3225\",\"url\":\"https:\/\/www.sosunc.org.ar\/web\/?p=3225\",\"name\":\"Mayo | Mes libre de tabaco - SOSUNC\",\"isPartOf\":{\"@id\":\"https:\/\/www.sosunc.org.ar\/web\/#website\"},\"primaryImageOfPage\":{\"@id\":\"https:\/\/www.sosunc.org.ar\/web\/?p=3225#primaryimage\"},\"image\":{\"@id\":\"https:\/\/www.sosunc.org.ar\/web\/?p=3225#primaryimage\"},\"thumbnailUrl\":\"https:\/\/192.9.200.18\/wordpress\/wp-content\/uploads\/2022\/05\/Tabaco-4-e1652357284864.png\",\"datePublished\":\"2022-05-13T12:00:00+00:00\",\"breadcrumb\":{\"@id\":\"https:\/\/www.sosunc.org.ar\/web\/?p=3225#breadcrumb\"},\"inLanguage\":\"es-AR\",\"potentialAction\":[{\"@type\":\"ReadAction\",\"target\":[\"https:\/\/www.sosunc.org.ar\/web\/?p=3225\"]}]},{\"@type\":\"ImageObject\",\"inLanguage\":\"es-AR\",\"@id\":\"https:\/\/www.sosunc.org.ar\/web\/?p=3225#primaryimage\",\"url\":\"https:\/\/192.9.200.18\/wordpress\/wp-content\/uploads\/2022\/05\/Tabaco-4-e1652357284864.png\",\"contentUrl\":\"https:\/\/192.9.200.18\/wordpress\/wp-content\/uploads\/2022\/05\/Tabaco-4-e1652357284864.png\",\"width\":1000,\"height\":687},{\"@type\":\"BreadcrumbList\",\"@id\":\"https:\/\/www.sosunc.org.ar\/web\/?p=3225#breadcrumb\",\"itemListElement\":[{\"@type\":\"ListItem\",\"position\":1,\"name\":\"Inicio\",\"item\":\"https:\/\/www.sosunc.org.ar\/web\/\"},{\"@type\":\"ListItem\",\"position\":2,\"name\":\"Mayo | Mes libre de tabaco\"}]},{\"@type\":\"WebSite\",\"@id\":\"https:\/\/www.sosunc.org.ar\/web\/#website\",\"url\":\"https:\/\/www.sosunc.org.ar\/web\/\",\"name\":\"SOSUNC\",\"description\":\"Servicio de Obra Social de la Universidad Nacional del Comahue\",\"publisher\":{\"@id\":\"https:\/\/www.sosunc.org.ar\/web\/#organization\"},\"potentialAction\":[{\"@type\":\"SearchAction\",\"target\":{\"@type\":\"EntryPoint\",\"urlTemplate\":\"https:\/\/www.sosunc.org.ar\/web\/?s={search_term_string}\"},\"query-input\":{\"@type\":\"PropertyValueSpecification\",\"valueRequired\":true,\"valueName\":\"search_term_string\"}}],\"inLanguage\":\"es-AR\"},{\"@type\":\"Organization\",\"@id\":\"https:\/\/www.sosunc.org.ar\/web\/#organization\",\"name\":\"Servicio de Obra Social Universidad Nacional del Comahue\",\"url\":\"https:\/\/www.sosunc.org.ar\/web\/\",\"logo\":{\"@type\":\"ImageObject\",\"inLanguage\":\"es-AR\",\"@id\":\"https:\/\/www.sosunc.org.ar\/web\/#\/schema\/logo\/image\/\",\"url\":\"https:\/\/192.9.200.18\/wordpress\/wp-content\/uploads\/2022\/06\/logososunc.png\",\"contentUrl\":\"https:\/\/192.9.200.18\/wordpress\/wp-content\/uploads\/2022\/06\/logososunc.png\",\"width\":333,\"height\":333,\"caption\":\"Servicio de Obra Social Universidad Nacional del Comahue\"},\"image\":{\"@id\":\"https:\/\/www.sosunc.org.ar\/web\/#\/schema\/logo\/image\/\"},\"sameAs\":[\"https:\/\/www.facebook.com\/sosunc.unco\"]},{\"@type\":\"Person\",\"@id\":\"https:\/\/www.sosunc.org.ar\/web\/#\/schema\/person\/cb1a199a4e9d3cd4d50fe973caac0985\",\"name\":\"Comunicaci\u00f3n SOSUNC\",\"image\":{\"@type\":\"ImageObject\",\"inLanguage\":\"es-AR\",\"@id\":\"https:\/\/www.sosunc.org.ar\/web\/#\/schema\/person\/image\/\",\"url\":\"https:\/\/secure.gravatar.com\/avatar\/4287850329e836b922e780de7b869301223afe7f2dc5f72c6b1f8d017d1b050b?s=96&d=mm&r=g\",\"contentUrl\":\"https:\/\/secure.gravatar.com\/avatar\/4287850329e836b922e780de7b869301223afe7f2dc5f72c6b1f8d017d1b050b?s=96&d=mm&r=g\",\"caption\":\"Comunicaci\u00f3n SOSUNC\"},\"sameAs\":[\"https:\/\/www.facebook.com\/sosunc.unco\",\"https:\/\/www.instagram.com\/sosunc.unco\/\"],\"url\":\"https:\/\/www.sosunc.org.ar\/web\/?author=3\"}]}<\/script>\n<!-- \/ Yoast SEO plugin. -->","yoast_head_json":{"title":"Mayo | Mes libre de tabaco - SOSUNC","robots":{"index":"index","follow":"follow","max-snippet":"max-snippet:-1","max-image-preview":"max-image-preview:large","max-video-preview":"max-video-preview:-1"},"canonical":"https:\/\/www.sosunc.org.ar\/web\/?p=3225","og_locale":"es_ES","og_type":"article","og_title":"Mayo | Mes libre de tabaco - SOSUNC","og_description":"El consumo de tabaco es un problema de salud p\u00fablica. Uno de cada cuatro fumadores muere de c\u00e1ncer antes de cumplir los 60 a\u00f1os.\u00a0 Durante el mes de mayo, desde SOSUNC te explicaremos qu\u00e9 pasa en tu cuerpo con el cigarrillo y c\u00f3mo se supera la dependencia del tabaco. Tambi\u00e9n pod\u00e9s consultar sobre los tratamientos [&hellip;]","og_url":"https:\/\/www.sosunc.org.ar\/web\/?p=3225","og_site_name":"SOSUNC","article_publisher":"https:\/\/www.facebook.com\/sosunc.unco","article_author":"https:\/\/www.facebook.com\/sosunc.unco","article_published_time":"2022-05-13T12:00:00+00:00","og_image":[{"width":1000,"height":687,"url":"https:\/\/192.9.200.18\/wordpress\/wp-content\/uploads\/2022\/05\/Tabaco-4-e1652357284864.png","type":"image\/png"}],"author":"Comunicaci\u00f3n SOSUNC","twitter_card":"summary_large_image","twitter_misc":{"Escrito por":"Comunicaci\u00f3n SOSUNC","Tiempo de lectura":"2 minutos"},"schema":{"@context":"https:\/\/schema.org","@graph":[{"@type":"Article","@id":"https:\/\/www.sosunc.org.ar\/web\/?p=3225#article","isPartOf":{"@id":"https:\/\/www.sosunc.org.ar\/web\/?p=3225"},"author":{"name":"Comunicaci\u00f3n SOSUNC","@id":"https:\/\/www.sosunc.org.ar\/web\/#\/schema\/person\/cb1a199a4e9d3cd4d50fe973caac0985"},"headline":"Mayo | Mes libre de tabaco","datePublished":"2022-05-13T12:00:00+00:00","mainEntityOfPage":{"@id":"https:\/\/www.sosunc.org.ar\/web\/?p=3225"},"wordCount":225,"commentCount":0,"publisher":{"@id":"https:\/\/www.sosunc.org.ar\/web\/#organization"},"image":{"@id":"https:\/\/www.sosunc.org.ar\/web\/?p=3225#primaryimage"},"thumbnailUrl":"https:\/\/192.9.200.18\/wordpress\/wp-content\/uploads\/2022\/05\/Tabaco-4-e1652357284864.png","keywords":["nicotina","tabaco"],"articleSection":["novedades-sosunc"],"inLanguage":"es-AR","potentialAction":[{"@type":"CommentAction","name":"Comment","target":["https:\/\/www.sosunc.org.ar\/web\/?p=3225#respond"]}]},{"@type":"WebPage","@id":"https:\/\/www.sosunc.org.ar\/web\/?p=3225","url":"https:\/\/www.sosunc.org.ar\/web\/?p=3225","name":"Mayo | Mes libre de tabaco - SOSUNC","isPartOf":{"@id":"https:\/\/www.sosunc.org.ar\/web\/#website"},"primaryImageOfPage":{"@id":"https:\/\/www.sosunc.org.ar\/web\/?p=3225#primaryimage"},"image":{"@id":"https:\/\/www.sosunc.org.ar\/web\/?p=3225#primaryimage"},"thumbnailUrl":"https:\/\/192.9.200.18\/wordpress\/wp-content\/uploads\/2022\/05\/Tabaco-4-e1652357284864.png","datePublished":"2022-05-13T12:00:00+00:00","breadcrumb":{"@id":"https:\/\/www.sosunc.org.ar\/web\/?p=3225#breadcrumb"},"inLanguage":"es-AR","potentialAction":[{"@type":"ReadAction","target":["https:\/\/www.sosunc.org.ar\/web\/?p=3225"]}]},{"@type":"ImageObject","inLanguage":"es-AR","@id":"https:\/\/www.sosunc.org.ar\/web\/?p=3225#primaryimage","url":"https:\/\/192.9.200.18\/wordpress\/wp-content\/uploads\/2022\/05\/Tabaco-4-e1652357284864.png","contentUrl":"https:\/\/192.9.200.18\/wordpress\/wp-content\/uploads\/2022\/05\/Tabaco-4-e1652357284864.png","width":1000,"height":687},{"@type":"BreadcrumbList","@id":"https:\/\/www.sosunc.org.ar\/web\/?p=3225#breadcrumb","itemListElement":[{"@type":"ListItem","position":1,"name":"Inicio","item":"https:\/\/www.sosunc.org.ar\/web\/"},{"@type":"ListItem","position":2,"name":"Mayo | Mes libre de tabaco"}]},{"@type":"WebSite","@id":"https:\/\/www.sosunc.org.ar\/web\/#website","url":"https:\/\/www.sosunc.org.ar\/web\/","name":"SOSUNC","description":"Servicio de Obra Social de la Universidad Nacional del Comahue","publisher":{"@id":"https:\/\/www.sosunc.org.ar\/web\/#organization"},"potentialAction":[{"@type":"SearchAction","target":{"@type":"EntryPoint","urlTemplate":"https:\/\/www.sosunc.org.ar\/web\/?s={search_term_string}"},"query-input":{"@type":"PropertyValueSpecification","valueRequired":true,"valueName":"search_term_string"}}],"inLanguage":"es-AR"},{"@type":"Organization","@id":"https:\/\/www.sosunc.org.ar\/web\/#organization","name":"Servicio de Obra Social Universidad Nacional del Comahue","url":"https:\/\/www.sosunc.org.ar\/web\/","logo":{"@type":"ImageObject","inLanguage":"es-AR","@id":"https:\/\/www.sosunc.org.ar\/web\/#\/schema\/logo\/image\/","url":"https:\/\/192.9.200.18\/wordpress\/wp-content\/uploads\/2022\/06\/logososunc.png","contentUrl":"https:\/\/192.9.200.18\/wordpress\/wp-content\/uploads\/2022\/06\/logososunc.png","width":333,"height":333,"caption":"Servicio de Obra Social Universidad Nacional del Comahue"},"image":{"@id":"https:\/\/www.sosunc.org.ar\/web\/#\/schema\/logo\/image\/"},"sameAs":["https:\/\/www.facebook.com\/sosunc.unco"]},{"@type":"Person","@id":"https:\/\/www.sosunc.org.ar\/web\/#\/schema\/person\/cb1a199a4e9d3cd4d50fe973caac0985","name":"Comunicaci\u00f3n SOSUNC","image":{"@type":"ImageObject","inLanguage":"es-AR","@id":"https:\/\/www.sosunc.org.ar\/web\/#\/schema\/person\/image\/","url":"https:\/\/secure.gravatar.com\/avatar\/4287850329e836b922e780de7b869301223afe7f2dc5f72c6b1f8d017d1b050b?s=96&d=mm&r=g","contentUrl":"https:\/\/secure.gravatar.com\/avatar\/4287850329e836b922e780de7b869301223afe7f2dc5f72c6b1f8d017d1b050b?s=96&d=mm&r=g","caption":"Comunicaci\u00f3n SOSUNC"},"sameAs":["https:\/\/www.facebook.com\/sosunc.unco","https:\/\/www.instagram.com\/sosunc.unco\/"],"url":"https:\/\/www.sosunc.org.ar\/web\/?author=3"}]}},"_links":{"self":[{"href":"https:\/\/www.sosunc.org.ar\/web\/index.php?rest_route=\/wp\/v2\/posts\/3225","targetHints":{"allow":["GET"]}}],"collection":[{"href":"https:\/\/www.sosunc.org.ar\/web\/index.php?rest_route=\/wp\/v2\/posts"}],"about":[{"href":"https:\/\/www.sosunc.org.ar\/web\/index.php?rest_route=\/wp\/v2\/types\/post"}],"author":[{"embeddable":true,"href":"https:\/\/www.sosunc.org.ar\/web\/index.php?rest_route=\/wp\/v2\/users\/3"}],"replies":[{"embeddable":true,"href":"https:\/\/www.sosunc.org.ar\/web\/index.php?rest_route=%2Fwp%2Fv2%2Fcomments&post=3225"}],"version-history":[{"count":3,"href":"https:\/\/www.sosunc.org.ar\/web\/index.php?rest_route=\/wp\/v2\/posts\/3225\/revisions"}],"predecessor-version":[{"id":3232,"href":"https:\/\/www.sosunc.org.ar\/web\/index.php?rest_route=\/wp\/v2\/posts\/3225\/revisions\/3232"}],"wp:featuredmedia":[{"embeddable":true,"href":"https:\/\/www.sosunc.org.ar\/web\/index.php?rest_route=\/wp\/v2\/media\/3228"}],"wp:attachment":[{"href":"https:\/\/www.sosunc.org.ar\/web\/index.php?rest_route=%2Fwp%2Fv2%2Fmedia&parent=3225"}],"wp:term":[{"taxonomy":"category","embeddable":true,"href":"https:\/\/www.sosunc.org.ar\/web\/index.php?rest_route=%2Fwp%2Fv2%2Fcategories&post=3225"},{"taxonomy":"post_tag","embeddable":true,"href":"https:\/\/www.sosunc.org.ar\/web\/index.php?rest_route=%2Fwp%2Fv2%2Ftags&post=3225"}],"curies":[{"name":"wp","href":"https:\/\/api.w.org\/{rel}","templated":true}]}}