{"id":2743,"date":"2022-02-04T14:14:12","date_gmt":"2022-02-04T17:14:12","guid":{"rendered":"http:\/\/192.9.200.18\/wordpress\/?p=2743"},"modified":"2022-02-04T14:16:23","modified_gmt":"2022-02-04T17:16:23","slug":"visita-camping-sosunc-en-febrero","status":"publish","type":"post","link":"https:\/\/www.sosunc.org.ar\/web\/?p=2743","title":{"rendered":"Visit\u00e1 el Camping SOSUNC en febrero"},"content":{"rendered":"\n<p>Disfrut\u00e1 tus vacaciones en febrero en el Camping SOSUNC de Las Grutas. Tenemos precios promocionales para afiliados y afiliadas de la Obra Social y todas las comodidades para una estad\u00eda en un entorno natural, a metros de la playa.&nbsp;<\/p>\n\n\n\n<p>El Camping SOSUNC tiene una ubicaci\u00f3n privilegiada a pocos pasos del mar, cerca de la bajada La Rinconada de Las Grutas, Es un predio arbolado con mucha sombra, que cuenta con parrillas, un sal\u00f3n con servicio de bufet, duchas con agua caliente y cobertura de WiFi.\u00a0<\/p>\n\n\n\n<p>En febrero, no trabajamos con reservas, aunque se recomienda consultar con la administraci\u00f3n del Camping antes de viajar. Pueden comunicarse todos los d\u00edas, de 8 a 12 y de 16 a 20, al tel\u00e9fono 299 4726296. La misma l\u00ednea recibe mensajes de Whatsapp y tambi\u00e9n tienen disponible el mail&nbsp; <a href=\"mailto:minqn@yahoo.com.ar\">minqn49@yahoo.com.ar<\/a>.<\/p>\n\n\n\n<p>Estamos en la avenida Curru Leuv\u00fa 1170 de Las Grutas, R\u00edo Negro. Buscanos en el mapa<a href=\"https:\/\/goo.gl\/maps\/XKbedRPE7Rrv5nc66\" target=\"_blank\" rel=\"noreferrer noopener\"> ac\u00e1<\/a>. Tambi\u00e9n pod\u00e9s conocer m\u00e1s detalles del Camping en <a href=\"https:\/\/www.sosunc.org.ar\/web\/?page_id=521\" target=\"_blank\" rel=\"noreferrer noopener\">la pesta\u00f1a de Turismo<\/a> de esta web.\u00a0<\/p>\n\n\n\n<p>Visitanos en febrero. La costa te espera.<\/p>\n\n\n\n<p><em>SOSUNC, una obra social gestionada por sus afiliados\/as.<\/em><\/p>\n\n\n\n<figure class=\"wp-block-image size-large\"><img loading=\"lazy\" decoding=\"async\" width=\"1024\" height=\"669\" src=\"http:\/\/192.9.200.18\/wordpress\/wp-content\/uploads\/2022\/02\/tarifas-camping-febrero-1024x669.png\" alt=\"\" class=\"wp-image-2745\"\/><\/figure>\n","protected":false},"excerpt":{"rendered":"<p>Disfrut\u00e1 tus vacaciones en febrero en el Camping SOSUNC de Las Grutas. Tenemos precios promocionales para afiliados y afiliadas de la Obra Social y todas las comodidades para una estad\u00eda en un entorno natural, a metros de la playa.&nbsp; El Camping SOSUNC tiene una ubicaci\u00f3n privilegiada a pocos pasos del mar, cerca de la bajada [&hellip;]<\/p>\n","protected":false},"author":3,"featured_media":2744,"comment_status":"open","ping_status":"open","sticky":false,"template":"","format":"standard","meta":{"_coblocks_attr":"","_coblocks_dimensions":"","_coblocks_responsive_height":"","_coblocks_accordion_ie_support":"","footnotes":""},"categories":[22],"tags":[],"class_list":["post-2743","post","type-post","status-publish","format-standard","has-post-thumbnail","hentry","category-novedades-sosunc"],"yoast_head":"<!-- This site is optimized with the Yoast SEO plugin v26.5 - https:\/\/yoast.com\/wordpress\/plugins\/seo\/ -->\n<title>Visit\u00e1 el Camping SOSUNC en febrero - SOSUNC<\/title>\n<meta name=\"robots\" content=\"index, follow, max-snippet:-1, max-image-preview:large, max-video-preview:-1\" \/>\n<link rel=\"canonical\" href=\"https:\/\/www.sosunc.org.ar\/web\/?p=2743\" \/>\n<meta property=\"og:locale\" content=\"es_ES\" \/>\n<meta property=\"og:type\" content=\"article\" \/>\n<meta property=\"og:title\" content=\"Visit\u00e1 el Camping SOSUNC en febrero - SOSUNC\" \/>\n<meta property=\"og:description\" content=\"Disfrut\u00e1 tus vacaciones en febrero en el Camping SOSUNC de Las Grutas. Tenemos precios promocionales para afiliados y afiliadas de la Obra Social y todas las comodidades para una estad\u00eda en un entorno natural, a metros de la playa.&nbsp; El Camping SOSUNC tiene una ubicaci\u00f3n privilegiada a pocos pasos del mar, cerca de la bajada [&hellip;]\" \/>\n<meta property=\"og:url\" content=\"https:\/\/www.sosunc.org.ar\/web\/?p=2743\" \/>\n<meta property=\"og:site_name\" content=\"SOSUNC\" \/>\n<meta property=\"article:publisher\" content=\"https:\/\/www.facebook.com\/sosunc.unco\" \/>\n<meta property=\"article:author\" content=\"https:\/\/www.facebook.com\/sosunc.unco\" \/>\n<meta property=\"article:published_time\" content=\"2022-02-04T17:14:12+00:00\" \/>\n<meta property=\"article:modified_time\" content=\"2022-02-04T17:16:23+00:00\" \/>\n<meta property=\"og:image\" content=\"https:\/\/192.9.200.18\/wordpress\/wp-content\/uploads\/2022\/02\/placas-camping-lgArtboard-1-e1643994740849.png\" \/>\n\t<meta property=\"og:image:width\" content=\"1000\" \/>\n\t<meta property=\"og:image:height\" content=\"723\" \/>\n\t<meta property=\"og:image:type\" content=\"image\/png\" \/>\n<meta name=\"author\" content=\"Comunicaci\u00f3n SOSUNC\" \/>\n<meta name=\"twitter:card\" content=\"summary_large_image\" \/>\n<meta name=\"twitter:label1\" content=\"Escrito por\" \/>\n\t<meta name=\"twitter:data1\" content=\"Comunicaci\u00f3n SOSUNC\" \/>\n\t<meta name=\"twitter:label2\" content=\"Tiempo de lectura\" \/>\n\t<meta name=\"twitter:data2\" content=\"2 minutos\" \/>\n<script type=\"application\/ld+json\" class=\"yoast-schema-graph\">{\"@context\":\"https:\/\/schema.org\",\"@graph\":[{\"@type\":\"Article\",\"@id\":\"https:\/\/www.sosunc.org.ar\/web\/?p=2743#article\",\"isPartOf\":{\"@id\":\"https:\/\/www.sosunc.org.ar\/web\/?p=2743\"},\"author\":{\"name\":\"Comunicaci\u00f3n SOSUNC\",\"@id\":\"https:\/\/www.sosunc.org.ar\/web\/#\/schema\/person\/cb1a199a4e9d3cd4d50fe973caac0985\"},\"headline\":\"Visit\u00e1 el Camping SOSUNC en febrero\",\"datePublished\":\"2022-02-04T17:14:12+00:00\",\"dateModified\":\"2022-02-04T17:16:23+00:00\",\"mainEntityOfPage\":{\"@id\":\"https:\/\/www.sosunc.org.ar\/web\/?p=2743\"},\"wordCount\":200,\"commentCount\":0,\"publisher\":{\"@id\":\"https:\/\/www.sosunc.org.ar\/web\/#organization\"},\"image\":{\"@id\":\"https:\/\/www.sosunc.org.ar\/web\/?p=2743#primaryimage\"},\"thumbnailUrl\":\"https:\/\/192.9.200.18\/wordpress\/wp-content\/uploads\/2022\/02\/placas-camping-lgArtboard-1-e1643994740849.png\",\"articleSection\":[\"novedades-sosunc\"],\"inLanguage\":\"es-AR\",\"potentialAction\":[{\"@type\":\"CommentAction\",\"name\":\"Comment\",\"target\":[\"https:\/\/www.sosunc.org.ar\/web\/?p=2743#respond\"]}]},{\"@type\":\"WebPage\",\"@id\":\"https:\/\/www.sosunc.org.ar\/web\/?p=2743\",\"url\":\"https:\/\/www.sosunc.org.ar\/web\/?p=2743\",\"name\":\"Visit\u00e1 el Camping SOSUNC en febrero - SOSUNC\",\"isPartOf\":{\"@id\":\"https:\/\/www.sosunc.org.ar\/web\/#website\"},\"primaryImageOfPage\":{\"@id\":\"https:\/\/www.sosunc.org.ar\/web\/?p=2743#primaryimage\"},\"image\":{\"@id\":\"https:\/\/www.sosunc.org.ar\/web\/?p=2743#primaryimage\"},\"thumbnailUrl\":\"https:\/\/192.9.200.18\/wordpress\/wp-content\/uploads\/2022\/02\/placas-camping-lgArtboard-1-e1643994740849.png\",\"datePublished\":\"2022-02-04T17:14:12+00:00\",\"dateModified\":\"2022-02-04T17:16:23+00:00\",\"breadcrumb\":{\"@id\":\"https:\/\/www.sosunc.org.ar\/web\/?p=2743#breadcrumb\"},\"inLanguage\":\"es-AR\",\"potentialAction\":[{\"@type\":\"ReadAction\",\"target\":[\"https:\/\/www.sosunc.org.ar\/web\/?p=2743\"]}]},{\"@type\":\"ImageObject\",\"inLanguage\":\"es-AR\",\"@id\":\"https:\/\/www.sosunc.org.ar\/web\/?p=2743#primaryimage\",\"url\":\"https:\/\/192.9.200.18\/wordpress\/wp-content\/uploads\/2022\/02\/placas-camping-lgArtboard-1-e1643994740849.png\",\"contentUrl\":\"https:\/\/192.9.200.18\/wordpress\/wp-content\/uploads\/2022\/02\/placas-camping-lgArtboard-1-e1643994740849.png\",\"width\":1000,\"height\":723},{\"@type\":\"BreadcrumbList\",\"@id\":\"https:\/\/www.sosunc.org.ar\/web\/?p=2743#breadcrumb\",\"itemListElement\":[{\"@type\":\"ListItem\",\"position\":1,\"name\":\"Inicio\",\"item\":\"https:\/\/www.sosunc.org.ar\/web\/\"},{\"@type\":\"ListItem\",\"position\":2,\"name\":\"Visit\u00e1 el Camping SOSUNC en febrero\"}]},{\"@type\":\"WebSite\",\"@id\":\"https:\/\/www.sosunc.org.ar\/web\/#website\",\"url\":\"https:\/\/www.sosunc.org.ar\/web\/\",\"name\":\"SOSUNC\",\"description\":\"Servicio de Obra Social de la Universidad Nacional del Comahue\",\"publisher\":{\"@id\":\"https:\/\/www.sosunc.org.ar\/web\/#organization\"},\"potentialAction\":[{\"@type\":\"SearchAction\",\"target\":{\"@type\":\"EntryPoint\",\"urlTemplate\":\"https:\/\/www.sosunc.org.ar\/web\/?s={search_term_string}\"},\"query-input\":{\"@type\":\"PropertyValueSpecification\",\"valueRequired\":true,\"valueName\":\"search_term_string\"}}],\"inLanguage\":\"es-AR\"},{\"@type\":\"Organization\",\"@id\":\"https:\/\/www.sosunc.org.ar\/web\/#organization\",\"name\":\"Servicio de Obra Social Universidad Nacional del Comahue\",\"url\":\"https:\/\/www.sosunc.org.ar\/web\/\",\"logo\":{\"@type\":\"ImageObject\",\"inLanguage\":\"es-AR\",\"@id\":\"https:\/\/www.sosunc.org.ar\/web\/#\/schema\/logo\/image\/\",\"url\":\"https:\/\/192.9.200.18\/wordpress\/wp-content\/uploads\/2022\/06\/logososunc.png\",\"contentUrl\":\"https:\/\/192.9.200.18\/wordpress\/wp-content\/uploads\/2022\/06\/logososunc.png\",\"width\":333,\"height\":333,\"caption\":\"Servicio de Obra Social Universidad Nacional del Comahue\"},\"image\":{\"@id\":\"https:\/\/www.sosunc.org.ar\/web\/#\/schema\/logo\/image\/\"},\"sameAs\":[\"https:\/\/www.facebook.com\/sosunc.unco\"]},{\"@type\":\"Person\",\"@id\":\"https:\/\/www.sosunc.org.ar\/web\/#\/schema\/person\/cb1a199a4e9d3cd4d50fe973caac0985\",\"name\":\"Comunicaci\u00f3n SOSUNC\",\"image\":{\"@type\":\"ImageObject\",\"inLanguage\":\"es-AR\",\"@id\":\"https:\/\/www.sosunc.org.ar\/web\/#\/schema\/person\/image\/\",\"url\":\"https:\/\/secure.gravatar.com\/avatar\/4287850329e836b922e780de7b869301223afe7f2dc5f72c6b1f8d017d1b050b?s=96&d=mm&r=g\",\"contentUrl\":\"https:\/\/secure.gravatar.com\/avatar\/4287850329e836b922e780de7b869301223afe7f2dc5f72c6b1f8d017d1b050b?s=96&d=mm&r=g\",\"caption\":\"Comunicaci\u00f3n SOSUNC\"},\"sameAs\":[\"https:\/\/www.facebook.com\/sosunc.unco\",\"https:\/\/www.instagram.com\/sosunc.unco\/\"],\"url\":\"https:\/\/www.sosunc.org.ar\/web\/?author=3\"}]}<\/script>\n<!-- \/ Yoast SEO plugin. -->","yoast_head_json":{"title":"Visit\u00e1 el Camping SOSUNC en febrero - SOSUNC","robots":{"index":"index","follow":"follow","max-snippet":"max-snippet:-1","max-image-preview":"max-image-preview:large","max-video-preview":"max-video-preview:-1"},"canonical":"https:\/\/www.sosunc.org.ar\/web\/?p=2743","og_locale":"es_ES","og_type":"article","og_title":"Visit\u00e1 el Camping SOSUNC en febrero - SOSUNC","og_description":"Disfrut\u00e1 tus vacaciones en febrero en el Camping SOSUNC de Las Grutas. Tenemos precios promocionales para afiliados y afiliadas de la Obra Social y todas las comodidades para una estad\u00eda en un entorno natural, a metros de la playa.&nbsp; El Camping SOSUNC tiene una ubicaci\u00f3n privilegiada a pocos pasos del mar, cerca de la bajada [&hellip;]","og_url":"https:\/\/www.sosunc.org.ar\/web\/?p=2743","og_site_name":"SOSUNC","article_publisher":"https:\/\/www.facebook.com\/sosunc.unco","article_author":"https:\/\/www.facebook.com\/sosunc.unco","article_published_time":"2022-02-04T17:14:12+00:00","article_modified_time":"2022-02-04T17:16:23+00:00","og_image":[{"width":1000,"height":723,"url":"https:\/\/192.9.200.18\/wordpress\/wp-content\/uploads\/2022\/02\/placas-camping-lgArtboard-1-e1643994740849.png","type":"image\/png"}],"author":"Comunicaci\u00f3n SOSUNC","twitter_card":"summary_large_image","twitter_misc":{"Escrito por":"Comunicaci\u00f3n SOSUNC","Tiempo de lectura":"2 minutos"},"schema":{"@context":"https:\/\/schema.org","@graph":[{"@type":"Article","@id":"https:\/\/www.sosunc.org.ar\/web\/?p=2743#article","isPartOf":{"@id":"https:\/\/www.sosunc.org.ar\/web\/?p=2743"},"author":{"name":"Comunicaci\u00f3n SOSUNC","@id":"https:\/\/www.sosunc.org.ar\/web\/#\/schema\/person\/cb1a199a4e9d3cd4d50fe973caac0985"},"headline":"Visit\u00e1 el Camping SOSUNC en febrero","datePublished":"2022-02-04T17:14:12+00:00","dateModified":"2022-02-04T17:16:23+00:00","mainEntityOfPage":{"@id":"https:\/\/www.sosunc.org.ar\/web\/?p=2743"},"wordCount":200,"commentCount":0,"publisher":{"@id":"https:\/\/www.sosunc.org.ar\/web\/#organization"},"image":{"@id":"https:\/\/www.sosunc.org.ar\/web\/?p=2743#primaryimage"},"thumbnailUrl":"https:\/\/192.9.200.18\/wordpress\/wp-content\/uploads\/2022\/02\/placas-camping-lgArtboard-1-e1643994740849.png","articleSection":["novedades-sosunc"],"inLanguage":"es-AR","potentialAction":[{"@type":"CommentAction","name":"Comment","target":["https:\/\/www.sosunc.org.ar\/web\/?p=2743#respond"]}]},{"@type":"WebPage","@id":"https:\/\/www.sosunc.org.ar\/web\/?p=2743","url":"https:\/\/www.sosunc.org.ar\/web\/?p=2743","name":"Visit\u00e1 el Camping SOSUNC en febrero - SOSUNC","isPartOf":{"@id":"https:\/\/www.sosunc.org.ar\/web\/#website"},"primaryImageOfPage":{"@id":"https:\/\/www.sosunc.org.ar\/web\/?p=2743#primaryimage"},"image":{"@id":"https:\/\/www.sosunc.org.ar\/web\/?p=2743#primaryimage"},"thumbnailUrl":"https:\/\/192.9.200.18\/wordpress\/wp-content\/uploads\/2022\/02\/placas-camping-lgArtboard-1-e1643994740849.png","datePublished":"2022-02-04T17:14:12+00:00","dateModified":"2022-02-04T17:16:23+00:00","breadcrumb":{"@id":"https:\/\/www.sosunc.org.ar\/web\/?p=2743#breadcrumb"},"inLanguage":"es-AR","potentialAction":[{"@type":"ReadAction","target":["https:\/\/www.sosunc.org.ar\/web\/?p=2743"]}]},{"@type":"ImageObject","inLanguage":"es-AR","@id":"https:\/\/www.sosunc.org.ar\/web\/?p=2743#primaryimage","url":"https:\/\/192.9.200.18\/wordpress\/wp-content\/uploads\/2022\/02\/placas-camping-lgArtboard-1-e1643994740849.png","contentUrl":"https:\/\/192.9.200.18\/wordpress\/wp-content\/uploads\/2022\/02\/placas-camping-lgArtboard-1-e1643994740849.png","width":1000,"height":723},{"@type":"BreadcrumbList","@id":"https:\/\/www.sosunc.org.ar\/web\/?p=2743#breadcrumb","itemListElement":[{"@type":"ListItem","position":1,"name":"Inicio","item":"https:\/\/www.sosunc.org.ar\/web\/"},{"@type":"ListItem","position":2,"name":"Visit\u00e1 el Camping SOSUNC en febrero"}]},{"@type":"WebSite","@id":"https:\/\/www.sosunc.org.ar\/web\/#website","url":"https:\/\/www.sosunc.org.ar\/web\/","name":"SOSUNC","description":"Servicio de Obra Social de la Universidad Nacional del Comahue","publisher":{"@id":"https:\/\/www.sosunc.org.ar\/web\/#organization"},"potentialAction":[{"@type":"SearchAction","target":{"@type":"EntryPoint","urlTemplate":"https:\/\/www.sosunc.org.ar\/web\/?s={search_term_string}"},"query-input":{"@type":"PropertyValueSpecification","valueRequired":true,"valueName":"search_term_string"}}],"inLanguage":"es-AR"},{"@type":"Organization","@id":"https:\/\/www.sosunc.org.ar\/web\/#organization","name":"Servicio de Obra Social Universidad Nacional del Comahue","url":"https:\/\/www.sosunc.org.ar\/web\/","logo":{"@type":"ImageObject","inLanguage":"es-AR","@id":"https:\/\/www.sosunc.org.ar\/web\/#\/schema\/logo\/image\/","url":"https:\/\/192.9.200.18\/wordpress\/wp-content\/uploads\/2022\/06\/logososunc.png","contentUrl":"https:\/\/192.9.200.18\/wordpress\/wp-content\/uploads\/2022\/06\/logososunc.png","width":333,"height":333,"caption":"Servicio de Obra Social Universidad Nacional del Comahue"},"image":{"@id":"https:\/\/www.sosunc.org.ar\/web\/#\/schema\/logo\/image\/"},"sameAs":["https:\/\/www.facebook.com\/sosunc.unco"]},{"@type":"Person","@id":"https:\/\/www.sosunc.org.ar\/web\/#\/schema\/person\/cb1a199a4e9d3cd4d50fe973caac0985","name":"Comunicaci\u00f3n SOSUNC","image":{"@type":"ImageObject","inLanguage":"es-AR","@id":"https:\/\/www.sosunc.org.ar\/web\/#\/schema\/person\/image\/","url":"https:\/\/secure.gravatar.com\/avatar\/4287850329e836b922e780de7b869301223afe7f2dc5f72c6b1f8d017d1b050b?s=96&d=mm&r=g","contentUrl":"https:\/\/secure.gravatar.com\/avatar\/4287850329e836b922e780de7b869301223afe7f2dc5f72c6b1f8d017d1b050b?s=96&d=mm&r=g","caption":"Comunicaci\u00f3n SOSUNC"},"sameAs":["https:\/\/www.facebook.com\/sosunc.unco","https:\/\/www.instagram.com\/sosunc.unco\/"],"url":"https:\/\/www.sosunc.org.ar\/web\/?author=3"}]}},"_links":{"self":[{"href":"https:\/\/www.sosunc.org.ar\/web\/index.php?rest_route=\/wp\/v2\/posts\/2743","targetHints":{"allow":["GET"]}}],"collection":[{"href":"https:\/\/www.sosunc.org.ar\/web\/index.php?rest_route=\/wp\/v2\/posts"}],"about":[{"href":"https:\/\/www.sosunc.org.ar\/web\/index.php?rest_route=\/wp\/v2\/types\/post"}],"author":[{"embeddable":true,"href":"https:\/\/www.sosunc.org.ar\/web\/index.php?rest_route=\/wp\/v2\/users\/3"}],"replies":[{"embeddable":true,"href":"https:\/\/www.sosunc.org.ar\/web\/index.php?rest_route=%2Fwp%2Fv2%2Fcomments&post=2743"}],"version-history":[{"count":3,"href":"https:\/\/www.sosunc.org.ar\/web\/index.php?rest_route=\/wp\/v2\/posts\/2743\/revisions"}],"predecessor-version":[{"id":2748,"href":"https:\/\/www.sosunc.org.ar\/web\/index.php?rest_route=\/wp\/v2\/posts\/2743\/revisions\/2748"}],"wp:featuredmedia":[{"embeddable":true,"href":"https:\/\/www.sosunc.org.ar\/web\/index.php?rest_route=\/wp\/v2\/media\/2744"}],"wp:attachment":[{"href":"https:\/\/www.sosunc.org.ar\/web\/index.php?rest_route=%2Fwp%2Fv2%2Fmedia&parent=2743"}],"wp:term":[{"taxonomy":"category","embeddable":true,"href":"https:\/\/www.sosunc.org.ar\/web\/index.php?rest_route=%2Fwp%2Fv2%2Fcategories&post=2743"},{"taxonomy":"post_tag","embeddable":true,"href":"https:\/\/www.sosunc.org.ar\/web\/index.php?rest_route=%2Fwp%2Fv2%2Ftags&post=2743"}],"curies":[{"name":"wp","href":"https:\/\/api.w.org\/{rel}","templated":true}]}}