{"id":2738,"date":"2022-02-03T14:39:52","date_gmt":"2022-02-03T17:39:52","guid":{"rendered":"http:\/\/192.9.200.18\/wordpress\/?p=2738"},"modified":"2022-02-03T14:51:16","modified_gmt":"2022-02-03T17:51:16","slug":"febrero-mes-del-corazon","status":"publish","type":"post","link":"https:\/\/www.sosunc.org.ar\/web\/?p=2738","title":{"rendered":"Febrero | Mes del Coraz\u00f3n"},"content":{"rendered":"\n<p>En gran parte del mundo, febrero es el mes del coraz\u00f3n, no s\u00f3lo porque se celebra el amor y la amistad, sino porque es el momento del a\u00f1o para reflexionar sobre la salud cardiovascular.<\/p>\n\n\n\n<p>Hay muchas cosas por hablar en el mes del coraz\u00f3n. Entre ellas est\u00e1n nuestros h\u00e1bitos de comida, en particular el consumo de sal, nuestra actitud sedentaria y el consumo de tabaco o alcohol. Hoy queremos hablarte de un cuidado especial: el control de nuestra tensi\u00f3n arterial o presi\u00f3n sangu\u00ednea.<\/p>\n\n\n\n<p>A partir de chequeos de la presi\u00f3n, tendremos un registro de nuestra salud cardiovascular para anticiparnos a problemas graves. Siempre us\u00e1 tensi\u00f3metros digitales de marcas reconocidas. En la Farmacia Universitaria SOSUNC, pod\u00e9s encontrarlos y adem\u00e1s recibir asesoramiento sobre c\u00f3mo utilizarlos.<\/p>\n\n\n\n<p>Trat\u00e1 de tomar la presi\u00f3n durante siete d\u00edas seguidos por la ma\u00f1ana y la tarde y anot\u00e1 los resultados. Aunque no tengas problemas de presi\u00f3n, es buena idea contar con este registro cuando vayas a tu m\u00e9dico\/a.<\/p>\n\n\n\n<p><strong>T\u00e9cnica para medir la presi\u00f3n en casa:<\/strong><br>1- Busc\u00e1 una habitaci\u00f3n en silencio con una temperatura ambiente agradable.<br>2-Sentate en una silla procurando apoyar la espalda en el respaldo y los pies sobre el suelo, sin cruzarlos.<br>3- Apoy\u00e1 el brazo en una mesa de manera paralela a tu cuerpo y a la altura del coraz\u00f3n.<br>4- No converses mientras est\u00e1s midiendo tu TA.<br>5- Coloc\u00e1 el dispositivo de medici\u00f3n en el brazo descubierto. El lugar correcto es por encima de la articulaci\u00f3n del codo y con el cable en l\u00ednea con tu dedo medio.<br>6- Proced\u00e9 a medir la presi\u00f3n.<br>7- Repet\u00ed con el otro brazo.<br>8- Anot\u00e1 los valores por cada brazo.<\/p>\n\n\n\n<p><strong>Consideraciones para que la medici\u00f3n no se altere:<\/strong><br>-Tom\u00e1 tu presi\u00f3n previa al desayuno o cena. No es conveniente despu\u00e9s de haber comido.Si us\u00e1s medicamentos antihipertensivos, no tomes tu presi\u00f3n al poco tiempo de haberlos tomado .<br>-No realices ninguna actividad previamente, ya que puede subir la presi\u00f3n.<br>-Repos\u00e1, sent\u00e1ndote 5 minutos antes de medir.<br>-Evita tomar caf\u00e9, t\u00e9 o fumar al menos media hora antes.-La primera toma suele no representar el valor real. Es conveniente repetir la medici\u00f3n en tres oportunidades y considerar el valor m\u00e1s bajo como el correcto.<\/p>\n\n\n\n<p>El control de la presi\u00f3n en casa es un complemento importante de la prevenci\u00f3n pero no el \u00fanico y no sustituye la consulta m\u00e9dica. Recurr\u00ed siempre a un profesional de la salud para cuidar tu coraz\u00f3n.<\/p>\n\n\n\n<p><em>SOSUNC, una obra social gestionada por sus afiliados\/as.<\/em><\/p>\n","protected":false},"excerpt":{"rendered":"<p>En gran parte del mundo, febrero es el mes del coraz\u00f3n, no s\u00f3lo porque se celebra el amor y la amistad, sino porque es el momento del a\u00f1o para reflexionar sobre la salud cardiovascular. Hay muchas cosas por hablar en el mes del coraz\u00f3n. Entre ellas est\u00e1n nuestros h\u00e1bitos de comida, en particular el consumo [&hellip;]<\/p>\n","protected":false},"author":3,"featured_media":2739,"comment_status":"open","ping_status":"open","sticky":false,"template":"","format":"standard","meta":{"_coblocks_attr":"","_coblocks_dimensions":"","_coblocks_responsive_height":"","_coblocks_accordion_ie_support":"","footnotes":""},"categories":[22],"tags":[],"class_list":["post-2738","post","type-post","status-publish","format-standard","has-post-thumbnail","hentry","category-novedades-sosunc"],"yoast_head":"<!-- This site is optimized with the Yoast SEO plugin v26.5 - https:\/\/yoast.com\/wordpress\/plugins\/seo\/ -->\n<title>Febrero | Mes del Coraz\u00f3n - SOSUNC<\/title>\n<meta name=\"robots\" content=\"index, follow, max-snippet:-1, max-image-preview:large, max-video-preview:-1\" \/>\n<link rel=\"canonical\" href=\"https:\/\/www.sosunc.org.ar\/web\/?p=2738\" \/>\n<meta property=\"og:locale\" content=\"es_ES\" \/>\n<meta property=\"og:type\" content=\"article\" \/>\n<meta property=\"og:title\" content=\"Febrero | Mes del Coraz\u00f3n - SOSUNC\" \/>\n<meta property=\"og:description\" content=\"En gran parte del mundo, febrero es el mes del coraz\u00f3n, no s\u00f3lo porque se celebra el amor y la amistad, sino porque es el momento del a\u00f1o para reflexionar sobre la salud cardiovascular. Hay muchas cosas por hablar en el mes del coraz\u00f3n. Entre ellas est\u00e1n nuestros h\u00e1bitos de comida, en particular el consumo [&hellip;]\" \/>\n<meta property=\"og:url\" content=\"https:\/\/www.sosunc.org.ar\/web\/?p=2738\" \/>\n<meta property=\"og:site_name\" content=\"SOSUNC\" \/>\n<meta property=\"article:publisher\" content=\"https:\/\/www.facebook.com\/sosunc.unco\" \/>\n<meta property=\"article:author\" content=\"https:\/\/www.facebook.com\/sosunc.unco\" \/>\n<meta property=\"article:published_time\" content=\"2022-02-03T17:39:52+00:00\" \/>\n<meta property=\"article:modified_time\" content=\"2022-02-03T17:51:16+00:00\" \/>\n<meta property=\"og:image\" content=\"https:\/\/192.9.200.18\/wordpress\/wp-content\/uploads\/2022\/02\/febrero-corazon-e1643910377492.png\" \/>\n\t<meta property=\"og:image:width\" content=\"1000\" \/>\n\t<meta property=\"og:image:height\" content=\"686\" \/>\n\t<meta property=\"og:image:type\" content=\"image\/png\" \/>\n<meta name=\"author\" content=\"Comunicaci\u00f3n SOSUNC\" \/>\n<meta name=\"twitter:card\" content=\"summary_large_image\" \/>\n<meta name=\"twitter:label1\" content=\"Escrito por\" \/>\n\t<meta name=\"twitter:data1\" content=\"Comunicaci\u00f3n SOSUNC\" \/>\n\t<meta name=\"twitter:label2\" content=\"Tiempo de lectura\" \/>\n\t<meta name=\"twitter:data2\" content=\"2 minutos\" \/>\n<script type=\"application\/ld+json\" class=\"yoast-schema-graph\">{\"@context\":\"https:\/\/schema.org\",\"@graph\":[{\"@type\":\"Article\",\"@id\":\"https:\/\/www.sosunc.org.ar\/web\/?p=2738#article\",\"isPartOf\":{\"@id\":\"https:\/\/www.sosunc.org.ar\/web\/?p=2738\"},\"author\":{\"name\":\"Comunicaci\u00f3n SOSUNC\",\"@id\":\"https:\/\/www.sosunc.org.ar\/web\/#\/schema\/person\/cb1a199a4e9d3cd4d50fe973caac0985\"},\"headline\":\"Febrero | Mes del Coraz\u00f3n\",\"datePublished\":\"2022-02-03T17:39:52+00:00\",\"dateModified\":\"2022-02-03T17:51:16+00:00\",\"mainEntityOfPage\":{\"@id\":\"https:\/\/www.sosunc.org.ar\/web\/?p=2738\"},\"wordCount\":457,\"commentCount\":0,\"publisher\":{\"@id\":\"https:\/\/www.sosunc.org.ar\/web\/#organization\"},\"image\":{\"@id\":\"https:\/\/www.sosunc.org.ar\/web\/?p=2738#primaryimage\"},\"thumbnailUrl\":\"https:\/\/192.9.200.18\/wordpress\/wp-content\/uploads\/2022\/02\/febrero-corazon-e1643910377492.png\",\"articleSection\":[\"novedades-sosunc\"],\"inLanguage\":\"es-AR\",\"potentialAction\":[{\"@type\":\"CommentAction\",\"name\":\"Comment\",\"target\":[\"https:\/\/www.sosunc.org.ar\/web\/?p=2738#respond\"]}]},{\"@type\":\"WebPage\",\"@id\":\"https:\/\/www.sosunc.org.ar\/web\/?p=2738\",\"url\":\"https:\/\/www.sosunc.org.ar\/web\/?p=2738\",\"name\":\"Febrero | Mes del Coraz\u00f3n - SOSUNC\",\"isPartOf\":{\"@id\":\"https:\/\/www.sosunc.org.ar\/web\/#website\"},\"primaryImageOfPage\":{\"@id\":\"https:\/\/www.sosunc.org.ar\/web\/?p=2738#primaryimage\"},\"image\":{\"@id\":\"https:\/\/www.sosunc.org.ar\/web\/?p=2738#primaryimage\"},\"thumbnailUrl\":\"https:\/\/192.9.200.18\/wordpress\/wp-content\/uploads\/2022\/02\/febrero-corazon-e1643910377492.png\",\"datePublished\":\"2022-02-03T17:39:52+00:00\",\"dateModified\":\"2022-02-03T17:51:16+00:00\",\"breadcrumb\":{\"@id\":\"https:\/\/www.sosunc.org.ar\/web\/?p=2738#breadcrumb\"},\"inLanguage\":\"es-AR\",\"potentialAction\":[{\"@type\":\"ReadAction\",\"target\":[\"https:\/\/www.sosunc.org.ar\/web\/?p=2738\"]}]},{\"@type\":\"ImageObject\",\"inLanguage\":\"es-AR\",\"@id\":\"https:\/\/www.sosunc.org.ar\/web\/?p=2738#primaryimage\",\"url\":\"https:\/\/192.9.200.18\/wordpress\/wp-content\/uploads\/2022\/02\/febrero-corazon-e1643910377492.png\",\"contentUrl\":\"https:\/\/192.9.200.18\/wordpress\/wp-content\/uploads\/2022\/02\/febrero-corazon-e1643910377492.png\",\"width\":1000,\"height\":686},{\"@type\":\"BreadcrumbList\",\"@id\":\"https:\/\/www.sosunc.org.ar\/web\/?p=2738#breadcrumb\",\"itemListElement\":[{\"@type\":\"ListItem\",\"position\":1,\"name\":\"Inicio\",\"item\":\"https:\/\/www.sosunc.org.ar\/web\/\"},{\"@type\":\"ListItem\",\"position\":2,\"name\":\"Febrero | Mes del Coraz\u00f3n\"}]},{\"@type\":\"WebSite\",\"@id\":\"https:\/\/www.sosunc.org.ar\/web\/#website\",\"url\":\"https:\/\/www.sosunc.org.ar\/web\/\",\"name\":\"SOSUNC\",\"description\":\"Servicio de Obra Social de la Universidad Nacional del Comahue\",\"publisher\":{\"@id\":\"https:\/\/www.sosunc.org.ar\/web\/#organization\"},\"potentialAction\":[{\"@type\":\"SearchAction\",\"target\":{\"@type\":\"EntryPoint\",\"urlTemplate\":\"https:\/\/www.sosunc.org.ar\/web\/?s={search_term_string}\"},\"query-input\":{\"@type\":\"PropertyValueSpecification\",\"valueRequired\":true,\"valueName\":\"search_term_string\"}}],\"inLanguage\":\"es-AR\"},{\"@type\":\"Organization\",\"@id\":\"https:\/\/www.sosunc.org.ar\/web\/#organization\",\"name\":\"Servicio de Obra Social Universidad Nacional del Comahue\",\"url\":\"https:\/\/www.sosunc.org.ar\/web\/\",\"logo\":{\"@type\":\"ImageObject\",\"inLanguage\":\"es-AR\",\"@id\":\"https:\/\/www.sosunc.org.ar\/web\/#\/schema\/logo\/image\/\",\"url\":\"https:\/\/192.9.200.18\/wordpress\/wp-content\/uploads\/2022\/06\/logososunc.png\",\"contentUrl\":\"https:\/\/192.9.200.18\/wordpress\/wp-content\/uploads\/2022\/06\/logososunc.png\",\"width\":333,\"height\":333,\"caption\":\"Servicio de Obra Social Universidad Nacional del Comahue\"},\"image\":{\"@id\":\"https:\/\/www.sosunc.org.ar\/web\/#\/schema\/logo\/image\/\"},\"sameAs\":[\"https:\/\/www.facebook.com\/sosunc.unco\"]},{\"@type\":\"Person\",\"@id\":\"https:\/\/www.sosunc.org.ar\/web\/#\/schema\/person\/cb1a199a4e9d3cd4d50fe973caac0985\",\"name\":\"Comunicaci\u00f3n SOSUNC\",\"image\":{\"@type\":\"ImageObject\",\"inLanguage\":\"es-AR\",\"@id\":\"https:\/\/www.sosunc.org.ar\/web\/#\/schema\/person\/image\/\",\"url\":\"https:\/\/secure.gravatar.com\/avatar\/4287850329e836b922e780de7b869301223afe7f2dc5f72c6b1f8d017d1b050b?s=96&d=mm&r=g\",\"contentUrl\":\"https:\/\/secure.gravatar.com\/avatar\/4287850329e836b922e780de7b869301223afe7f2dc5f72c6b1f8d017d1b050b?s=96&d=mm&r=g\",\"caption\":\"Comunicaci\u00f3n SOSUNC\"},\"sameAs\":[\"https:\/\/www.facebook.com\/sosunc.unco\",\"https:\/\/www.instagram.com\/sosunc.unco\/\"],\"url\":\"https:\/\/www.sosunc.org.ar\/web\/?author=3\"}]}<\/script>\n<!-- \/ Yoast SEO plugin. -->","yoast_head_json":{"title":"Febrero | Mes del Coraz\u00f3n - SOSUNC","robots":{"index":"index","follow":"follow","max-snippet":"max-snippet:-1","max-image-preview":"max-image-preview:large","max-video-preview":"max-video-preview:-1"},"canonical":"https:\/\/www.sosunc.org.ar\/web\/?p=2738","og_locale":"es_ES","og_type":"article","og_title":"Febrero | Mes del Coraz\u00f3n - SOSUNC","og_description":"En gran parte del mundo, febrero es el mes del coraz\u00f3n, no s\u00f3lo porque se celebra el amor y la amistad, sino porque es el momento del a\u00f1o para reflexionar sobre la salud cardiovascular. Hay muchas cosas por hablar en el mes del coraz\u00f3n. Entre ellas est\u00e1n nuestros h\u00e1bitos de comida, en particular el consumo [&hellip;]","og_url":"https:\/\/www.sosunc.org.ar\/web\/?p=2738","og_site_name":"SOSUNC","article_publisher":"https:\/\/www.facebook.com\/sosunc.unco","article_author":"https:\/\/www.facebook.com\/sosunc.unco","article_published_time":"2022-02-03T17:39:52+00:00","article_modified_time":"2022-02-03T17:51:16+00:00","og_image":[{"width":1000,"height":686,"url":"https:\/\/192.9.200.18\/wordpress\/wp-content\/uploads\/2022\/02\/febrero-corazon-e1643910377492.png","type":"image\/png"}],"author":"Comunicaci\u00f3n SOSUNC","twitter_card":"summary_large_image","twitter_misc":{"Escrito por":"Comunicaci\u00f3n SOSUNC","Tiempo de lectura":"2 minutos"},"schema":{"@context":"https:\/\/schema.org","@graph":[{"@type":"Article","@id":"https:\/\/www.sosunc.org.ar\/web\/?p=2738#article","isPartOf":{"@id":"https:\/\/www.sosunc.org.ar\/web\/?p=2738"},"author":{"name":"Comunicaci\u00f3n SOSUNC","@id":"https:\/\/www.sosunc.org.ar\/web\/#\/schema\/person\/cb1a199a4e9d3cd4d50fe973caac0985"},"headline":"Febrero | Mes del Coraz\u00f3n","datePublished":"2022-02-03T17:39:52+00:00","dateModified":"2022-02-03T17:51:16+00:00","mainEntityOfPage":{"@id":"https:\/\/www.sosunc.org.ar\/web\/?p=2738"},"wordCount":457,"commentCount":0,"publisher":{"@id":"https:\/\/www.sosunc.org.ar\/web\/#organization"},"image":{"@id":"https:\/\/www.sosunc.org.ar\/web\/?p=2738#primaryimage"},"thumbnailUrl":"https:\/\/192.9.200.18\/wordpress\/wp-content\/uploads\/2022\/02\/febrero-corazon-e1643910377492.png","articleSection":["novedades-sosunc"],"inLanguage":"es-AR","potentialAction":[{"@type":"CommentAction","name":"Comment","target":["https:\/\/www.sosunc.org.ar\/web\/?p=2738#respond"]}]},{"@type":"WebPage","@id":"https:\/\/www.sosunc.org.ar\/web\/?p=2738","url":"https:\/\/www.sosunc.org.ar\/web\/?p=2738","name":"Febrero | Mes del Coraz\u00f3n - SOSUNC","isPartOf":{"@id":"https:\/\/www.sosunc.org.ar\/web\/#website"},"primaryImageOfPage":{"@id":"https:\/\/www.sosunc.org.ar\/web\/?p=2738#primaryimage"},"image":{"@id":"https:\/\/www.sosunc.org.ar\/web\/?p=2738#primaryimage"},"thumbnailUrl":"https:\/\/192.9.200.18\/wordpress\/wp-content\/uploads\/2022\/02\/febrero-corazon-e1643910377492.png","datePublished":"2022-02-03T17:39:52+00:00","dateModified":"2022-02-03T17:51:16+00:00","breadcrumb":{"@id":"https:\/\/www.sosunc.org.ar\/web\/?p=2738#breadcrumb"},"inLanguage":"es-AR","potentialAction":[{"@type":"ReadAction","target":["https:\/\/www.sosunc.org.ar\/web\/?p=2738"]}]},{"@type":"ImageObject","inLanguage":"es-AR","@id":"https:\/\/www.sosunc.org.ar\/web\/?p=2738#primaryimage","url":"https:\/\/192.9.200.18\/wordpress\/wp-content\/uploads\/2022\/02\/febrero-corazon-e1643910377492.png","contentUrl":"https:\/\/192.9.200.18\/wordpress\/wp-content\/uploads\/2022\/02\/febrero-corazon-e1643910377492.png","width":1000,"height":686},{"@type":"BreadcrumbList","@id":"https:\/\/www.sosunc.org.ar\/web\/?p=2738#breadcrumb","itemListElement":[{"@type":"ListItem","position":1,"name":"Inicio","item":"https:\/\/www.sosunc.org.ar\/web\/"},{"@type":"ListItem","position":2,"name":"Febrero | Mes del Coraz\u00f3n"}]},{"@type":"WebSite","@id":"https:\/\/www.sosunc.org.ar\/web\/#website","url":"https:\/\/www.sosunc.org.ar\/web\/","name":"SOSUNC","description":"Servicio de Obra Social de la Universidad Nacional del Comahue","publisher":{"@id":"https:\/\/www.sosunc.org.ar\/web\/#organization"},"potentialAction":[{"@type":"SearchAction","target":{"@type":"EntryPoint","urlTemplate":"https:\/\/www.sosunc.org.ar\/web\/?s={search_term_string}"},"query-input":{"@type":"PropertyValueSpecification","valueRequired":true,"valueName":"search_term_string"}}],"inLanguage":"es-AR"},{"@type":"Organization","@id":"https:\/\/www.sosunc.org.ar\/web\/#organization","name":"Servicio de Obra Social Universidad Nacional del Comahue","url":"https:\/\/www.sosunc.org.ar\/web\/","logo":{"@type":"ImageObject","inLanguage":"es-AR","@id":"https:\/\/www.sosunc.org.ar\/web\/#\/schema\/logo\/image\/","url":"https:\/\/192.9.200.18\/wordpress\/wp-content\/uploads\/2022\/06\/logososunc.png","contentUrl":"https:\/\/192.9.200.18\/wordpress\/wp-content\/uploads\/2022\/06\/logososunc.png","width":333,"height":333,"caption":"Servicio de Obra Social Universidad Nacional del Comahue"},"image":{"@id":"https:\/\/www.sosunc.org.ar\/web\/#\/schema\/logo\/image\/"},"sameAs":["https:\/\/www.facebook.com\/sosunc.unco"]},{"@type":"Person","@id":"https:\/\/www.sosunc.org.ar\/web\/#\/schema\/person\/cb1a199a4e9d3cd4d50fe973caac0985","name":"Comunicaci\u00f3n SOSUNC","image":{"@type":"ImageObject","inLanguage":"es-AR","@id":"https:\/\/www.sosunc.org.ar\/web\/#\/schema\/person\/image\/","url":"https:\/\/secure.gravatar.com\/avatar\/4287850329e836b922e780de7b869301223afe7f2dc5f72c6b1f8d017d1b050b?s=96&d=mm&r=g","contentUrl":"https:\/\/secure.gravatar.com\/avatar\/4287850329e836b922e780de7b869301223afe7f2dc5f72c6b1f8d017d1b050b?s=96&d=mm&r=g","caption":"Comunicaci\u00f3n SOSUNC"},"sameAs":["https:\/\/www.facebook.com\/sosunc.unco","https:\/\/www.instagram.com\/sosunc.unco\/"],"url":"https:\/\/www.sosunc.org.ar\/web\/?author=3"}]}},"_links":{"self":[{"href":"https:\/\/www.sosunc.org.ar\/web\/index.php?rest_route=\/wp\/v2\/posts\/2738","targetHints":{"allow":["GET"]}}],"collection":[{"href":"https:\/\/www.sosunc.org.ar\/web\/index.php?rest_route=\/wp\/v2\/posts"}],"about":[{"href":"https:\/\/www.sosunc.org.ar\/web\/index.php?rest_route=\/wp\/v2\/types\/post"}],"author":[{"embeddable":true,"href":"https:\/\/www.sosunc.org.ar\/web\/index.php?rest_route=\/wp\/v2\/users\/3"}],"replies":[{"embeddable":true,"href":"https:\/\/www.sosunc.org.ar\/web\/index.php?rest_route=%2Fwp%2Fv2%2Fcomments&post=2738"}],"version-history":[{"count":2,"href":"https:\/\/www.sosunc.org.ar\/web\/index.php?rest_route=\/wp\/v2\/posts\/2738\/revisions"}],"predecessor-version":[{"id":2742,"href":"https:\/\/www.sosunc.org.ar\/web\/index.php?rest_route=\/wp\/v2\/posts\/2738\/revisions\/2742"}],"wp:featuredmedia":[{"embeddable":true,"href":"https:\/\/www.sosunc.org.ar\/web\/index.php?rest_route=\/wp\/v2\/media\/2739"}],"wp:attachment":[{"href":"https:\/\/www.sosunc.org.ar\/web\/index.php?rest_route=%2Fwp%2Fv2%2Fmedia&parent=2738"}],"wp:term":[{"taxonomy":"category","embeddable":true,"href":"https:\/\/www.sosunc.org.ar\/web\/index.php?rest_route=%2Fwp%2Fv2%2Fcategories&post=2738"},{"taxonomy":"post_tag","embeddable":true,"href":"https:\/\/www.sosunc.org.ar\/web\/index.php?rest_route=%2Fwp%2Fv2%2Ftags&post=2738"}],"curies":[{"name":"wp","href":"https:\/\/api.w.org\/{rel}","templated":true}]}}