{"id":2542,"date":"2022-01-18T13:51:22","date_gmt":"2022-01-18T16:51:22","guid":{"rendered":"http:\/\/192.9.200.18\/wordpress\/?p=2542"},"modified":"2022-01-18T16:43:45","modified_gmt":"2022-01-18T19:43:45","slug":"enero-a-pleno-en-el-camping-sosunc","status":"publish","type":"post","link":"https:\/\/www.sosunc.org.ar\/web\/?p=2542","title":{"rendered":"Enero a pleno en el Camping SOSUNC"},"content":{"rendered":"\n<p>Desde el inicio de la temporada 2022,&nbsp; medio millar de familias campistas nos eligieron para una estad\u00eda en contacto con la naturaleza junto a la playa de Las Grutas.<\/p>\n\n\n\n<p>Fue un enero a pleno,&nbsp; en un predio con mucha sombra, parrillas, un sal\u00f3n con servicio de Buffet, cobertura de WiFi y duchas con agua caliente. A quienes disfrutaron de sus vacaciones con nosotros, \u00a1gracias por su visita! Son bienvenidos siempre que deseen regresar.<\/p>\n\n\n\n<p>Si todav\u00eda no conoc\u00e9s el camping, la temporada contin\u00faa. \u00a1Te esperamos en febrero!<\/p>\n\n\n\n<p>La administraci\u00f3n permanece abierta todos los d\u00edas, de 8 a 12 y de 16 a 20. Para reservas o consultas, hay que comunicarse en esos horarios por tel\u00e9fono al 299 4726296 o bien enviar un mail a minqn49@yahoo.com.ar.<\/p>\n\n\n\n<p>La costa te espera.<\/p>\n\n\n\n<p>Estamos en <a rel=\"noreferrer noopener\" href=\"https:\/\/goo.gl\/maps\/XKbedRPE7Rrv5nc66\" data-type=\"URL\" data-id=\"https:\/\/goo.gl\/maps\/XKbedRPE7Rrv5nc66\" target=\"_blank\">avenida Curru Leuv\u00fa 1170<\/a> de Las Grutas, R\u00edo Negro, a pasos de la bajada La Rinconada.<br><\/p>\n\n\n\n<p><em>SOSUNC, una obra social gestionada por sus afiliados\/as.<\/em><\/p>\n","protected":false},"excerpt":{"rendered":"<p>Desde el inicio de la temporada 2022,&nbsp; medio millar de familias campistas nos eligieron para una estad\u00eda en contacto con la naturaleza junto a la playa de Las Grutas. Fue un enero a pleno,&nbsp; en un predio con mucha sombra, parrillas, un sal\u00f3n con servicio de Buffet, cobertura de WiFi y duchas con agua caliente. [&hellip;]<\/p>\n","protected":false},"author":3,"featured_media":2550,"comment_status":"open","ping_status":"open","sticky":false,"template":"","format":"standard","meta":{"_coblocks_attr":"","_coblocks_dimensions":"","_coblocks_responsive_height":"","_coblocks_accordion_ie_support":"","footnotes":""},"categories":[22],"tags":[],"class_list":["post-2542","post","type-post","status-publish","format-standard","has-post-thumbnail","hentry","category-novedades-sosunc"],"yoast_head":"<!-- This site is optimized with the Yoast SEO plugin v26.5 - https:\/\/yoast.com\/wordpress\/plugins\/seo\/ -->\n<title>Enero a pleno en el Camping SOSUNC - SOSUNC<\/title>\n<meta name=\"robots\" content=\"index, follow, max-snippet:-1, max-image-preview:large, max-video-preview:-1\" \/>\n<link rel=\"canonical\" href=\"https:\/\/www.sosunc.org.ar\/web\/?p=2542\" \/>\n<meta property=\"og:locale\" content=\"es_ES\" \/>\n<meta property=\"og:type\" content=\"article\" \/>\n<meta property=\"og:title\" content=\"Enero a pleno en el Camping SOSUNC - SOSUNC\" \/>\n<meta property=\"og:description\" content=\"Desde el inicio de la temporada 2022,&nbsp; medio millar de familias campistas nos eligieron para una estad\u00eda en contacto con la naturaleza junto a la playa de Las Grutas. Fue un enero a pleno,&nbsp; en un predio con mucha sombra, parrillas, un sal\u00f3n con servicio de Buffet, cobertura de WiFi y duchas con agua caliente. [&hellip;]\" \/>\n<meta property=\"og:url\" content=\"https:\/\/www.sosunc.org.ar\/web\/?p=2542\" \/>\n<meta property=\"og:site_name\" content=\"SOSUNC\" \/>\n<meta property=\"article:publisher\" content=\"https:\/\/www.facebook.com\/sosunc.unco\" \/>\n<meta property=\"article:author\" content=\"https:\/\/www.facebook.com\/sosunc.unco\" \/>\n<meta property=\"article:published_time\" content=\"2022-01-18T16:51:22+00:00\" \/>\n<meta property=\"article:modified_time\" content=\"2022-01-18T19:43:45+00:00\" \/>\n<meta property=\"og:image\" content=\"https:\/\/192.9.200.18\/wordpress\/wp-content\/uploads\/2022\/01\/temporada-2022-2-e1642535011283.png\" \/>\n\t<meta property=\"og:image:width\" content=\"1000\" \/>\n\t<meta property=\"og:image:height\" content=\"653\" \/>\n\t<meta property=\"og:image:type\" content=\"image\/png\" \/>\n<meta name=\"author\" content=\"Comunicaci\u00f3n SOSUNC\" \/>\n<meta name=\"twitter:card\" content=\"summary_large_image\" \/>\n<meta name=\"twitter:label1\" content=\"Escrito por\" \/>\n\t<meta name=\"twitter:data1\" content=\"Comunicaci\u00f3n SOSUNC\" \/>\n\t<meta name=\"twitter:label2\" content=\"Tiempo de lectura\" \/>\n\t<meta name=\"twitter:data2\" content=\"1 minuto\" \/>\n<script type=\"application\/ld+json\" class=\"yoast-schema-graph\">{\"@context\":\"https:\/\/schema.org\",\"@graph\":[{\"@type\":\"Article\",\"@id\":\"https:\/\/www.sosunc.org.ar\/web\/?p=2542#article\",\"isPartOf\":{\"@id\":\"https:\/\/www.sosunc.org.ar\/web\/?p=2542\"},\"author\":{\"name\":\"Comunicaci\u00f3n SOSUNC\",\"@id\":\"https:\/\/www.sosunc.org.ar\/web\/#\/schema\/person\/cb1a199a4e9d3cd4d50fe973caac0985\"},\"headline\":\"Enero a pleno en el Camping SOSUNC\",\"datePublished\":\"2022-01-18T16:51:22+00:00\",\"dateModified\":\"2022-01-18T19:43:45+00:00\",\"mainEntityOfPage\":{\"@id\":\"https:\/\/www.sosunc.org.ar\/web\/?p=2542\"},\"wordCount\":168,\"commentCount\":0,\"publisher\":{\"@id\":\"https:\/\/www.sosunc.org.ar\/web\/#organization\"},\"image\":{\"@id\":\"https:\/\/www.sosunc.org.ar\/web\/?p=2542#primaryimage\"},\"thumbnailUrl\":\"https:\/\/192.9.200.18\/wordpress\/wp-content\/uploads\/2022\/01\/temporada-2022-2-e1642535011283.png\",\"articleSection\":[\"novedades-sosunc\"],\"inLanguage\":\"es-AR\",\"potentialAction\":[{\"@type\":\"CommentAction\",\"name\":\"Comment\",\"target\":[\"https:\/\/www.sosunc.org.ar\/web\/?p=2542#respond\"]}]},{\"@type\":\"WebPage\",\"@id\":\"https:\/\/www.sosunc.org.ar\/web\/?p=2542\",\"url\":\"https:\/\/www.sosunc.org.ar\/web\/?p=2542\",\"name\":\"Enero a pleno en el Camping SOSUNC - SOSUNC\",\"isPartOf\":{\"@id\":\"https:\/\/www.sosunc.org.ar\/web\/#website\"},\"primaryImageOfPage\":{\"@id\":\"https:\/\/www.sosunc.org.ar\/web\/?p=2542#primaryimage\"},\"image\":{\"@id\":\"https:\/\/www.sosunc.org.ar\/web\/?p=2542#primaryimage\"},\"thumbnailUrl\":\"https:\/\/192.9.200.18\/wordpress\/wp-content\/uploads\/2022\/01\/temporada-2022-2-e1642535011283.png\",\"datePublished\":\"2022-01-18T16:51:22+00:00\",\"dateModified\":\"2022-01-18T19:43:45+00:00\",\"breadcrumb\":{\"@id\":\"https:\/\/www.sosunc.org.ar\/web\/?p=2542#breadcrumb\"},\"inLanguage\":\"es-AR\",\"potentialAction\":[{\"@type\":\"ReadAction\",\"target\":[\"https:\/\/www.sosunc.org.ar\/web\/?p=2542\"]}]},{\"@type\":\"ImageObject\",\"inLanguage\":\"es-AR\",\"@id\":\"https:\/\/www.sosunc.org.ar\/web\/?p=2542#primaryimage\",\"url\":\"https:\/\/192.9.200.18\/wordpress\/wp-content\/uploads\/2022\/01\/temporada-2022-2-e1642535011283.png\",\"contentUrl\":\"https:\/\/192.9.200.18\/wordpress\/wp-content\/uploads\/2022\/01\/temporada-2022-2-e1642535011283.png\",\"width\":1000,\"height\":653},{\"@type\":\"BreadcrumbList\",\"@id\":\"https:\/\/www.sosunc.org.ar\/web\/?p=2542#breadcrumb\",\"itemListElement\":[{\"@type\":\"ListItem\",\"position\":1,\"name\":\"Inicio\",\"item\":\"https:\/\/www.sosunc.org.ar\/web\/\"},{\"@type\":\"ListItem\",\"position\":2,\"name\":\"Enero a pleno en el Camping SOSUNC\"}]},{\"@type\":\"WebSite\",\"@id\":\"https:\/\/www.sosunc.org.ar\/web\/#website\",\"url\":\"https:\/\/www.sosunc.org.ar\/web\/\",\"name\":\"SOSUNC\",\"description\":\"Servicio de Obra Social de la Universidad Nacional del Comahue\",\"publisher\":{\"@id\":\"https:\/\/www.sosunc.org.ar\/web\/#organization\"},\"potentialAction\":[{\"@type\":\"SearchAction\",\"target\":{\"@type\":\"EntryPoint\",\"urlTemplate\":\"https:\/\/www.sosunc.org.ar\/web\/?s={search_term_string}\"},\"query-input\":{\"@type\":\"PropertyValueSpecification\",\"valueRequired\":true,\"valueName\":\"search_term_string\"}}],\"inLanguage\":\"es-AR\"},{\"@type\":\"Organization\",\"@id\":\"https:\/\/www.sosunc.org.ar\/web\/#organization\",\"name\":\"Servicio de Obra Social Universidad Nacional del Comahue\",\"url\":\"https:\/\/www.sosunc.org.ar\/web\/\",\"logo\":{\"@type\":\"ImageObject\",\"inLanguage\":\"es-AR\",\"@id\":\"https:\/\/www.sosunc.org.ar\/web\/#\/schema\/logo\/image\/\",\"url\":\"https:\/\/192.9.200.18\/wordpress\/wp-content\/uploads\/2022\/06\/logososunc.png\",\"contentUrl\":\"https:\/\/192.9.200.18\/wordpress\/wp-content\/uploads\/2022\/06\/logososunc.png\",\"width\":333,\"height\":333,\"caption\":\"Servicio de Obra Social Universidad Nacional del Comahue\"},\"image\":{\"@id\":\"https:\/\/www.sosunc.org.ar\/web\/#\/schema\/logo\/image\/\"},\"sameAs\":[\"https:\/\/www.facebook.com\/sosunc.unco\"]},{\"@type\":\"Person\",\"@id\":\"https:\/\/www.sosunc.org.ar\/web\/#\/schema\/person\/cb1a199a4e9d3cd4d50fe973caac0985\",\"name\":\"Comunicaci\u00f3n SOSUNC\",\"image\":{\"@type\":\"ImageObject\",\"inLanguage\":\"es-AR\",\"@id\":\"https:\/\/www.sosunc.org.ar\/web\/#\/schema\/person\/image\/\",\"url\":\"https:\/\/secure.gravatar.com\/avatar\/4287850329e836b922e780de7b869301223afe7f2dc5f72c6b1f8d017d1b050b?s=96&d=mm&r=g\",\"contentUrl\":\"https:\/\/secure.gravatar.com\/avatar\/4287850329e836b922e780de7b869301223afe7f2dc5f72c6b1f8d017d1b050b?s=96&d=mm&r=g\",\"caption\":\"Comunicaci\u00f3n SOSUNC\"},\"sameAs\":[\"https:\/\/www.facebook.com\/sosunc.unco\",\"https:\/\/www.instagram.com\/sosunc.unco\/\"],\"url\":\"https:\/\/www.sosunc.org.ar\/web\/?author=3\"}]}<\/script>\n<!-- \/ Yoast SEO plugin. -->","yoast_head_json":{"title":"Enero a pleno en el Camping SOSUNC - SOSUNC","robots":{"index":"index","follow":"follow","max-snippet":"max-snippet:-1","max-image-preview":"max-image-preview:large","max-video-preview":"max-video-preview:-1"},"canonical":"https:\/\/www.sosunc.org.ar\/web\/?p=2542","og_locale":"es_ES","og_type":"article","og_title":"Enero a pleno en el Camping SOSUNC - SOSUNC","og_description":"Desde el inicio de la temporada 2022,&nbsp; medio millar de familias campistas nos eligieron para una estad\u00eda en contacto con la naturaleza junto a la playa de Las Grutas. Fue un enero a pleno,&nbsp; en un predio con mucha sombra, parrillas, un sal\u00f3n con servicio de Buffet, cobertura de WiFi y duchas con agua caliente. [&hellip;]","og_url":"https:\/\/www.sosunc.org.ar\/web\/?p=2542","og_site_name":"SOSUNC","article_publisher":"https:\/\/www.facebook.com\/sosunc.unco","article_author":"https:\/\/www.facebook.com\/sosunc.unco","article_published_time":"2022-01-18T16:51:22+00:00","article_modified_time":"2022-01-18T19:43:45+00:00","og_image":[{"width":1000,"height":653,"url":"https:\/\/192.9.200.18\/wordpress\/wp-content\/uploads\/2022\/01\/temporada-2022-2-e1642535011283.png","type":"image\/png"}],"author":"Comunicaci\u00f3n SOSUNC","twitter_card":"summary_large_image","twitter_misc":{"Escrito por":"Comunicaci\u00f3n SOSUNC","Tiempo de lectura":"1 minuto"},"schema":{"@context":"https:\/\/schema.org","@graph":[{"@type":"Article","@id":"https:\/\/www.sosunc.org.ar\/web\/?p=2542#article","isPartOf":{"@id":"https:\/\/www.sosunc.org.ar\/web\/?p=2542"},"author":{"name":"Comunicaci\u00f3n SOSUNC","@id":"https:\/\/www.sosunc.org.ar\/web\/#\/schema\/person\/cb1a199a4e9d3cd4d50fe973caac0985"},"headline":"Enero a pleno en el Camping SOSUNC","datePublished":"2022-01-18T16:51:22+00:00","dateModified":"2022-01-18T19:43:45+00:00","mainEntityOfPage":{"@id":"https:\/\/www.sosunc.org.ar\/web\/?p=2542"},"wordCount":168,"commentCount":0,"publisher":{"@id":"https:\/\/www.sosunc.org.ar\/web\/#organization"},"image":{"@id":"https:\/\/www.sosunc.org.ar\/web\/?p=2542#primaryimage"},"thumbnailUrl":"https:\/\/192.9.200.18\/wordpress\/wp-content\/uploads\/2022\/01\/temporada-2022-2-e1642535011283.png","articleSection":["novedades-sosunc"],"inLanguage":"es-AR","potentialAction":[{"@type":"CommentAction","name":"Comment","target":["https:\/\/www.sosunc.org.ar\/web\/?p=2542#respond"]}]},{"@type":"WebPage","@id":"https:\/\/www.sosunc.org.ar\/web\/?p=2542","url":"https:\/\/www.sosunc.org.ar\/web\/?p=2542","name":"Enero a pleno en el Camping SOSUNC - SOSUNC","isPartOf":{"@id":"https:\/\/www.sosunc.org.ar\/web\/#website"},"primaryImageOfPage":{"@id":"https:\/\/www.sosunc.org.ar\/web\/?p=2542#primaryimage"},"image":{"@id":"https:\/\/www.sosunc.org.ar\/web\/?p=2542#primaryimage"},"thumbnailUrl":"https:\/\/192.9.200.18\/wordpress\/wp-content\/uploads\/2022\/01\/temporada-2022-2-e1642535011283.png","datePublished":"2022-01-18T16:51:22+00:00","dateModified":"2022-01-18T19:43:45+00:00","breadcrumb":{"@id":"https:\/\/www.sosunc.org.ar\/web\/?p=2542#breadcrumb"},"inLanguage":"es-AR","potentialAction":[{"@type":"ReadAction","target":["https:\/\/www.sosunc.org.ar\/web\/?p=2542"]}]},{"@type":"ImageObject","inLanguage":"es-AR","@id":"https:\/\/www.sosunc.org.ar\/web\/?p=2542#primaryimage","url":"https:\/\/192.9.200.18\/wordpress\/wp-content\/uploads\/2022\/01\/temporada-2022-2-e1642535011283.png","contentUrl":"https:\/\/192.9.200.18\/wordpress\/wp-content\/uploads\/2022\/01\/temporada-2022-2-e1642535011283.png","width":1000,"height":653},{"@type":"BreadcrumbList","@id":"https:\/\/www.sosunc.org.ar\/web\/?p=2542#breadcrumb","itemListElement":[{"@type":"ListItem","position":1,"name":"Inicio","item":"https:\/\/www.sosunc.org.ar\/web\/"},{"@type":"ListItem","position":2,"name":"Enero a pleno en el Camping SOSUNC"}]},{"@type":"WebSite","@id":"https:\/\/www.sosunc.org.ar\/web\/#website","url":"https:\/\/www.sosunc.org.ar\/web\/","name":"SOSUNC","description":"Servicio de Obra Social de la Universidad Nacional del Comahue","publisher":{"@id":"https:\/\/www.sosunc.org.ar\/web\/#organization"},"potentialAction":[{"@type":"SearchAction","target":{"@type":"EntryPoint","urlTemplate":"https:\/\/www.sosunc.org.ar\/web\/?s={search_term_string}"},"query-input":{"@type":"PropertyValueSpecification","valueRequired":true,"valueName":"search_term_string"}}],"inLanguage":"es-AR"},{"@type":"Organization","@id":"https:\/\/www.sosunc.org.ar\/web\/#organization","name":"Servicio de Obra Social Universidad Nacional del Comahue","url":"https:\/\/www.sosunc.org.ar\/web\/","logo":{"@type":"ImageObject","inLanguage":"es-AR","@id":"https:\/\/www.sosunc.org.ar\/web\/#\/schema\/logo\/image\/","url":"https:\/\/192.9.200.18\/wordpress\/wp-content\/uploads\/2022\/06\/logososunc.png","contentUrl":"https:\/\/192.9.200.18\/wordpress\/wp-content\/uploads\/2022\/06\/logososunc.png","width":333,"height":333,"caption":"Servicio de Obra Social Universidad Nacional del Comahue"},"image":{"@id":"https:\/\/www.sosunc.org.ar\/web\/#\/schema\/logo\/image\/"},"sameAs":["https:\/\/www.facebook.com\/sosunc.unco"]},{"@type":"Person","@id":"https:\/\/www.sosunc.org.ar\/web\/#\/schema\/person\/cb1a199a4e9d3cd4d50fe973caac0985","name":"Comunicaci\u00f3n SOSUNC","image":{"@type":"ImageObject","inLanguage":"es-AR","@id":"https:\/\/www.sosunc.org.ar\/web\/#\/schema\/person\/image\/","url":"https:\/\/secure.gravatar.com\/avatar\/4287850329e836b922e780de7b869301223afe7f2dc5f72c6b1f8d017d1b050b?s=96&d=mm&r=g","contentUrl":"https:\/\/secure.gravatar.com\/avatar\/4287850329e836b922e780de7b869301223afe7f2dc5f72c6b1f8d017d1b050b?s=96&d=mm&r=g","caption":"Comunicaci\u00f3n SOSUNC"},"sameAs":["https:\/\/www.facebook.com\/sosunc.unco","https:\/\/www.instagram.com\/sosunc.unco\/"],"url":"https:\/\/www.sosunc.org.ar\/web\/?author=3"}]}},"_links":{"self":[{"href":"https:\/\/www.sosunc.org.ar\/web\/index.php?rest_route=\/wp\/v2\/posts\/2542","targetHints":{"allow":["GET"]}}],"collection":[{"href":"https:\/\/www.sosunc.org.ar\/web\/index.php?rest_route=\/wp\/v2\/posts"}],"about":[{"href":"https:\/\/www.sosunc.org.ar\/web\/index.php?rest_route=\/wp\/v2\/types\/post"}],"author":[{"embeddable":true,"href":"https:\/\/www.sosunc.org.ar\/web\/index.php?rest_route=\/wp\/v2\/users\/3"}],"replies":[{"embeddable":true,"href":"https:\/\/www.sosunc.org.ar\/web\/index.php?rest_route=%2Fwp%2Fv2%2Fcomments&post=2542"}],"version-history":[{"count":3,"href":"https:\/\/www.sosunc.org.ar\/web\/index.php?rest_route=\/wp\/v2\/posts\/2542\/revisions"}],"predecessor-version":[{"id":2548,"href":"https:\/\/www.sosunc.org.ar\/web\/index.php?rest_route=\/wp\/v2\/posts\/2542\/revisions\/2548"}],"wp:featuredmedia":[{"embeddable":true,"href":"https:\/\/www.sosunc.org.ar\/web\/index.php?rest_route=\/wp\/v2\/media\/2550"}],"wp:attachment":[{"href":"https:\/\/www.sosunc.org.ar\/web\/index.php?rest_route=%2Fwp%2Fv2%2Fmedia&parent=2542"}],"wp:term":[{"taxonomy":"category","embeddable":true,"href":"https:\/\/www.sosunc.org.ar\/web\/index.php?rest_route=%2Fwp%2Fv2%2Fcategories&post=2542"},{"taxonomy":"post_tag","embeddable":true,"href":"https:\/\/www.sosunc.org.ar\/web\/index.php?rest_route=%2Fwp%2Fv2%2Ftags&post=2542"}],"curies":[{"name":"wp","href":"https:\/\/api.w.org\/{rel}","templated":true}]}}