{"id":1596,"date":"2021-04-05T14:12:15","date_gmt":"2021-04-05T17:12:15","guid":{"rendered":"http:\/\/192.9.200.18\/wordpress\/?p=1596"},"modified":"2021-04-05T14:12:16","modified_gmt":"2021-04-05T17:12:16","slug":"mes-de-la-actividad-fisica","status":"publish","type":"post","link":"https:\/\/www.sosunc.org.ar\/web\/?p=1596","title":{"rendered":"Mes de la actividad f\u00edsica"},"content":{"rendered":"\n<p>El 6 se abril se celebra el D\u00eda Mundial de la Actividad F\u00edsica con el prop\u00f3sito de sensibilizar a la poblaci\u00f3n y a las organizaciones sociales sobre la epidemia de sedentarismo del mundo actual y la importancia de una vida activa para mejorar la salud y prevenir las enfermedades cr\u00f3nicas no transmisibles. En SOSUNC queremos incentivar a ponernos en movimiento durante todo el mes, compartiendo estrategias y pr\u00e1cticas efectivas para la promoci\u00f3n de una mejor calidad de vida.<\/p>\n\n\n\n<p><br>Muchos pensamos que una actividad f\u00edsica es necesariamente el desarrollo de una actividad deportiva de moderada o elevada intensidad, pero esto no es cierto. Una actividad f\u00edsica es cualquier movimiento corporal que genere actividad en los m\u00fasculos y conlleve el consumo de energ\u00eda. Su intensidad depender\u00e1 de cada persona. Actividad f\u00edsica son todos los movimientos que forman parte de la vida diaria, incluyendo el trabajo, la recreaci\u00f3n, el ejercicio y las actividades deportivas.<\/p>\n\n\n\n<p><br>Se recomienda, a todas las personas de todas las edades, 30 minutos de actividad f\u00edsica diaria para preservar la salud f\u00edsica y mental.<\/p>\n\n\n\n<p><br><strong>Beneficios de la actividad f\u00edsica<\/strong><br>La salud no es solo la ausencia de enfermedad. Salud es encontrarse bien, lo mejor posible, y eso incluye aspectos f\u00edsicos, psicol\u00f3gicos y sociales.<br><br>La actividad f\u00edsica es esencial para el mantenimiento y mejora de la salud y la prevenci\u00f3n de las enfermedades. La actividad f\u00edsica contribuye a la prolongaci\u00f3n de la vida y a mejorar su calidad.<br><br><strong>Beneficios fisiol\u00f3gicos<\/strong><br>-La actividad f\u00edsica reduce el riesgo de padecer: Enfermedades cardiovasculares, tensi\u00f3n arterial alta, c\u00e1ncer de colon y diabetes.<br>-Ayuda a controlar el sobrepeso, la obesidad y el porcentaje de grasa corporal.<br>-Fortalece los huesos, aumentando la densidad \u00f3sea.<br>-Fortalece los m\u00fasculos y mejora la capacidad para hacer esfuerzos sin fatiga (forma f\u00edsica).<\/p>\n\n\n\n<p><br><strong>Beneficios psicol\u00f3gicos<\/strong><br>La actividad f\u00edsica mejora el estado de \u00e1nimo y disminuye el riesgo de padecer estr\u00e9s, ansiedad y depresi\u00f3n; aumenta la autoestima y proporciona bienestar psicol\u00f3gico.<br><br><strong>Beneficios sociales<\/strong><br>-Fomenta la sociabilidad.<br>-Aumenta la autonom\u00eda y la integraci\u00f3n social, estos beneficios son especialmente importantes en el caso de discapacitaci\u00f3n f\u00edsica o ps\u00edquica.<br>-Beneficios adicionales en la infancia y adolescencia<br><br><strong>Los beneficios comprobados en estas etapas son:<\/strong><br>-La contribuci\u00f3n al desarrollo integral de la persona.<br>-El control del sobrepeso y la obesidad. En esta etapa, el control de la obesidad es muy importante para prevenir la obesidad adulta.<br>-Mayor mineralizaci\u00f3n de los huesos y disminuci\u00f3n del riesgo de padecer osteoporosis en la vida adulta.<br>-Mejor maduraci\u00f3n del sistema nervioso motor y aumento de las destrezas motrices.<br>-Mejor rendimiento escolar y sociabilidad.<\/p>\n\n\n\n<p><strong>Componentes de la actividad f\u00edsica<\/strong><br>La actividad f\u00edsica tiene muchos componentes, los m\u00e1s relacionados con la salud son: La resistencia cardiorrespiratoria, la flexibilidad, la fuerza y la resistencia muscular. La coordinaci\u00f3n es un componente importante en la infancia.<\/p>\n","protected":false},"excerpt":{"rendered":"<p>El 6 se abril se celebra el D\u00eda Mundial de la Actividad F\u00edsica con el prop\u00f3sito de sensibilizar a la poblaci\u00f3n y a las organizaciones sociales sobre la epidemia de sedentarismo del mundo actual y la importancia de una vida activa para mejorar la salud y prevenir las enfermedades cr\u00f3nicas no transmisibles. En SOSUNC queremos [&hellip;]<\/p>\n","protected":false},"author":1,"featured_media":1597,"comment_status":"open","ping_status":"open","sticky":true,"template":"","format":"standard","meta":{"_coblocks_attr":"","_coblocks_dimensions":"","_coblocks_responsive_height":"","_coblocks_accordion_ie_support":"","footnotes":""},"categories":[22],"tags":[],"class_list":["post-1596","post","type-post","status-publish","format-standard","has-post-thumbnail","hentry","category-novedades-sosunc"],"yoast_head":"<!-- This site is optimized with the Yoast SEO plugin v26.5 - https:\/\/yoast.com\/wordpress\/plugins\/seo\/ -->\n<title>Mes de la actividad f\u00edsica - SOSUNC<\/title>\n<meta name=\"robots\" content=\"index, follow, max-snippet:-1, max-image-preview:large, max-video-preview:-1\" \/>\n<link rel=\"canonical\" href=\"https:\/\/www.sosunc.org.ar\/web\/?p=1596\" \/>\n<meta property=\"og:locale\" content=\"es_ES\" \/>\n<meta property=\"og:type\" content=\"article\" \/>\n<meta property=\"og:title\" content=\"Mes de la actividad f\u00edsica - SOSUNC\" \/>\n<meta property=\"og:description\" content=\"El 6 se abril se celebra el D\u00eda Mundial de la Actividad F\u00edsica con el prop\u00f3sito de sensibilizar a la poblaci\u00f3n y a las organizaciones sociales sobre la epidemia de sedentarismo del mundo actual y la importancia de una vida activa para mejorar la salud y prevenir las enfermedades cr\u00f3nicas no transmisibles. En SOSUNC queremos [&hellip;]\" \/>\n<meta property=\"og:url\" content=\"https:\/\/www.sosunc.org.ar\/web\/?p=1596\" \/>\n<meta property=\"og:site_name\" content=\"SOSUNC\" \/>\n<meta property=\"article:publisher\" content=\"https:\/\/www.facebook.com\/sosunc.unco\" \/>\n<meta property=\"article:published_time\" content=\"2021-04-05T17:12:15+00:00\" \/>\n<meta property=\"article:modified_time\" content=\"2021-04-05T17:12:16+00:00\" \/>\n<meta property=\"og:image\" content=\"https:\/\/192.9.200.18\/wordpress\/wp-content\/uploads\/2021\/04\/flyer-mes-educacion-fisica.jpg\" \/>\n\t<meta property=\"og:image:width\" content=\"1456\" \/>\n\t<meta property=\"og:image:height\" content=\"1190\" \/>\n\t<meta property=\"og:image:type\" content=\"image\/jpeg\" \/>\n<meta name=\"author\" content=\"SOSUNC\" \/>\n<meta name=\"twitter:card\" content=\"summary_large_image\" \/>\n<meta name=\"twitter:label1\" content=\"Escrito por\" \/>\n\t<meta name=\"twitter:data1\" content=\"SOSUNC\" \/>\n\t<meta name=\"twitter:label2\" content=\"Tiempo de lectura\" \/>\n\t<meta name=\"twitter:data2\" content=\"2 minutos\" \/>\n<script type=\"application\/ld+json\" class=\"yoast-schema-graph\">{\"@context\":\"https:\/\/schema.org\",\"@graph\":[{\"@type\":\"Article\",\"@id\":\"https:\/\/www.sosunc.org.ar\/web\/?p=1596#article\",\"isPartOf\":{\"@id\":\"https:\/\/www.sosunc.org.ar\/web\/?p=1596\"},\"author\":{\"name\":\"SOSUNC\",\"@id\":\"https:\/\/www.sosunc.org.ar\/web\/#\/schema\/person\/33150652e658a64f85c2158704a964a0\"},\"headline\":\"Mes de la actividad f\u00edsica\",\"datePublished\":\"2021-04-05T17:12:15+00:00\",\"dateModified\":\"2021-04-05T17:12:16+00:00\",\"mainEntityOfPage\":{\"@id\":\"https:\/\/www.sosunc.org.ar\/web\/?p=1596\"},\"wordCount\":509,\"commentCount\":0,\"publisher\":{\"@id\":\"https:\/\/www.sosunc.org.ar\/web\/#organization\"},\"image\":{\"@id\":\"https:\/\/www.sosunc.org.ar\/web\/?p=1596#primaryimage\"},\"thumbnailUrl\":\"https:\/\/192.9.200.18\/wordpress\/wp-content\/uploads\/2021\/04\/flyer-mes-educacion-fisica.jpg\",\"articleSection\":[\"novedades-sosunc\"],\"inLanguage\":\"es-AR\",\"potentialAction\":[{\"@type\":\"CommentAction\",\"name\":\"Comment\",\"target\":[\"https:\/\/www.sosunc.org.ar\/web\/?p=1596#respond\"]}]},{\"@type\":\"WebPage\",\"@id\":\"https:\/\/www.sosunc.org.ar\/web\/?p=1596\",\"url\":\"https:\/\/www.sosunc.org.ar\/web\/?p=1596\",\"name\":\"Mes de la actividad f\u00edsica - SOSUNC\",\"isPartOf\":{\"@id\":\"https:\/\/www.sosunc.org.ar\/web\/#website\"},\"primaryImageOfPage\":{\"@id\":\"https:\/\/www.sosunc.org.ar\/web\/?p=1596#primaryimage\"},\"image\":{\"@id\":\"https:\/\/www.sosunc.org.ar\/web\/?p=1596#primaryimage\"},\"thumbnailUrl\":\"https:\/\/192.9.200.18\/wordpress\/wp-content\/uploads\/2021\/04\/flyer-mes-educacion-fisica.jpg\",\"datePublished\":\"2021-04-05T17:12:15+00:00\",\"dateModified\":\"2021-04-05T17:12:16+00:00\",\"breadcrumb\":{\"@id\":\"https:\/\/www.sosunc.org.ar\/web\/?p=1596#breadcrumb\"},\"inLanguage\":\"es-AR\",\"potentialAction\":[{\"@type\":\"ReadAction\",\"target\":[\"https:\/\/www.sosunc.org.ar\/web\/?p=1596\"]}]},{\"@type\":\"ImageObject\",\"inLanguage\":\"es-AR\",\"@id\":\"https:\/\/www.sosunc.org.ar\/web\/?p=1596#primaryimage\",\"url\":\"https:\/\/192.9.200.18\/wordpress\/wp-content\/uploads\/2021\/04\/flyer-mes-educacion-fisica.jpg\",\"contentUrl\":\"https:\/\/192.9.200.18\/wordpress\/wp-content\/uploads\/2021\/04\/flyer-mes-educacion-fisica.jpg\",\"width\":1456,\"height\":1190},{\"@type\":\"BreadcrumbList\",\"@id\":\"https:\/\/www.sosunc.org.ar\/web\/?p=1596#breadcrumb\",\"itemListElement\":[{\"@type\":\"ListItem\",\"position\":1,\"name\":\"Inicio\",\"item\":\"https:\/\/www.sosunc.org.ar\/web\/\"},{\"@type\":\"ListItem\",\"position\":2,\"name\":\"Mes de la actividad f\u00edsica\"}]},{\"@type\":\"WebSite\",\"@id\":\"https:\/\/www.sosunc.org.ar\/web\/#website\",\"url\":\"https:\/\/www.sosunc.org.ar\/web\/\",\"name\":\"SOSUNC\",\"description\":\"Servicio de Obra Social de la Universidad Nacional del Comahue\",\"publisher\":{\"@id\":\"https:\/\/www.sosunc.org.ar\/web\/#organization\"},\"potentialAction\":[{\"@type\":\"SearchAction\",\"target\":{\"@type\":\"EntryPoint\",\"urlTemplate\":\"https:\/\/www.sosunc.org.ar\/web\/?s={search_term_string}\"},\"query-input\":{\"@type\":\"PropertyValueSpecification\",\"valueRequired\":true,\"valueName\":\"search_term_string\"}}],\"inLanguage\":\"es-AR\"},{\"@type\":\"Organization\",\"@id\":\"https:\/\/www.sosunc.org.ar\/web\/#organization\",\"name\":\"Servicio de Obra Social Universidad Nacional del Comahue\",\"url\":\"https:\/\/www.sosunc.org.ar\/web\/\",\"logo\":{\"@type\":\"ImageObject\",\"inLanguage\":\"es-AR\",\"@id\":\"https:\/\/www.sosunc.org.ar\/web\/#\/schema\/logo\/image\/\",\"url\":\"https:\/\/192.9.200.18\/wordpress\/wp-content\/uploads\/2022\/06\/logososunc.png\",\"contentUrl\":\"https:\/\/192.9.200.18\/wordpress\/wp-content\/uploads\/2022\/06\/logososunc.png\",\"width\":333,\"height\":333,\"caption\":\"Servicio de Obra Social Universidad Nacional del Comahue\"},\"image\":{\"@id\":\"https:\/\/www.sosunc.org.ar\/web\/#\/schema\/logo\/image\/\"},\"sameAs\":[\"https:\/\/www.facebook.com\/sosunc.unco\"]},{\"@type\":\"Person\",\"@id\":\"https:\/\/www.sosunc.org.ar\/web\/#\/schema\/person\/33150652e658a64f85c2158704a964a0\",\"name\":\"SOSUNC\",\"image\":{\"@type\":\"ImageObject\",\"inLanguage\":\"es-AR\",\"@id\":\"https:\/\/www.sosunc.org.ar\/web\/#\/schema\/person\/image\/\",\"url\":\"https:\/\/secure.gravatar.com\/avatar\/b3a0beb2bffa456c30fac3163d0af1bf7fb900eec6546e50f4e4e5270717d977?s=96&d=mm&r=g\",\"contentUrl\":\"https:\/\/secure.gravatar.com\/avatar\/b3a0beb2bffa456c30fac3163d0af1bf7fb900eec6546e50f4e4e5270717d977?s=96&d=mm&r=g\",\"caption\":\"SOSUNC\"},\"url\":\"https:\/\/www.sosunc.org.ar\/web\/?author=1\"}]}<\/script>\n<!-- \/ Yoast SEO plugin. -->","yoast_head_json":{"title":"Mes de la actividad f\u00edsica - SOSUNC","robots":{"index":"index","follow":"follow","max-snippet":"max-snippet:-1","max-image-preview":"max-image-preview:large","max-video-preview":"max-video-preview:-1"},"canonical":"https:\/\/www.sosunc.org.ar\/web\/?p=1596","og_locale":"es_ES","og_type":"article","og_title":"Mes de la actividad f\u00edsica - SOSUNC","og_description":"El 6 se abril se celebra el D\u00eda Mundial de la Actividad F\u00edsica con el prop\u00f3sito de sensibilizar a la poblaci\u00f3n y a las organizaciones sociales sobre la epidemia de sedentarismo del mundo actual y la importancia de una vida activa para mejorar la salud y prevenir las enfermedades cr\u00f3nicas no transmisibles. En SOSUNC queremos [&hellip;]","og_url":"https:\/\/www.sosunc.org.ar\/web\/?p=1596","og_site_name":"SOSUNC","article_publisher":"https:\/\/www.facebook.com\/sosunc.unco","article_published_time":"2021-04-05T17:12:15+00:00","article_modified_time":"2021-04-05T17:12:16+00:00","og_image":[{"width":1456,"height":1190,"url":"https:\/\/192.9.200.18\/wordpress\/wp-content\/uploads\/2021\/04\/flyer-mes-educacion-fisica.jpg","type":"image\/jpeg"}],"author":"SOSUNC","twitter_card":"summary_large_image","twitter_misc":{"Escrito por":"SOSUNC","Tiempo de lectura":"2 minutos"},"schema":{"@context":"https:\/\/schema.org","@graph":[{"@type":"Article","@id":"https:\/\/www.sosunc.org.ar\/web\/?p=1596#article","isPartOf":{"@id":"https:\/\/www.sosunc.org.ar\/web\/?p=1596"},"author":{"name":"SOSUNC","@id":"https:\/\/www.sosunc.org.ar\/web\/#\/schema\/person\/33150652e658a64f85c2158704a964a0"},"headline":"Mes de la actividad f\u00edsica","datePublished":"2021-04-05T17:12:15+00:00","dateModified":"2021-04-05T17:12:16+00:00","mainEntityOfPage":{"@id":"https:\/\/www.sosunc.org.ar\/web\/?p=1596"},"wordCount":509,"commentCount":0,"publisher":{"@id":"https:\/\/www.sosunc.org.ar\/web\/#organization"},"image":{"@id":"https:\/\/www.sosunc.org.ar\/web\/?p=1596#primaryimage"},"thumbnailUrl":"https:\/\/192.9.200.18\/wordpress\/wp-content\/uploads\/2021\/04\/flyer-mes-educacion-fisica.jpg","articleSection":["novedades-sosunc"],"inLanguage":"es-AR","potentialAction":[{"@type":"CommentAction","name":"Comment","target":["https:\/\/www.sosunc.org.ar\/web\/?p=1596#respond"]}]},{"@type":"WebPage","@id":"https:\/\/www.sosunc.org.ar\/web\/?p=1596","url":"https:\/\/www.sosunc.org.ar\/web\/?p=1596","name":"Mes de la actividad f\u00edsica - SOSUNC","isPartOf":{"@id":"https:\/\/www.sosunc.org.ar\/web\/#website"},"primaryImageOfPage":{"@id":"https:\/\/www.sosunc.org.ar\/web\/?p=1596#primaryimage"},"image":{"@id":"https:\/\/www.sosunc.org.ar\/web\/?p=1596#primaryimage"},"thumbnailUrl":"https:\/\/192.9.200.18\/wordpress\/wp-content\/uploads\/2021\/04\/flyer-mes-educacion-fisica.jpg","datePublished":"2021-04-05T17:12:15+00:00","dateModified":"2021-04-05T17:12:16+00:00","breadcrumb":{"@id":"https:\/\/www.sosunc.org.ar\/web\/?p=1596#breadcrumb"},"inLanguage":"es-AR","potentialAction":[{"@type":"ReadAction","target":["https:\/\/www.sosunc.org.ar\/web\/?p=1596"]}]},{"@type":"ImageObject","inLanguage":"es-AR","@id":"https:\/\/www.sosunc.org.ar\/web\/?p=1596#primaryimage","url":"https:\/\/192.9.200.18\/wordpress\/wp-content\/uploads\/2021\/04\/flyer-mes-educacion-fisica.jpg","contentUrl":"https:\/\/192.9.200.18\/wordpress\/wp-content\/uploads\/2021\/04\/flyer-mes-educacion-fisica.jpg","width":1456,"height":1190},{"@type":"BreadcrumbList","@id":"https:\/\/www.sosunc.org.ar\/web\/?p=1596#breadcrumb","itemListElement":[{"@type":"ListItem","position":1,"name":"Inicio","item":"https:\/\/www.sosunc.org.ar\/web\/"},{"@type":"ListItem","position":2,"name":"Mes de la actividad f\u00edsica"}]},{"@type":"WebSite","@id":"https:\/\/www.sosunc.org.ar\/web\/#website","url":"https:\/\/www.sosunc.org.ar\/web\/","name":"SOSUNC","description":"Servicio de Obra Social de la Universidad Nacional del Comahue","publisher":{"@id":"https:\/\/www.sosunc.org.ar\/web\/#organization"},"potentialAction":[{"@type":"SearchAction","target":{"@type":"EntryPoint","urlTemplate":"https:\/\/www.sosunc.org.ar\/web\/?s={search_term_string}"},"query-input":{"@type":"PropertyValueSpecification","valueRequired":true,"valueName":"search_term_string"}}],"inLanguage":"es-AR"},{"@type":"Organization","@id":"https:\/\/www.sosunc.org.ar\/web\/#organization","name":"Servicio de Obra Social Universidad Nacional del Comahue","url":"https:\/\/www.sosunc.org.ar\/web\/","logo":{"@type":"ImageObject","inLanguage":"es-AR","@id":"https:\/\/www.sosunc.org.ar\/web\/#\/schema\/logo\/image\/","url":"https:\/\/192.9.200.18\/wordpress\/wp-content\/uploads\/2022\/06\/logososunc.png","contentUrl":"https:\/\/192.9.200.18\/wordpress\/wp-content\/uploads\/2022\/06\/logososunc.png","width":333,"height":333,"caption":"Servicio de Obra Social Universidad Nacional del Comahue"},"image":{"@id":"https:\/\/www.sosunc.org.ar\/web\/#\/schema\/logo\/image\/"},"sameAs":["https:\/\/www.facebook.com\/sosunc.unco"]},{"@type":"Person","@id":"https:\/\/www.sosunc.org.ar\/web\/#\/schema\/person\/33150652e658a64f85c2158704a964a0","name":"SOSUNC","image":{"@type":"ImageObject","inLanguage":"es-AR","@id":"https:\/\/www.sosunc.org.ar\/web\/#\/schema\/person\/image\/","url":"https:\/\/secure.gravatar.com\/avatar\/b3a0beb2bffa456c30fac3163d0af1bf7fb900eec6546e50f4e4e5270717d977?s=96&d=mm&r=g","contentUrl":"https:\/\/secure.gravatar.com\/avatar\/b3a0beb2bffa456c30fac3163d0af1bf7fb900eec6546e50f4e4e5270717d977?s=96&d=mm&r=g","caption":"SOSUNC"},"url":"https:\/\/www.sosunc.org.ar\/web\/?author=1"}]}},"_links":{"self":[{"href":"https:\/\/www.sosunc.org.ar\/web\/index.php?rest_route=\/wp\/v2\/posts\/1596","targetHints":{"allow":["GET"]}}],"collection":[{"href":"https:\/\/www.sosunc.org.ar\/web\/index.php?rest_route=\/wp\/v2\/posts"}],"about":[{"href":"https:\/\/www.sosunc.org.ar\/web\/index.php?rest_route=\/wp\/v2\/types\/post"}],"author":[{"embeddable":true,"href":"https:\/\/www.sosunc.org.ar\/web\/index.php?rest_route=\/wp\/v2\/users\/1"}],"replies":[{"embeddable":true,"href":"https:\/\/www.sosunc.org.ar\/web\/index.php?rest_route=%2Fwp%2Fv2%2Fcomments&post=1596"}],"version-history":[{"count":1,"href":"https:\/\/www.sosunc.org.ar\/web\/index.php?rest_route=\/wp\/v2\/posts\/1596\/revisions"}],"predecessor-version":[{"id":1598,"href":"https:\/\/www.sosunc.org.ar\/web\/index.php?rest_route=\/wp\/v2\/posts\/1596\/revisions\/1598"}],"wp:featuredmedia":[{"embeddable":true,"href":"https:\/\/www.sosunc.org.ar\/web\/index.php?rest_route=\/wp\/v2\/media\/1597"}],"wp:attachment":[{"href":"https:\/\/www.sosunc.org.ar\/web\/index.php?rest_route=%2Fwp%2Fv2%2Fmedia&parent=1596"}],"wp:term":[{"taxonomy":"category","embeddable":true,"href":"https:\/\/www.sosunc.org.ar\/web\/index.php?rest_route=%2Fwp%2Fv2%2Fcategories&post=1596"},{"taxonomy":"post_tag","embeddable":true,"href":"https:\/\/www.sosunc.org.ar\/web\/index.php?rest_route=%2Fwp%2Fv2%2Ftags&post=1596"}],"curies":[{"name":"wp","href":"https:\/\/api.w.org\/{rel}","templated":true}]}}